{"id":11373,"date":"2025-12-01T04:25:00","date_gmt":"2025-12-01T07:25:00","guid":{"rendered":"https:\/\/noticiasregionais.com.br\/?p=11373"},"modified":"2025-12-01T04:25:00","modified_gmt":"2025-12-01T07:25:00","slug":"aposentadoria-especial-para-agentes-de-saude-avanca-mas-preocupa-prefeituras","status":"publish","type":"post","link":"https:\/\/noticiasregionais.com.br\/?p=11373","title":{"rendered":"Aposentadoria especial para agentes de sa\u00fade avan\u00e7a, mas preocupa prefeituras"},"content":{"rendered":"<p>\t\t\t\t\t\t\t\t\t\t\t<audio controls class=\"b61_audio_player\" data-noticia=\"86095\" src=\"https:\/\/brasil61.com\/rails\/active_storage\/blobs\/eyJfcmFpbHMiOnsibWVzc2FnZSI6IkJBaHBBenZIQXc9PSIsImV4cCI6bnVsbCwicHVyIjoiYmxvYl9pZCJ9fQ==--fe22065732645fa1110f55c9bf7abf263352bc29\/BRAS2515224A\"><\/audio><\/p>\n<p>A <strong>aposentadoria especial <\/strong>para<strong> agentes comunit\u00e1rios de sa\u00fade (ACS) <\/strong>e <strong>agentes de combate a endemias (ACE)<\/strong>, aprovada esta semana pelo <strong><a href=\"https:\/\/www25.senado.leg.br\/web\/atividade\/materias\/-\/materia\/166054\" target=\"_blank\" rel=\"noopener\">PLP 185\/2024<\/a><\/strong>, gerou controv\u00e9rsia entre Congresso Nacional e a Confedera\u00e7\u00e3o Nacional de Munic\u00edpios (<a href=\"https:\/\/cnm.org.br\/\" target=\"_blank\" rel=\"noopener\">CNM<\/a>). O \u00f3rg\u00e3o alertou que o projeto\u00a0ter\u00e1 grande impacto financeiro para os munic\u00edpios brasileiros.<\/p>\n<p><a href=\"https:\/\/brasil61.com\/n\/aposentadoria-especial-para-agentes-de-saude-o-que-muda-e-quem-tem-direito-bras2515218\" target=\"_blank\" rel=\"noopener\">Veja mais sobre o projeto, que foi aprovado por unanimidade<\/a><\/p>\n<p>A CNM estima que os munic\u00edpios podem ter um <strong>aumento de R$ 103 bilh\u00f5es no d\u00e9ficit<\/strong>, somando-se a uma d\u00edvida que j\u00e1 passa de<strong> R$ 1,1 trilh\u00e3o<\/strong>. Em nota, a CNM reconhece a relev\u00e2ncia dos profissionais, entretanto, o <strong>projeto n\u00e3o apresenta mecanismos de compensa\u00e7\u00e3o financeira<\/strong> <strong>aos munic\u00edpios<\/strong> e transfere integralmente o \u00f4nus de benef\u00edcios exclusivos a uma \u00fanica categoria.<\/p>\n<h2>A aposentadoria especial<\/h2>\n<p>A regulamenta\u00e7\u00e3o da proposta, comemorada pelos agentes de sa\u00fade, j\u00e1 era <strong>prevista pela Constitui\u00e7\u00e3o de 1988<\/strong>, mas n\u00e3o havia sido detalhada. O projeto reconhece que esses <strong>trabalhadores est\u00e3o expostos diariamente a riscos biol\u00f3gicos, condi\u00e7\u00f5es adversas e deslocamentos constantes<\/strong>, o que justifica regras diferenciadas de aposentadoria. Entre as mudan\u00e7as est\u00e3o:<\/p>\n<ul>\n<li>Aposentadoria mais cedo<\/li>\n<li>Integralidade e paridade de reajustes e benef\u00edcios<\/li>\n<li>Garantia de pens\u00e3o de morte\u00a0<\/li>\n<\/ul>\n<p>As informa\u00e7\u00f5es podem ser consultadas no <a href=\"https:\/\/cnm.org.br\/comunicacao\/noticias\/pautas-com-forte-impacto-nas-financas-dos-municipios-avancam-no-congresso\" target=\"_blank\" rel=\"noopener\">site da Confedera\u00e7\u00e3o Nacional dos Munic\u00edpios (CNM)<\/a>.<\/p>\n<p>\u00a0<\/p>\n<p>\u00a0<\/p>\n<p>\t\t\t\t\t\t\t\t\t\t<img decoding=\"async\" src=\"https:\/\/brasil61.com\/api\/v1\/serve_pixel\/22254\/86095\" alt=\"Pixel Brasil 61\" class=\"b61_pixel\" width=\"0\" height=\"0\"><\/p>\n<div class=\"br61_backlink\">\n<p>\n\t\t\t\tFonte: <a href=\"https:\/\/brasil61.com\/aposentadoria-especial-para-agentes-de-saude-avanca-mas-preocupa-prefeituras-bras2515224\" title=\"Artigo Original: Aposentadoria especial para agentes de sa\u00fade avan\u00e7a, mas preocupa prefeituras\" target=\"_blank\" rel=\"noopener\">Brasil 61<\/a>\n\t\t\t<\/p>\n<\/p><\/div>\n<input type=\"hidden\" id=\"baseurl\" value=\"https:\/\/noticiasregionais.com.br\"><input type=\"hidden\" id=\"audio_nonce\" value=\"5c13e0637f\">","protected":false},"excerpt":{"rendered":"<p>Projeto aprovado pelo Congresso amplia direitos, mas pode pressionar contas municipais, segundo a CNM<\/p>\n","protected":false},"author":1,"featured_media":11374,"comment_status":"","ping_status":"open","sticky":false,"template":"","format":"standard","meta":{"sfsi_plus_gutenberg_text_before_share":"","sfsi_plus_gutenberg_show_text_before_share":"","sfsi_plus_gutenberg_icon_type":"","sfsi_plus_gutenberg_icon_alignemt":"","sfsi_plus_gutenburg_max_per_row":"","footnotes":""},"categories":[8],"tags":[],"class_list":["post-11373","post","type-post","status-publish","format-standard","has-post-thumbnail","hentry","category-brasil"],"_links":{"self":[{"href":"https:\/\/noticiasregionais.com.br\/index.php?rest_route=\/wp\/v2\/posts\/11373","targetHints":{"allow":["GET"]}}],"collection":[{"href":"https:\/\/noticiasregionais.com.br\/index.php?rest_route=\/wp\/v2\/posts"}],"about":[{"href":"https:\/\/noticiasregionais.com.br\/index.php?rest_route=\/wp\/v2\/types\/post"}],"author":[{"embeddable":true,"href":"https:\/\/noticiasregionais.com.br\/index.php?rest_route=\/wp\/v2\/users\/1"}],"replies":[{"embeddable":true,"href":"https:\/\/noticiasregionais.com.br\/index.php?rest_route=%2Fwp%2Fv2%2Fcomments&post=11373"}],"version-history":[{"count":0,"href":"https:\/\/noticiasregionais.com.br\/index.php?rest_route=\/wp\/v2\/posts\/11373\/revisions"}],"wp:featuredmedia":[{"embeddable":true,"href":"https:\/\/noticiasregionais.com.br\/index.php?rest_route=\/wp\/v2\/media\/11374"}],"wp:attachment":[{"href":"https:\/\/noticiasregionais.com.br\/index.php?rest_route=%2Fwp%2Fv2%2Fmedia&parent=11373"}],"wp:term":[{"taxonomy":"category","embeddable":true,"href":"https:\/\/noticiasregionais.com.br\/index.php?rest_route=%2Fwp%2Fv2%2Fcategories&post=11373"},{"taxonomy":"post_tag","embeddable":true,"href":"https:\/\/noticiasregionais.com.br\/index.php?rest_route=%2Fwp%2Fv2%2Ftags&post=11373"}],"curies":[{"name":"wp","href":"https:\/\/api.w.org\/{rel}","templated":true}]}}