{"id":11389,"date":"2025-12-02T04:30:00","date_gmt":"2025-12-02T07:30:00","guid":{"rendered":"https:\/\/noticiasregionais.com.br\/?p=11389"},"modified":"2025-12-02T04:30:00","modified_gmt":"2025-12-02T07:30:00","slug":"domicilio-tributario-eletronico-dte-sera-obrigatorio-a-partir-de-2026-para-todas-as-empresas","status":"publish","type":"post","link":"https:\/\/noticiasregionais.com.br\/?p=11389","title":{"rendered":"Domic\u00edlio Tribut\u00e1rio Eletr\u00f4nico (DTE) ser\u00e1 obrigat\u00f3rio a partir de 2026 para todas as empresas"},"content":{"rendered":"<p>\t\t\t\t\t\t\t\t\t\t\t<audio controls class=\"b61_audio_player\" data-noticia=\"86179\" src=\"https:\/\/brasil61.com\/rails\/active_storage\/blobs\/eyJfcmFpbHMiOnsibWVzc2FnZSI6IkJBaHBBLy9LQXc9PSIsImV4cCI6bnVsbCwicHVyIjoiYmxvYl9pZCJ9fQ==--42466cc0e15df16bedd9e3d31ce6a07a9ccc2b71\/BRAS2515252A\"><\/audio><\/p>\n<p>A partir de 1\u00ba de janeiro de 2026, todas as empresas brasileiras, independentemente do porte ou da regi\u00e3o, dever\u00e3o usar o <strong>Domic\u00edlio Tribut\u00e1rio Eletr\u00f4nico (DTE)<\/strong> como canal exclusivo de comunica\u00e7\u00e3o com a <a href=\"https:\/\/www.gov.br\/receitafederal\/pt-br\" target=\"_blank\" rel=\"noopener\">Receita Federal<\/a>.\u00a0<\/p>\n<\/p>\n<p dir=\"ltr\">Com a mudan\u00e7a, toda notifica\u00e7\u00e3o, intima\u00e7\u00e3o ou aviso fiscal passar\u00e1 a ser enviada eletronicamente pela Caixa Postal do portal e-CAC. A leitura da mensagem ser\u00e1 considerada como ci\u00eancia oficial da comunica\u00e7\u00e3o. Mesmo que a empresa n\u00e3o acesse a Caixa Postal, os prazos legais come\u00e7ar\u00e3o a contar a partir do envio, o que pode gerar penalidades em caso de desaten\u00e7\u00e3o.\u00a0<\/p>\n<h2 dir=\"ltr\">Para se adequar, as empresas devem:<\/h2>\n<ul dir=\"ltr\">\n<li>Acessar regularmente a Caixa Postal no portal e-CAC.<\/li>\n<li>Manter os dados cadastrais atualizados.<\/li>\n<li>Estabelecer uma rotina de verifica\u00e7\u00e3o de mensagens recebidas pela DTE.\u00a0<\/li>\n<\/ul>\n<p dir=\"ltr\">A mudan\u00e7a est\u00e1 respaldada pela Lei Complementar 214\/2025, no \u00e2mbito da reforma tribut\u00e1ria do consumo (RTC), e regulamentada pelo Decreto 70.235\/1972.\u00a0<\/p>\n<p dir=\"ltr\">Empres\u00e1rios e escrit\u00f3rios cont\u00e1beis precisam estar atentos desde j\u00e1 para evitar surpresas, afinal, a omiss\u00e3o no acompanhamento da DTE poder\u00e1 resultar em multas ou outros preju\u00edzos fiscais.<\/p>\n<p dir=\"ltr\">As informa\u00e7\u00f5es s\u00e3o da <a href=\"https:\/\/www.gov.br\/receitafederal\/pt-br\" target=\"_blank\" rel=\"noopener\">Receita Federal<\/a>.<\/p>\n<p>\t\t\t\t\t\t\t\t\t\t<img decoding=\"async\" src=\"https:\/\/brasil61.com\/api\/v1\/serve_pixel\/22254\/86179\" alt=\"Pixel Brasil 61\" class=\"b61_pixel\" width=\"0\" height=\"0\"><\/p>\n<div class=\"br61_backlink\">\n<p>\n\t\t\t\tFonte: <a href=\"https:\/\/brasil61.com\/domicilio-tributario-eletronico-dte-sera-obrigatorio-a-partir-de-2026-para-todas-as-empresas-bras2515252\" title=\"Artigo Original: Domic\u00edlio Tribut\u00e1rio Eletr\u00f4nico (DTE) ser\u00e1 obrigat\u00f3rio a partir de 2026 para todas as empresas\" target=\"_blank\" rel=\"noopener\">Brasil 61<\/a>\n\t\t\t<\/p>\n<\/p><\/div>\n<input type=\"hidden\" id=\"baseurl\" value=\"https:\/\/noticiasregionais.com.br\"><input type=\"hidden\" id=\"audio_nonce\" value=\"296231ceac\">","protected":false},"excerpt":{"rendered":"<p>A partir de 1\u00ba de janeiro de 2026, o Receita Federal exige que todas as empresas utilizem o Domic\u00edlio Tribut\u00e1rio Eletr\u00f4nico (DTE) como canal oficial de comunica\u00e7\u00e3o<\/p>\n","protected":false},"author":1,"featured_media":11390,"comment_status":"","ping_status":"open","sticky":false,"template":"","format":"standard","meta":{"sfsi_plus_gutenberg_text_before_share":"","sfsi_plus_gutenberg_show_text_before_share":"","sfsi_plus_gutenberg_icon_type":"","sfsi_plus_gutenberg_icon_alignemt":"","sfsi_plus_gutenburg_max_per_row":"","footnotes":""},"categories":[8],"tags":[],"class_list":["post-11389","post","type-post","status-publish","format-standard","has-post-thumbnail","hentry","category-brasil"],"_links":{"self":[{"href":"https:\/\/noticiasregionais.com.br\/index.php?rest_route=\/wp\/v2\/posts\/11389","targetHints":{"allow":["GET"]}}],"collection":[{"href":"https:\/\/noticiasregionais.com.br\/index.php?rest_route=\/wp\/v2\/posts"}],"about":[{"href":"https:\/\/noticiasregionais.com.br\/index.php?rest_route=\/wp\/v2\/types\/post"}],"author":[{"embeddable":true,"href":"https:\/\/noticiasregionais.com.br\/index.php?rest_route=\/wp\/v2\/users\/1"}],"replies":[{"embeddable":true,"href":"https:\/\/noticiasregionais.com.br\/index.php?rest_route=%2Fwp%2Fv2%2Fcomments&post=11389"}],"version-history":[{"count":0,"href":"https:\/\/noticiasregionais.com.br\/index.php?rest_route=\/wp\/v2\/posts\/11389\/revisions"}],"wp:featuredmedia":[{"embeddable":true,"href":"https:\/\/noticiasregionais.com.br\/index.php?rest_route=\/wp\/v2\/media\/11390"}],"wp:attachment":[{"href":"https:\/\/noticiasregionais.com.br\/index.php?rest_route=%2Fwp%2Fv2%2Fmedia&parent=11389"}],"wp:term":[{"taxonomy":"category","embeddable":true,"href":"https:\/\/noticiasregionais.com.br\/index.php?rest_route=%2Fwp%2Fv2%2Fcategories&post=11389"},{"taxonomy":"post_tag","embeddable":true,"href":"https:\/\/noticiasregionais.com.br\/index.php?rest_route=%2Fwp%2Fv2%2Ftags&post=11389"}],"curies":[{"name":"wp","href":"https:\/\/api.w.org\/{rel}","templated":true}]}}