{"id":11393,"date":"2025-12-02T04:45:00","date_gmt":"2025-12-02T07:45:00","guid":{"rendered":"https:\/\/noticiasregionais.com.br\/?p=11393"},"modified":"2025-12-03T22:31:49","modified_gmt":"2025-12-04T01:31:49","slug":"estudo-revela-poluicao-por-plastico-em-abrolhos-ba-referencia-da-conservacao-marinha-no-brasil","status":"publish","type":"post","link":"https:\/\/noticiasregionais.com.br\/?p=11393","title":{"rendered":"Estudo revela polui\u00e7\u00e3o por pl\u00e1stico em Abrolhos (BA), refer\u00eancia da conserva\u00e7\u00e3o marinha no Brasil"},"content":{"rendered":"<p>\t\t\t\t\t\t\t\t\t\t<audio controls class=\"b61_audio_player\" data-noticia=\"86175\" src=\"https:\/\/brasil61.com\/rails\/active_storage\/blobs\/eyJfcmFpbHMiOnsibWVzc2FnZSI6IkJBaHBBK3ZLQXc9PSIsImV4cCI6bnVsbCwicHVyIjoiYmxvYl9pZCJ9fQ==--24454b8e88fe7ba3fb81bedd452b4864469352ac\/BRAS2515249A\"><\/audio><\/p>\n<p>No litoral sul da <a href=\"https:\/\/www.ba.gov.br\/\" target=\"_blank\" rel=\"noopener\">Bahia<\/a>, a cerca de 70 km de <a href=\"https:\/\/www.ibge.gov.br\/cidades-e-estados\/ba\/caravelas.html\" target=\"_blank\" rel=\"noopener\">Caravelas<\/a>, est\u00e1 o <strong>Parque Nacional Marinho dos\u00a0Abrolhos<\/strong> (<a href=\"https:\/\/www.gov.br\/icmbio\/pt-br\/assuntos\/biodiversidade\/unidade-de-conservacao\/unidades-de-biomas\/marinho\/lista-de-ucs\/parna-marinho-dos-abrolhos\" target=\"_blank\" rel=\"noopener\">PNMA<\/a>). Criado em abril de 1983, foi o primeiro parque marinho do Brasil e tornou-se um marco na conserva\u00e7\u00e3o dos ecossistemas costeiros. Com aproximadamente 88 mil hectares, o <strong>local protege a regi\u00e3o que abriga a maior biodiversidade marinha do Atl\u00e2ntico Sul<\/strong>.<\/p>\n<p>Apesar da visita\u00e7\u00e3o p\u00fablica controlada e da gest\u00e3o realizada pelo Instituto Chico Mendes de Conserva\u00e7\u00e3o da Biodiversidade (<a href=\"https:\/\/www.gov.br\/icmbio\/pt-br\" target=\"_blank\" rel=\"noopener\">ICMBio<\/a>), o parque n\u00e3o escapou da polui\u00e7\u00e3o por pl\u00e1stico. Um <strong>levantamento recente encontrou micropl\u00e1sticos<\/strong> em bivalves filtradores, como ostras e mexilh\u00f5es, com fibras e fragmentos menores que um mil\u00edmetro, de diferentes cores e composi\u00e7\u00f5es polim\u00e9ricas.<\/p>\n<p>O estudo, conduzido pelo professor \u00cdtalo Braga, do Instituto do Mar da Universidade Federal de S\u00e3o Paulo (<a href=\"https:\/\/unifesp.br\/campus\/san7\/instituto-do-mar\/o-instituto\/apresentacao\" target=\"_blank\" rel=\"noopener\">IMar-Unifesp<\/a>), analisou dez Unidades de Conserva\u00e7\u00e3o (<a href=\"https:\/\/www.gov.br\/mma\/pt-br\/assuntos\/biodiversidade-e-biomas\/areas-protegidas\/categorias-de-ucs\" target=\"_blank\" rel=\"noopener\">UCs<\/a>) de prote\u00e7\u00e3o integral, \u00e1reas remotas e de acesso restrito, e constatou que <strong>todas apresentavam contamina\u00e7\u00e3o pelo material sint\u00e9tico<\/strong>.<\/p>\n<p>Segundo Braga, os <strong>micropl\u00e1sticos chegam a esses locais pelo deslocamento em correntes mar\u00edtimas, mar\u00e9s e ventos<\/strong>, alcan\u00e7ando at\u00e9 regi\u00f5es extremas. \u201cN\u00e3o \u00e9 por acaso que hoje eles se encontram do topo do Everest ao fundo da Fossa das Marianas, a zona mais profunda do oceano\u201d, afirma.<\/p>\n<p>Em Abrolhos, <strong>destaca-se a presen\u00e7a significativa de pol\u00edmeros alqu\u00eddicos<\/strong>, usados em tintas e vernizes de embarca\u00e7\u00f5es. \u201cIsso sugere que parte da contamina\u00e7\u00e3o pode estar relacionada \u00e0 visita\u00e7\u00e3o por barcos, embora n\u00e3o possamos cravar a origem. Tamb\u00e9m identificamos PET, teflon e outros pol\u00edmeros\u201d, explica o pesquisador.<\/p>\n<h2>Impactos<\/h2>\n<p>A chefe do N\u00facleo de Gest\u00e3o Integrada do ICMBio em Abrolhos, Jos\u00e2ngela da Silva Jesus, afirma que o monitoramento de res\u00edduos s\u00f3lidos no PNMA revela o impacto da polui\u00e7\u00e3o mundial. \u201cChega lixo do mundo todo, com r\u00f3tulos da \u00c1sia, da \u00c1frica e de v\u00e1rios outros lugares. Isso mostra o quanto tudo est\u00e1 conectado e que Abrolhos n\u00e3o est\u00e1 isolado\u201d, evidencia. \u00a0<\/p>\n<p>Para Silva Jesus, o desafio n\u00e3o pode ser resolvido apenas localmente. \u201c\u00c9 dif\u00edcil controlar a chegada de lixo e micropl\u00e1sticos. Mesmo que fa\u00e7amos a limpeza e o manejo dos res\u00edduos, n\u00e3o conseguimos combater sozinhos.\u201d<\/p>\n<p>A gestora relata que os<strong> efeitos da polui\u00e7\u00e3o por pl\u00e1stico j\u00e1 s\u00e3o percept\u00edveis em aves marinhas<\/strong>. \u201cAs fragatas utilizam lixos marinhos para fazer seus ninhos. Estamos iniciando uma parceria com pesquisadores para investigar mais esse comportamento e entender os impactos.\u201d<\/p>\n<p>De acordo com o relat\u00f3rio <a href=\"https:\/\/brasil.oceana.org\/wp-content\/uploads\/sites\/23\/2024\/10\/Fragmentos-da-Destruicao_FINAL-FINAL-FINAL_compressed.pdf\" target=\"_blank\" rel=\"noopener\">Fragmentos da Destrui\u00e7\u00e3o<\/a>, da organiza\u00e7\u00e3o <a href=\"https:\/\/brasil.oceana.org\/\" target=\"_blank\" rel=\"noopener\">Oceana<\/a>, quase metade das esp\u00e9cies analisadas pelo Projeto de Monitoramento de Praias (<a href=\"https:\/\/www.gov.br\/icmbio\/pt-br\/assuntos\/centros-de-pesquisa\/tartarugas-marinhas-e-biodiversidade-marinha-do-leste\/o-que-fazemos\/programas-de-monitoramento-de-praias\" target=\"_blank\" rel=\"noopener\">PMP<\/a>) \u2014 49 de 99 aves, r\u00e9pteis e mam\u00edferos \u2014 continham pl\u00e1stico no est\u00f4mago. Entre os indiv\u00edduos estudados, as <strong>aves registraram uma das maiores incid\u00eancias, com<\/strong> <strong>77,9%<\/strong>.<\/p>\n<h2>Medidas para conter a polui\u00e7\u00e3o<\/h2>\n<p>Para \u00cdtalo Braga, a cria\u00e7\u00e3o de \u00e1reas marinhas protegidas (AMPs) \u00e9 uma medida importante, mas insuficiente para barrar a polui\u00e7\u00e3o por pl\u00e1stico. Como evidenciado pela chefe de Abrolhos, a gest\u00e3o ambiental e a fiscaliza\u00e7\u00e3o tamb\u00e9m n\u00e3o conseguem, sozinhas, controlar esse tipo de contamina\u00e7\u00e3o.<\/p>\n<p>Segundo o pesquisador, a simples<strong> cria\u00e7\u00e3o de \u00e1reas protegidas n\u00e3o cont\u00e9m, nem teria como conter, a polui\u00e7\u00e3o por micropl\u00e1sticos<\/strong>. \u201cAo criar uma \u00e1rea marinha protegida, voc\u00ea estabelece apenas um arcabou\u00e7o regulat\u00f3rio, sem barreiras f\u00edsicas capazes de reduzir a emiss\u00e3o\u201d, explica.<\/p>\n<p>Braga defende que os <strong>planos de manejo das \u00e1reas marinhas, especialmente das unidades de prote\u00e7\u00e3o integral no Brasil, devem contemplar mecanismos para prevenir ou minimizar a contamina\u00e7\u00e3o<\/strong>. Isso inclui desde controle mais rigoroso da visita\u00e7\u00e3o at\u00e9 a revis\u00e3o dos materiais e embarca\u00e7\u00f5es permitidos nesses locais.<\/p>\n<p>Al\u00e9m disso, o professor acredita que o <strong>desafio exige medidas articuladas em escala global e nacional, como o Tratado Global Contra a Polui\u00e7\u00e3o por Pl\u00e1stico e o Projeto de Lei (<a href=\"https:\/\/www25.senado.leg.br\/web\/atividade\/materias\/-\/materia\/154790\" target=\"_blank\" rel=\"noopener\">PL<\/a>) 2524\/2022<\/strong>, que prop\u00f5e a transi\u00e7\u00e3o da economia linear do pl\u00e1stico para um modelo circular.\u00a0<\/p>\n<p>\u201cSou um grande apoiador do PL 2524. Ele prev\u00ea redu\u00e7\u00e3o na produ\u00e7\u00e3o e consumo de pl\u00e1sticos e substitui\u00e7\u00e3o por itens mais sustent\u00e1veis. Isso significa um volume menor de materiais sendo lan\u00e7ados no ambiente. <strong>As medidas previstas contribuem para a redu\u00e7\u00e3o da contamina\u00e7\u00e3o por micro, meso e macropl\u00e1sticos<\/strong>\u201d, afirma.<\/p>\n<p><strong>VEJA MAIS:<\/strong><\/p>\n<ul>\n<li><a href=\"https:\/\/brasil61.com\/n\/projeto-de-lei-do-oceano-sem-plastico-esta-parado-no-senado-ha-mais-de-600-dias-bras2515127\" target=\"_blank\" rel=\"noopener\">Projeto de Lei do Oceano Sem Pl\u00e1stico est\u00e1 parado no Senado h\u00e1 mais de 600 dias<\/a><\/li>\n<li><a href=\"https:\/\/brasil61.com\/n\/oceana-lanca-guia-na-cop30-para-fortalecer-a-pesca-diante-das-mudancas-climaticas-bras2515155\" target=\"_blank\" rel=\"noopener\">Oceana lan\u00e7a guia na COP30 para fortalecer a pesca diante das mudan\u00e7as clim\u00e1ticas<\/a><\/li>\n<\/ul>\n<p>\t\t\t\t\t\t\t\t\t<img decoding=\"async\" src=\"https:\/\/brasil61.com\/api\/v1\/serve_pixel\/22254\/86175\" alt=\"Pixel Brasil 61\" class=\"b61_pixel\" width=\"0\" height=\"0\"><\/p>\n<div class=\"br61_backlink\">\n<p>\n\t\t\t\tFonte: <a href=\"https:\/\/brasil61.com\/estudo-revela-poluicao-por-plastico-em-abrolhos-ba-referencia-da-conservacao-marinha-no-brasil-bras2515249\" title=\"Artigo Original: Estudo revela polui\u00e7\u00e3o por pl\u00e1stico em Abrolhos (BA), refer\u00eancia da conserva\u00e7\u00e3o marinha no Brasil\" target=\"_blank\" rel=\"noopener\">Brasil 61<\/a>\n\t\t\t<\/p>\n<\/p><\/div>\n<input type=\"hidden\" id=\"baseurl\" value=\"https:\/\/noticiasregionais.com.br\"><input type=\"hidden\" id=\"audio_nonce\" value=\"5c13e0637f\">","protected":false},"excerpt":{"rendered":"<p>Pesquisa da Unifesp revela micropl\u00e1sticos em \u00e1reas marinhas protegidas e alerta para impactos globais<\/p>\n","protected":false},"author":1,"featured_media":11453,"comment_status":"closed","ping_status":"open","sticky":false,"template":"","format":"standard","meta":{"sfsi_plus_gutenberg_text_before_share":"","sfsi_plus_gutenberg_show_text_before_share":"","sfsi_plus_gutenberg_icon_type":"","sfsi_plus_gutenberg_icon_alignemt":"","sfsi_plus_gutenburg_max_per_row":"","footnotes":""},"categories":[8],"tags":[],"class_list":["post-11393","post","type-post","status-publish","format-standard","has-post-thumbnail","hentry","category-brasil"],"_links":{"self":[{"href":"https:\/\/noticiasregionais.com.br\/index.php?rest_route=\/wp\/v2\/posts\/11393","targetHints":{"allow":["GET"]}}],"collection":[{"href":"https:\/\/noticiasregionais.com.br\/index.php?rest_route=\/wp\/v2\/posts"}],"about":[{"href":"https:\/\/noticiasregionais.com.br\/index.php?rest_route=\/wp\/v2\/types\/post"}],"author":[{"embeddable":true,"href":"https:\/\/noticiasregionais.com.br\/index.php?rest_route=\/wp\/v2\/users\/1"}],"replies":[{"embeddable":true,"href":"https:\/\/noticiasregionais.com.br\/index.php?rest_route=%2Fwp%2Fv2%2Fcomments&post=11393"}],"version-history":[{"count":1,"href":"https:\/\/noticiasregionais.com.br\/index.php?rest_route=\/wp\/v2\/posts\/11393\/revisions"}],"predecessor-version":[{"id":11452,"href":"https:\/\/noticiasregionais.com.br\/index.php?rest_route=\/wp\/v2\/posts\/11393\/revisions\/11452"}],"wp:featuredmedia":[{"embeddable":true,"href":"https:\/\/noticiasregionais.com.br\/index.php?rest_route=\/wp\/v2\/media\/11453"}],"wp:attachment":[{"href":"https:\/\/noticiasregionais.com.br\/index.php?rest_route=%2Fwp%2Fv2%2Fmedia&parent=11393"}],"wp:term":[{"taxonomy":"category","embeddable":true,"href":"https:\/\/noticiasregionais.com.br\/index.php?rest_route=%2Fwp%2Fv2%2Fcategories&post=11393"},{"taxonomy":"post_tag","embeddable":true,"href":"https:\/\/noticiasregionais.com.br\/index.php?rest_route=%2Fwp%2Fv2%2Ftags&post=11393"}],"curies":[{"name":"wp","href":"https:\/\/api.w.org\/{rel}","templated":true}]}}