{"id":11403,"date":"2025-12-03T04:25:00","date_gmt":"2025-12-03T07:25:00","guid":{"rendered":"https:\/\/noticiasregionais.com.br\/?p=11403"},"modified":"2025-12-03T04:25:00","modified_gmt":"2025-12-03T07:25:00","slug":"fim-da-autoescola-obrigatoria-o-que-muda-e-quando-muda","status":"publish","type":"post","link":"https:\/\/noticiasregionais.com.br\/?p=11403","title":{"rendered":"Fim da autoescola obrigat\u00f3ria: o que muda e quando muda"},"content":{"rendered":"<p>\t\t\t\t\t\t\t\t\t\t\t<audio controls class=\"b61_audio_player\" data-noticia=\"86200\" src=\"https:\/\/brasil61.com\/rails\/active_storage\/blobs\/eyJfcmFpbHMiOnsibWVzc2FnZSI6IkJBaHBBK25NQXc9PSIsImV4cCI6bnVsbCwicHVyIjoiYmxvYl9pZCJ9fQ==--fc21f85b49b9579c583361f50d65ef58e5b8b124\/BRAS2515256A\"><\/audio><\/p>\n<p><strong>A nova resolu\u00e7\u00e3o do Conselho Nacional de Tr\u00e2nsito <a href=\"https:\/\/www.gov.br\/transportes\/pt-br\/assuntos\/transito\/contran\" target=\"_blank\" rel=\"noopener\">(Contran)<\/a><\/strong> altera pontos centrais do processo de obten\u00e7\u00e3o da Carteira Nacional de Habilita\u00e7\u00e3o (CNH). A partir da publica\u00e7\u00e3o no Di\u00e1rio Oficial da Uni\u00e3o, ainda sem data definida, <strong>as aulas em autoescolas deixam de ser obrigat\u00f3rias<\/strong>. Tanto o curso te\u00f3rico quanto o pr\u00e1tico poder\u00e3o ser realizados em novos formatos, dando mais liberdade ao candidato para definir <strong>onde e como estudar<\/strong>.<\/p>\n<\/p>\n<h2>O que muda com a nova resolu\u00e7\u00e3o?<\/h2>\n<p>A principal mudan\u00e7a \u00e9 o fim da obrigatoriedade das autoescolas. O curso te\u00f3rico poder\u00e1 ser feito <strong>gratuitamente<\/strong>, de forma <strong>online<\/strong>, em plataforma do Minist\u00e9rio dos Transportes. J\u00e1 no curso pr\u00e1tico, a carga hor\u00e1ria m\u00ednima cai de <strong>20 horas para apenas 2 horas<\/strong>.<\/p>\n<p>E ser\u00e1 poss\u00edvel tirar a CNH sem fazer curso?<br \/>\nEm parte, sim.<\/p>\n<ul>\n<li>O curso te\u00f3rico deixa de ter carga hor\u00e1ria m\u00ednima, podendo ser feito fora das autoescolas e at\u00e9 de forma 100% digital.<\/li>\n<li>Por\u00e9m, as provas te\u00f3rica e pr\u00e1tica continuam obrigat\u00f3rias e s\u00e3o determinantes para a aprova\u00e7\u00e3o.<\/li>\n<li>As aulas pr\u00e1ticas deixam de seguir um m\u00ednimo obrigat\u00f3rio, e o candidato pode:\n<ul>\n<li>Fazer aulas com um instrutor aut\u00f4nomo credenciado;<\/li>\n<li>Continuar treinando em autoescolas; ou<\/li>\n<li>Praticar por conta pr\u00f3pria, usando ve\u00edculo regularizado.<\/li>\n<\/ul>\n<\/li>\n<\/ul>\n<h2>Autoescola vai acabar?<\/h2>\n<p>N\u00e3o. As autoescolas continuam autorizadas a oferecer cursos. A mudan\u00e7a \u00e9 que o aluno agora pode escolher entre:<\/p>\n<ul>\n<li>Curso te\u00f3rico online gratuito do Minist\u00e9rio dos Transportes;<\/li>\n<li>Autoescolas presenciais ou a dist\u00e2ncia;<\/li>\n<li>Escolas p\u00fablicas de tr\u00e2nsito ou entidades credenciadas;<\/li>\n<li>Aulas pr\u00e1ticas com instrutor aut\u00f4nomo registrado no Detran.<\/li>\n<\/ul>\n<h2>Quais etapas continuam obrigat\u00f3rias?<\/h2>\n<p>Todas as etapas de seguran\u00e7a permanecem:<\/p>\n<ul>\n<li>Registro biom\u00e9trico no Detran;<\/li>\n<li>Exame m\u00e9dico e psicol\u00f3gico;<\/li>\n<li>Prova te\u00f3rica;<\/li>\n<li>Prova pr\u00e1tica.<\/li>\n<li>A biometria ser\u00e1 usada para garantir autenticidade em cada etapa.<\/li>\n<\/ul>\n<h2>O que muda nas aulas pr\u00e1ticas?<\/h2>\n<p><strong>A carga hor\u00e1ria m\u00ednima cai de 20h para 2h. O candidato pode:<\/strong><\/p>\n<ul>\n<li>Fazer aulas em autoescola;<\/li>\n<li>Contratar instrutor aut\u00f4nomo credenciado;<\/li>\n<li>Utilizar seu pr\u00f3prio ve\u00edculo, desde que regularizado.<\/li>\n<\/ul>\n<p><strong>Limites de idade dos ve\u00edculos usados em treinamento:<\/strong><\/p>\n<ul>\n<li>Motos: at\u00e9 8 anos;<\/li>\n<li>Carros: at\u00e9 12 anos;<\/li>\n<li>Ve\u00edculos de carga: at\u00e9 20 anos.<\/li>\n<\/ul>\n<p>Os instrutores precisam usar ve\u00edculos identificados e seguir requisitos de seguran\u00e7a previstos no C\u00f3digo de Tr\u00e2nsito Brasileiro.<\/p>\n<h2>Quem pode ser instrutor aut\u00f4nomo?<\/h2>\n<p><strong>O instrutor deve:<\/strong><\/p>\n<ul>\n<li>Ter 21 anos ou mais;<\/li>\n<li>Ser habilitado h\u00e1 pelo menos 2 anos;<\/li>\n<li>N\u00e3o ter cometido infra\u00e7\u00e3o grav\u00edssima nos \u00faltimos 60 dias;<\/li>\n<li>Ter ensino m\u00e9dio completo;<\/li>\n<li>Possuir forma\u00e7\u00e3o em pedagogia de tr\u00e2nsito e certifica\u00e7\u00f5es exigidas; e<\/li>\n<li>Ser credenciado pelo Detran e registrado no Minist\u00e9rio dos Transportes.<\/li>\n<\/ul>\n<p>A lista de instrutores estar\u00e1 no site do Minist\u00e9rio e no aplicativo CDT.<\/p>\n<h2>Como ser\u00e1 a abertura do processo da CNH?<\/h2>\n<p>Assim que a norma entrar em vigor, todo o processo poder\u00e1 ser aberto de forma digital, pelo portal da Secretaria Nacional de Tr\u00e2nsito (Senatran). O acompanhamento ser\u00e1 feito pelo Renach. Ap\u00f3s a etapa te\u00f3rica, o candidato far\u00e1 a biometria no Detran e seguir\u00e1 para os exames m\u00e9dicos.<\/p>\n<h2>A prova te\u00f3rica continua obrigat\u00f3ria?<\/h2>\n<p>Sim. O exame segue presencial ou online, dependendo do estado. A aprova\u00e7\u00e3o exige 70% de acertos. O candidato pode repetir a prova sem limite de vezes.<\/p>\n<h2>E a prova pr\u00e1tica?<\/h2>\n<p>A prova pr\u00e1tica permanece obrigat\u00f3ria, com avalia\u00e7\u00e3o do Detran. O sistema de pontua\u00e7\u00e3o atual continua: o candidato inicia com 100 pontos e deve terminar com no m\u00ednimo 90 pontos. Reprova\u00e7\u00f5es podem ser remarcadas sem custo adicional.<\/p>\n<h2>A CNH vai ficar mais barata?<\/h2>\n<p>O governo projeta redu\u00e7\u00e3o de at\u00e9 80% nos custos, gra\u00e7as \u00e0 gratuidade do curso te\u00f3rico e \u00e0 elimina\u00e7\u00e3o da carga hor\u00e1ria m\u00ednima pr\u00e1tica. Hoje, segundo a Senatran, os valores variam entre R$ 3 mil e R$ 5 mil,\u00a0chegando a R$ 4.951,35 no Rio Grande do Sul.<\/p>\n<h2>Quando recebo a CNH definitiva?<\/h2>\n<p>Ap\u00f3s a aprova\u00e7\u00e3o na prova pr\u00e1tica, o candidato recebe a Permiss\u00e3o para Dirigir, v\u00e1lida por um ano. Se n\u00e3o cometer infra\u00e7\u00e3o grave, grav\u00edssima ou reincidir em infra\u00e7\u00f5es m\u00e9dias, recebe automaticamente a CNH definitiva.<\/p>\n<h2>E para categorias C, D e E?<\/h2>\n<p>A resolu\u00e7\u00e3o tamb\u00e9m facilita processos para categorias profissionais, caminh\u00f5es, \u00f4nibus e carretas, permitindo que os servi\u00e7os sejam realizados tanto por autoescolas quanto por outras entidades habilitadas.<br \/>\n\u00a0<\/p>\n<p>\t\t\t\t\t\t\t\t\t\t<img decoding=\"async\" src=\"https:\/\/brasil61.com\/api\/v1\/serve_pixel\/22254\/86200\" alt=\"Pixel Brasil 61\" class=\"b61_pixel\" width=\"0\" height=\"0\"><\/p>\n<div class=\"br61_backlink\">\n<p>\n\t\t\t\tFonte: <a href=\"https:\/\/brasil61.com\/fim-da-autoescola-obrigatoria-o-que-muda-e-quando-muda-bras2515256\" title=\"Artigo Original: Fim da autoescola obrigat\u00f3ria: o que muda e quando muda\" target=\"_blank\" rel=\"noopener\">Brasil 61<\/a>\n\t\t\t<\/p>\n<\/p><\/div>\n<input type=\"hidden\" id=\"baseurl\" value=\"https:\/\/noticiasregionais.com.br\"><input type=\"hidden\" id=\"audio_nonce\" value=\"5c13e0637f\">","protected":false},"excerpt":{"rendered":"<p>Nova resolu\u00e7\u00e3o do Contran libera candidatos para escolher como estudar; aulas em autoescola deixam de ser obrigat\u00f3rias e carga pr\u00e1tica m\u00ednima cai de 20h para 2h<\/p>\n","protected":false},"author":1,"featured_media":11404,"comment_status":"","ping_status":"open","sticky":false,"template":"","format":"standard","meta":{"sfsi_plus_gutenberg_text_before_share":"","sfsi_plus_gutenberg_show_text_before_share":"","sfsi_plus_gutenberg_icon_type":"","sfsi_plus_gutenberg_icon_alignemt":"","sfsi_plus_gutenburg_max_per_row":"","footnotes":""},"categories":[8],"tags":[],"class_list":["post-11403","post","type-post","status-publish","format-standard","has-post-thumbnail","hentry","category-brasil"],"_links":{"self":[{"href":"https:\/\/noticiasregionais.com.br\/index.php?rest_route=\/wp\/v2\/posts\/11403","targetHints":{"allow":["GET"]}}],"collection":[{"href":"https:\/\/noticiasregionais.com.br\/index.php?rest_route=\/wp\/v2\/posts"}],"about":[{"href":"https:\/\/noticiasregionais.com.br\/index.php?rest_route=\/wp\/v2\/types\/post"}],"author":[{"embeddable":true,"href":"https:\/\/noticiasregionais.com.br\/index.php?rest_route=\/wp\/v2\/users\/1"}],"replies":[{"embeddable":true,"href":"https:\/\/noticiasregionais.com.br\/index.php?rest_route=%2Fwp%2Fv2%2Fcomments&post=11403"}],"version-history":[{"count":0,"href":"https:\/\/noticiasregionais.com.br\/index.php?rest_route=\/wp\/v2\/posts\/11403\/revisions"}],"wp:featuredmedia":[{"embeddable":true,"href":"https:\/\/noticiasregionais.com.br\/index.php?rest_route=\/wp\/v2\/media\/11404"}],"wp:attachment":[{"href":"https:\/\/noticiasregionais.com.br\/index.php?rest_route=%2Fwp%2Fv2%2Fmedia&parent=11403"}],"wp:term":[{"taxonomy":"category","embeddable":true,"href":"https:\/\/noticiasregionais.com.br\/index.php?rest_route=%2Fwp%2Fv2%2Fcategories&post=11403"},{"taxonomy":"post_tag","embeddable":true,"href":"https:\/\/noticiasregionais.com.br\/index.php?rest_route=%2Fwp%2Fv2%2Ftags&post=11403"}],"curies":[{"name":"wp","href":"https:\/\/api.w.org\/{rel}","templated":true}]}}