{"id":11405,"date":"2025-12-03T04:35:00","date_gmt":"2025-12-03T07:35:00","guid":{"rendered":"https:\/\/noticiasregionais.com.br\/?p=11405"},"modified":"2025-12-03T04:35:00","modified_gmt":"2025-12-03T07:35:00","slug":"cesta-de-natal-fica-45-mais-cara-peru-lidera-altas-e-azeite-tem-queda-de-23","status":"publish","type":"post","link":"https:\/\/noticiasregionais.com.br\/?p=11405","title":{"rendered":"Cesta de Natal fica 4,5% mais cara; peru lidera altas e azeite tem queda de 23%"},"content":{"rendered":"<p>\t\t\t\t\t\t\t\t\t\t\t<audio controls class=\"b61_audio_player\" data-noticia=\"86198\" src=\"https:\/\/brasil61.com\/rails\/active_storage\/blobs\/eyJfcmFpbHMiOnsibWVzc2FnZSI6IkJBaHBBOEhNQXc9PSIsImV4cCI6bnVsbCwicHVyIjoiYmxvYl9pZCJ9fQ==--1e33c1290368e41c5dbf7f721d9c5b9e505440ee\/BRAS2515255A\"><\/audio><\/p>\n<p>A <strong>cesta de Natal deste ano deve ficar 4,5% mais cara<\/strong>, segundo a pr\u00e9via do <a href=\"https:\/\/www.fipe.org.br\/pt-br\/indices\/ipc\/\" target=\"_blank\" rel=\"noopener\"><strong>IPC-Fipe<\/strong><\/a>, divulgada pela <strong>Funda\u00e7\u00e3o Instituto de Pesquisas Econ\u00f4micas<\/strong>, saindo a partir de R$453,06. O aumento \u00e9 bem menor que o registrado no ano passado, quando a <strong>alta ultrapassou 9%<\/strong>, mas ainda pressiona o bolso do consumidor que se prepara para as festas de fim de ano.<\/p>\n<p>Os itens que mais encareceram foram o <strong>peru, com alta acima de 13%<\/strong>, e a <strong>azeitona verde com caro\u00e7o<\/strong>, que subiu <strong>mais de 12%<\/strong>. A tradicional caixa de bombom tamb\u00e9m pesou: registrou aumento de quase 11%. Em sentido oposto, o <strong>azeite de oliva extravirgem<\/strong> foi o destaque de queda, ficando mais de <strong>23% mais barato<\/strong> \u2013 um movimento contr\u00e1rio ao observado no Natal passado.<\/p>\n<p>Al\u00e9m da cesta principal, a Fipe tamb\u00e9m analisou produtos t\u00edpicos dessa \u00e9poca, mas que n\u00e3o fazem parte da cesta padr\u00e3o. O destaque de alta foi <strong>o chester, que subiu quase 14%<\/strong>. J\u00e1 alguns itens ficaram mais baratos, como o <strong>sorvete <\/strong>e o<strong> p\u00eassego de feira<\/strong>, com <strong>queda de quase 7%<\/strong>.<\/p>\n<h2>Principais varia\u00e7\u00f5es<\/h2>\n<p><strong>Artigos da cesta de Natal<\/strong><\/p>\n<ul>\n<li>Peru (kg): +13,62%\u00a0<\/li>\n<li>Azeitona verde com caro\u00e7o (500g): +12,53%\u00a0<\/li>\n<li>Caixa de bombom (251g): +10,81%\u00a0<\/li>\n<li>Vinho tinto (750ml): +3,85%<\/li>\n<li>Champagne (660ml): +1,82%<\/li>\n<li>Azeite de oliva extravirgem (500ml): \u201323,06%\u00a0<\/li>\n<\/ul>\n<p><strong>Itens t\u00edpicos da \u00e9poca<\/strong><\/p>\n<ul>\n<li>Ave (tipo Chester) (kg): +13,85%<\/li>\n<li>Fil\u00e9 mignon (kg): +9,70%<\/li>\n<li>Uva de feira (kg): +9,57%<\/li>\n<li>Bacalhau (kg): +6,73%<\/li>\n<li>Farofa (kg): \u20132,71%<\/li>\n<li>P\u00eassego de feira (kg): \u20136,85%\u00a0<\/li>\n<li>Sorvete (kg): \u20136,99%\u00a0<\/li>\n<\/ul>\n<p>As informa\u00e7\u00f5es s\u00e3o da <a href=\"https:\/\/www.fipe.org.br\/\" target=\"_blank\" rel=\"noopener\">Funda\u00e7\u00e3o Instituto de Pesquisas Econ\u00f4micas<\/a>.<\/p>\n<p>\u00a0<\/p>\n<p>\t\t\t\t\t\t\t\t\t\t<img decoding=\"async\" src=\"https:\/\/brasil61.com\/api\/v1\/serve_pixel\/22254\/86198\" alt=\"Pixel Brasil 61\" class=\"b61_pixel\" width=\"0\" height=\"0\"><\/p>\n<div class=\"br61_backlink\">\n<p>\n\t\t\t\tFonte: <a href=\"https:\/\/brasil61.com\/cesta-de-natal-fica-4-5-mais-cara-peru-lidera-altas-e-azeite-tem-queda-de-23-bras2515255\" title=\"Artigo Original: Cesta de Natal fica 4,5% mais cara; peru lidera altas e azeite tem queda de 23%\" target=\"_blank\" rel=\"noopener\">Brasil 61<\/a>\n\t\t\t<\/p>\n<\/p><\/div>\n<input type=\"hidden\" id=\"baseurl\" value=\"https:\/\/noticiasregionais.com.br\"><input type=\"hidden\" id=\"audio_nonce\" value=\"296231ceac\">","protected":false},"excerpt":{"rendered":"<p>Pr\u00e9via do IPC-Fipe mostra aumento m\u00e9dio acima de 4% nos produtos t\u00edpicos das festas; apesar das altas, o azeite de oliva extravirgem registrou forte recuo<\/p>\n","protected":false},"author":1,"featured_media":11406,"comment_status":"","ping_status":"open","sticky":false,"template":"","format":"standard","meta":{"sfsi_plus_gutenberg_text_before_share":"","sfsi_plus_gutenberg_show_text_before_share":"","sfsi_plus_gutenberg_icon_type":"","sfsi_plus_gutenberg_icon_alignemt":"","sfsi_plus_gutenburg_max_per_row":"","footnotes":""},"categories":[8],"tags":[],"class_list":["post-11405","post","type-post","status-publish","format-standard","has-post-thumbnail","hentry","category-brasil"],"_links":{"self":[{"href":"https:\/\/noticiasregionais.com.br\/index.php?rest_route=\/wp\/v2\/posts\/11405","targetHints":{"allow":["GET"]}}],"collection":[{"href":"https:\/\/noticiasregionais.com.br\/index.php?rest_route=\/wp\/v2\/posts"}],"about":[{"href":"https:\/\/noticiasregionais.com.br\/index.php?rest_route=\/wp\/v2\/types\/post"}],"author":[{"embeddable":true,"href":"https:\/\/noticiasregionais.com.br\/index.php?rest_route=\/wp\/v2\/users\/1"}],"replies":[{"embeddable":true,"href":"https:\/\/noticiasregionais.com.br\/index.php?rest_route=%2Fwp%2Fv2%2Fcomments&post=11405"}],"version-history":[{"count":0,"href":"https:\/\/noticiasregionais.com.br\/index.php?rest_route=\/wp\/v2\/posts\/11405\/revisions"}],"wp:featuredmedia":[{"embeddable":true,"href":"https:\/\/noticiasregionais.com.br\/index.php?rest_route=\/wp\/v2\/media\/11406"}],"wp:attachment":[{"href":"https:\/\/noticiasregionais.com.br\/index.php?rest_route=%2Fwp%2Fv2%2Fmedia&parent=11405"}],"wp:term":[{"taxonomy":"category","embeddable":true,"href":"https:\/\/noticiasregionais.com.br\/index.php?rest_route=%2Fwp%2Fv2%2Fcategories&post=11405"},{"taxonomy":"post_tag","embeddable":true,"href":"https:\/\/noticiasregionais.com.br\/index.php?rest_route=%2Fwp%2Fv2%2Ftags&post=11405"}],"curies":[{"name":"wp","href":"https:\/\/api.w.org\/{rel}","templated":true}]}}