{"id":11407,"date":"2025-12-03T04:45:00","date_gmt":"2025-12-03T07:45:00","guid":{"rendered":"https:\/\/noticiasregionais.com.br\/?p=11407"},"modified":"2025-12-03T04:45:00","modified_gmt":"2025-12-03T07:45:00","slug":"brasil-registra-menor-numero-de-mortes-por-aids-em-32-anos-e-inaugura-exposicao-sobre-40-anos-de-combate-a-doenca","status":"publish","type":"post","link":"https:\/\/noticiasregionais.com.br\/?p=11407","title":{"rendered":"Brasil registra menor n\u00famero de mortes por Aids em 32 anos e inaugura exposi\u00e7\u00e3o sobre 40 anos de combate \u00e0 doen\u00e7a"},"content":{"rendered":"<p>\t\t\t\t\t\t\t\t\t\t\t<audio controls class=\"b61_audio_player\" data-noticia=\"86208\" src=\"https:\/\/brasil61.com\/rails\/active_storage\/blobs\/eyJfcmFpbHMiOnsibWVzc2FnZSI6IkJBaHBBKzNNQXc9PSIsImV4cCI6bnVsbCwicHVyIjoiYmxvYl9pZCJ9fQ==--c74439a33afd5f9ef681faa446c5040ee84a26ed\/PIND254701A\"><\/audio><\/p>\n<p><strong><a href=\"https:\/\/www.gov.br\/saude\/pt-br\/assuntos\/noticias\/2025\/dezembro\/brasil-elimina-transmissao-vertical-do-hiv-da-mae-para-o-bebe-e-alcanca-menor-taxa-de-mortalidade-dos-ultimos-anos\" target=\"_blank\" rel=\"noopener\">O Brasil reduziu em 13% o n\u00famero de mortes por Aids, entre 2023 e 2024<\/a>. De acordo com o <a href=\"https:\/\/www.gov.br\/saude\/pt-br\" target=\"_blank\" rel=\"noopener\">Minist\u00e9rio da Sa\u00fade,<\/a> a quantidade de v\u00edtimas passou de mais de 10 mil para 9,1 mil. Trata-se do menor \u00edndice registrado pela Pasta em 32 anos.<\/strong><\/p>\n<p><strong>Al\u00e9m disso, foi verificada uma redu\u00e7\u00e3o de 1,5% na quantidade de diagn\u00f3sticos da s\u00edndrome. J\u00e1 o n\u00famero de gestantes com HIV sofreu um recuo de 7,9%, enquanto o de crian\u00e7as expostas ao v\u00edrus diminuiu 4,2%.<\/strong><\/p>\n<p><strong>De acordo com o minist\u00e9rio, os avan\u00e7os s\u00e3o resultados da amplia\u00e7\u00e3o da testagem e oferta de tratamentos mais modernos no Sistema \u00danico de Sa\u00fade (SUS).\u00a0<br \/>\nEm meio a esse cen\u00e1rio, o Minist\u00e9rio da Sa\u00fade inaugurou a exposi\u00e7\u00e3o \u201c40 Anos da Resposta Brasileira \u00e0 Aids\u201d. <\/strong>O evento foi realizado no SESI Lab, em Bras\u00edlia (DF), na segunda-feira (1\u00ba) \u2013 Dia Mundial de Combate \u00e0 Aids.<\/p>\n<p><strong>A iniciativa marca o in\u00edcio da programa\u00e7\u00e3o do Dezembro Vermelho 2025 e celebra quatro d\u00e9cadas de mobiliza\u00e7\u00e3o social, pol\u00edticas p\u00fablicas, avan\u00e7os cient\u00edficos e enfrentamento \u00e0 doen\u00e7a. O p\u00fablico pode visitar a exposi\u00e7\u00e3o at\u00e9 o dia 30 de janeiro de 2026.<\/strong><\/p>\n<p>A coordenadora de A\u00e7\u00f5es Culturais e Exposi\u00e7\u00f5es do SESI Lab, Carolina Vilas Boas, afirmou que a mostra conta com a participa\u00e7\u00e3o da sociedade civil, al\u00e9m de um comit\u00ea curatorial amplo. Segundo ela, \u00e9 a primeira exposi\u00e7\u00e3o do SESI Lab que trata do tema sa\u00fade.<\/p>\n<p>\u201cA gente sabe, pelas pesquisas de percep\u00e7\u00e3o da ci\u00eancia, que o p\u00fablico tem muito interesse em saber mais sobre sa\u00fade. Normalmente, a sa\u00fade est\u00e1 cheia de termos que ningu\u00e9m conhece, ent\u00e3o \u00e9 uma oportunidade de desmistificar muitos assuntos\u201d, pontuou.<\/p>\n<p><strong>A programa\u00e7\u00e3o conta com experi\u00eancias interativas que recuperam a mem\u00f3ria coletiva da epidemia no Brasil, al\u00e9m de relatos de vida, documentos, obras de arte e campanhas hist\u00f3ricas.<\/strong><\/p>\n<p>Durante o evento, o diretor superintendente do Servi\u00e7o Social da Ind\u00fastria (SESI), Paulo M\u00f3l, destacou o compromisso institucional com a promo\u00e7\u00e3o da sa\u00fade e a relev\u00e2ncia do museu como espa\u00e7o de educa\u00e7\u00e3o cient\u00edfica.<\/p>\n<p>\u201cPara n\u00f3s, \u00e9 uma honra receber essa exposi\u00e7\u00e3o. Em 80 anos de hist\u00f3ria, o SESI sempre teve uma preocupa\u00e7\u00e3o forte com a sa\u00fade. O SESI Lab, por sua vez, tem como miss\u00e3o ampliar a educa\u00e7\u00e3o cient\u00edfica e trazer para a sociedade debates importantes, como este que se coloca nesta mostra\u201d, disse.<\/p>\n<h2>Elimina\u00e7\u00e3o da transmiss\u00e3o do HIV de m\u00e3e para filho durante a gravidez<\/h2>\n<p><strong>Em meio ao progresso registrado nos \u00faltimos anos, o Brasil tamb\u00e9m conseguiu eliminar, como problema de sa\u00fade p\u00fablica, a transmiss\u00e3o do HIV de m\u00e3e para filho durante a gravidez, o parto ou a amamenta\u00e7\u00e3o \u2013 conhecida como transmiss\u00e3o vertical.<\/strong><\/p>\n<p>Na pr\u00e1tica, o pa\u00eds interrompeu a infec\u00e7\u00e3o de beb\u00eas por via materna, de forma sustentada, alcan\u00e7ando o que determinam as metas internacionais, conforme o que preveem os crit\u00e9rios da Organiza\u00e7\u00e3o Mundial da Sa\u00fade (OMS).<\/p>\n<p><a href=\"https:\/\/brasil61.com\/n\/estudo-da-cni-apresenta-acoes-para-destravar-us-1-3-trilhao-em-financiamento-climatico-pind254678\" target=\"_blank\" rel=\"noopener\">Estudo apresenta a\u00e7\u00f5es para destravar US$ 1,3 trilh\u00e3o em financiamento clim\u00e1tico<\/a><\/p>\n<p><a href=\"https:\/\/brasil61.com\/n\/producao-nacional-de-defesa-pode-gerar-r-60-9-bi-e-226-mil-empregos-aponta-cni-pind254699\" target=\"_blank\" rel=\"noopener\">Produ\u00e7\u00e3o nacional de defesa pode gerar R$ 60,9 bi e 226 mil empregos, aponta CNI<\/a><\/p>\n<p>Para o ministro da Sa\u00fade, Alexandre Padilha, o Sistema S tem um papel hist\u00f3rico fundamental no enfrentamento \u00e0 Aids. Em meio \u00e0 exposi\u00e7\u00e3o, ele destacou a import\u00e2ncia do apoio do SESI \u00e0 mobiliza\u00e7\u00e3o nacional.<\/p>\n<p>\u201cQuero agradecer muito ao SESI e relembrar que os v\u00e1rios SESIs espalhados por todo o nosso pa\u00eds sempre abriram as portas para a luta contra a aids\u201d, afirmou.<\/p>\n<h2>Programa\u00e7\u00e3o completa da exposi\u00e7\u00e3o<\/h2>\n<p>A programa\u00e7\u00e3o da exposi\u00e7\u00e3o no SESI Lab conta com debates, sess\u00e3o de cinema, oficinas, rodas de conversa e apresenta\u00e7\u00f5es art\u00edsticas com especialistas, ativistas, gestores p\u00fablicos, pesquisadores e representantes de movimentos sociais.<\/p>\n<p><strong>At\u00e9 o dia 7 de dezembro, o museu estar\u00e1 com entrada gratuita. Neste s\u00e1bado (6), a cortesia \u00e9 em parceria com a Shell. Por\u00e9m, mesmo com o acesso livre, o visitante precisa retirar o ingresso na bilheteria f\u00edsica ou online.<\/strong><\/p>\n<p>Para acessar o ingresso virtualmente, <a href=\"https:\/\/www.ingressosa.com\/\" target=\"_blank\" rel=\"noopener\">clique aqui.<\/a> O endere\u00e7o do SESI Lab \u00e9: Setor Cultural Sul, Bloco A, Asa Sul. A programa\u00e7\u00e3o completa pode ser acessada no Instagram,<a href=\"https:\/\/www.instagram.com\/sesi.lab\/\" target=\"_blank\" rel=\"noopener\"> @sesi.lab<\/a>.<br \/>\n\u00a0<\/p>\n<p>\t\t\t\t\t\t\t\t\t\t<img decoding=\"async\" src=\"https:\/\/brasil61.com\/api\/v1\/serve_pixel\/22254\/86208\" alt=\"Pixel Brasil 61\" class=\"b61_pixel\" width=\"0\" height=\"0\"><\/p>\n<div class=\"br61_backlink\">\n<p>\n\t\t\t\tFonte: <a href=\"https:\/\/brasil61.com\/brasil-registra-menor-numero-de-mortes-por-aids-em-32-anos-e-inaugura-exposicao-sobre-40-anos-de-combate-a-doenca-pind254701\" title=\"Artigo Original: Brasil registra menor n\u00famero de mortes por Aids em 32 anos e inaugura exposi\u00e7\u00e3o sobre 40 anos de combate \u00e0 doen\u00e7a\" target=\"_blank\" rel=\"noopener\">Brasil 61<\/a>\n\t\t\t<\/p>\n<\/p><\/div>\n<input type=\"hidden\" id=\"baseurl\" value=\"https:\/\/noticiasregionais.com.br\"><input type=\"hidden\" id=\"audio_nonce\" value=\"5c13e0637f\">","protected":false},"excerpt":{"rendered":"<p>Redu\u00e7\u00e3o de 13% nos \u00f3bitos e avan\u00e7os como a elimina\u00e7\u00e3o da transmiss\u00e3o vertical do HIV marcam a abertura do Dezembro Vermelho 2025 no SESI Lab, em Bras\u00edlia<\/p>\n","protected":false},"author":1,"featured_media":11408,"comment_status":"","ping_status":"open","sticky":false,"template":"","format":"standard","meta":{"sfsi_plus_gutenberg_text_before_share":"","sfsi_plus_gutenberg_show_text_before_share":"","sfsi_plus_gutenberg_icon_type":"","sfsi_plus_gutenberg_icon_alignemt":"","sfsi_plus_gutenburg_max_per_row":"","footnotes":""},"categories":[8],"tags":[],"class_list":["post-11407","post","type-post","status-publish","format-standard","has-post-thumbnail","hentry","category-brasil"],"_links":{"self":[{"href":"https:\/\/noticiasregionais.com.br\/index.php?rest_route=\/wp\/v2\/posts\/11407","targetHints":{"allow":["GET"]}}],"collection":[{"href":"https:\/\/noticiasregionais.com.br\/index.php?rest_route=\/wp\/v2\/posts"}],"about":[{"href":"https:\/\/noticiasregionais.com.br\/index.php?rest_route=\/wp\/v2\/types\/post"}],"author":[{"embeddable":true,"href":"https:\/\/noticiasregionais.com.br\/index.php?rest_route=\/wp\/v2\/users\/1"}],"replies":[{"embeddable":true,"href":"https:\/\/noticiasregionais.com.br\/index.php?rest_route=%2Fwp%2Fv2%2Fcomments&post=11407"}],"version-history":[{"count":0,"href":"https:\/\/noticiasregionais.com.br\/index.php?rest_route=\/wp\/v2\/posts\/11407\/revisions"}],"wp:featuredmedia":[{"embeddable":true,"href":"https:\/\/noticiasregionais.com.br\/index.php?rest_route=\/wp\/v2\/media\/11408"}],"wp:attachment":[{"href":"https:\/\/noticiasregionais.com.br\/index.php?rest_route=%2Fwp%2Fv2%2Fmedia&parent=11407"}],"wp:term":[{"taxonomy":"category","embeddable":true,"href":"https:\/\/noticiasregionais.com.br\/index.php?rest_route=%2Fwp%2Fv2%2Fcategories&post=11407"},{"taxonomy":"post_tag","embeddable":true,"href":"https:\/\/noticiasregionais.com.br\/index.php?rest_route=%2Fwp%2Fv2%2Ftags&post=11407"}],"curies":[{"name":"wp","href":"https:\/\/api.w.org\/{rel}","templated":true}]}}