{"id":11411,"date":"2025-12-03T04:35:00","date_gmt":"2025-12-03T07:35:00","guid":{"rendered":"https:\/\/noticiasregionais.com.br\/?p=11411"},"modified":"2025-12-03T04:35:00","modified_gmt":"2025-12-03T07:35:00","slug":"mpor-lanca-diagnostico-inedito-sobre-seguros-em-terminais-portuarios-autorizados","status":"publish","type":"post","link":"https:\/\/noticiasregionais.com.br\/?p=11411","title":{"rendered":"MPor lan\u00e7a diagn\u00f3stico in\u00e9dito sobre seguros em Terminais Portu\u00e1rios Autorizados"},"content":{"rendered":"<p>\t\t\t\t\t\t\t\t\t\t\t<audio controls class=\"b61_audio_player\" data-noticia=\"86209\" src=\"https:\/\/brasil61.com\/rails\/active_storage\/blobs\/eyJfcmFpbHMiOnsibWVzc2FnZSI6IkJBaHBBL1hNQXc9PSIsImV4cCI6bnVsbCwicHVyIjoiYmxvYl9pZCJ9fQ==--4a163675dd21e63c5e6873e9e4fb93b02cb8196f\/MPOR250148A\"><\/audio><\/p>\n<p>O Minist\u00e9rio de Portos e Aeroportos (<a href=\"https:\/\/www.gov.br\/portos-e-aeroportos\/pt-br\" target=\"_blank\" rel=\"noopener\">MPor<\/a>) apresentou nesta ter\u00e7a-feira (2) o <strong>primeiro <a href=\"http:\/\/www.portosprivados.org.br\/files\/diagramacao-diagnostico-de-seguros.pdf\" target=\"_blank\" rel=\"noopener\">diagn\u00f3stico nacional<\/a> voltado aos seguros em Terminais Portu\u00e1rios Autorizados<\/strong>. O estudo, elaborado em parceria com a Associa\u00e7\u00e3o de Terminais Portu\u00e1rios Privados (<a href=\"https:\/\/www.portosprivados.org.br\/\" target=\"_blank\" rel=\"noopener\">ATP<\/a>), <strong>re\u00fane dados estrat\u00e9gicos e an\u00e1lises que oferecem um panorama t\u00e9cnico<\/strong> in\u00e9dito para os Terminais de Uso Privado (<a href=\"https:\/\/www.gov.br\/portos-e-aeroportos\/pt-br\/assuntos\/transporte-aquaviario\/snpta\/terminais-de-uso-privado\" target=\"_blank\" rel=\"noopener\">TUP<\/a>).<\/p>\n<p>A publica\u00e7\u00e3o marca um avan\u00e7o na agenda de previsibilidade e gest\u00e3o de riscos do setor portu\u00e1rio brasileiro, ao identificar desafios, pr\u00e1ticas e lacunas relacionadas aos seguros obrigat\u00f3rios, com <strong>foco em aspectos regulat\u00f3rios, operacionais e clim\u00e1ticos<\/strong>.<\/p>\n<p>Segundo o ministro da Pasta, Silvio Costa Filho, \u201co fortalecimento da seguran\u00e7a regulat\u00f3ria \u00e9 um <strong>compromisso central do MPo<\/strong>r. Ao reunir informa\u00e7\u00f5es estrat\u00e9gicas, este diagn\u00f3stico oferece mais previsibilidade ao setor e contribui para um ambiente de neg\u00f3cios mais s\u00f3lido e eficiente\u201d.<\/p>\n<p>O secret\u00e1rio-executivo Tom\u00e9 Franca, destacou que o levantamento <strong>oferece uma base s\u00f3lida de informa\u00e7\u00f5es para apoiar decis\u00f5es estrat\u00e9gicas e aprimorar o di\u00e1logo com o setor<\/strong>. \u201cContar com um diagn\u00f3stico do setor para os terminais portu\u00e1rios \u00e9 indispens\u00e1vel para que tenhamos rela\u00e7\u00f5es mais seguras e justas entre quem contrata e quem \u00e9 contratado. Diante das mudan\u00e7as clim\u00e1ticas, se faz cada vez mais necess\u00e1ria a elabora\u00e7\u00e3o de regras modernas e que confiram maior equil\u00edbrio aos seguros\u201d, disse.<\/p>\n<p>De acordo com a diretora de Assuntos Econ\u00f4micos do MPor, Helena Venceslau, \u201co Minist\u00e9rio trata como prioridade este tema, que \u00e9 de grande interesse dos terminais privados. Temos feito essa aproxima\u00e7\u00e3o com o setor segurador e a Confedera\u00e7\u00e3o Nacional das Seguradoras (<a href=\"https:\/\/www.cnseg.org.br\/\" target=\"_blank\" rel=\"noopener\">CNseg<\/a>) para termos um di\u00e1logo construtivo e procurarmos produtos mais eficientes, com matriz de risco mais adequada e melhor precifica\u00e7\u00e3o.\u201d<\/p>\n<h2>Riscos clim\u00e1ticos<\/h2>\n<p>O documento tamb\u00e9m <strong>aponta para os riscos clim\u00e1ticos<\/strong>, que se intensificaram em frequ\u00eancia e impacto, e evidencia oportunidades para aprimorar mecanismos de prote\u00e7\u00e3o, governan\u00e7a e efici\u00eancia regulat\u00f3ria.<\/p>\n<p>Com a iniciativa, o Governo Federal busca ampliar a transpar\u00eancia e fortalecer a coopera\u00e7\u00e3o entre Estado, mercado segurador e operadores portu\u00e1rios. O <strong>setor passa a dispor de subs\u00eddios t\u00e9cnicos que podem embasar futuras evolu\u00e7\u00f5es regulat\u00f3rias<\/strong> e aproximar o Brasil de pr\u00e1ticas internacionais.<\/p>\n<p><strong>VEJA MAIS:<\/strong><\/p>\n<ul>\n<li><a href=\"https:\/\/brasil61.com\/n\/portos-do-sudeste-batem-recorde-e-movimentam-186-7-milhoes-de-toneladas-no-3-trimestre-mpor250141\" target=\"_blank\" rel=\"noopener\">Portos do Sudeste batem recorde e movimentam 186,7 milh\u00f5es de toneladas no 3\u00ba trimestre<\/a><\/li>\n<li><a href=\"https:\/\/brasil61.com\/n\/movimentacao-portuaria-do-norte-cresce-3-e-chega-a-43-3-milhoes-de-toneladas-no-3-trimestre-mpor250139\" target=\"_blank\" rel=\"noopener\">Movimenta\u00e7\u00e3o portu\u00e1ria do Norte cresce 3% e chega a 43,3 milh\u00f5es de toneladas no 3\u00ba trimestre<\/a><\/li>\n<\/ul>\n<p><span>\u00a0<\/span><span>\u00a0<\/span><span>\u00a0<\/span><span>\u00a0<\/span><span>\u00a0<\/span>\u00a0<\/p>\n<p>\t\t\t\t\t\t\t\t\t\t<img decoding=\"async\" src=\"https:\/\/brasil61.com\/api\/v1\/serve_pixel\/22254\/86209\" alt=\"Pixel Brasil 61\" class=\"b61_pixel\" width=\"0\" height=\"0\"><\/p>\n<div class=\"br61_backlink\">\n<p>\n\t\t\t\tFonte: <a href=\"https:\/\/brasil61.com\/mpor-lanca-diagnostico-inedito-sobre-seguros-em-terminais-portuarios-autorizados-mpor250148\" title=\"Artigo Original: MPor lan\u00e7a diagn\u00f3stico in\u00e9dito sobre seguros em Terminais Portu\u00e1rios Autorizados\" target=\"_blank\" rel=\"noopener\">Brasil 61<\/a>\n\t\t\t<\/p>\n<\/p><\/div>\n<input type=\"hidden\" id=\"baseurl\" value=\"https:\/\/noticiasregionais.com.br\"><input type=\"hidden\" id=\"audio_nonce\" value=\"5c13e0637f\">","protected":false},"excerpt":{"rendered":"<p>Estudo, em parceria com a ATP, re\u00fane dados estrat\u00e9gicos e aponta desafios regulat\u00f3rios, operacionais e clim\u00e1ticos para ampliar a previsibilidade e fortalecer a seguran\u00e7a do setor<\/p>\n","protected":false},"author":1,"featured_media":11412,"comment_status":"","ping_status":"open","sticky":false,"template":"","format":"standard","meta":{"sfsi_plus_gutenberg_text_before_share":"","sfsi_plus_gutenberg_show_text_before_share":"","sfsi_plus_gutenberg_icon_type":"","sfsi_plus_gutenberg_icon_alignemt":"","sfsi_plus_gutenburg_max_per_row":"","footnotes":""},"categories":[8],"tags":[],"class_list":["post-11411","post","type-post","status-publish","format-standard","has-post-thumbnail","hentry","category-brasil"],"_links":{"self":[{"href":"https:\/\/noticiasregionais.com.br\/index.php?rest_route=\/wp\/v2\/posts\/11411","targetHints":{"allow":["GET"]}}],"collection":[{"href":"https:\/\/noticiasregionais.com.br\/index.php?rest_route=\/wp\/v2\/posts"}],"about":[{"href":"https:\/\/noticiasregionais.com.br\/index.php?rest_route=\/wp\/v2\/types\/post"}],"author":[{"embeddable":true,"href":"https:\/\/noticiasregionais.com.br\/index.php?rest_route=\/wp\/v2\/users\/1"}],"replies":[{"embeddable":true,"href":"https:\/\/noticiasregionais.com.br\/index.php?rest_route=%2Fwp%2Fv2%2Fcomments&post=11411"}],"version-history":[{"count":0,"href":"https:\/\/noticiasregionais.com.br\/index.php?rest_route=\/wp\/v2\/posts\/11411\/revisions"}],"wp:featuredmedia":[{"embeddable":true,"href":"https:\/\/noticiasregionais.com.br\/index.php?rest_route=\/wp\/v2\/media\/11412"}],"wp:attachment":[{"href":"https:\/\/noticiasregionais.com.br\/index.php?rest_route=%2Fwp%2Fv2%2Fmedia&parent=11411"}],"wp:term":[{"taxonomy":"category","embeddable":true,"href":"https:\/\/noticiasregionais.com.br\/index.php?rest_route=%2Fwp%2Fv2%2Fcategories&post=11411"},{"taxonomy":"post_tag","embeddable":true,"href":"https:\/\/noticiasregionais.com.br\/index.php?rest_route=%2Fwp%2Fv2%2Ftags&post=11411"}],"curies":[{"name":"wp","href":"https:\/\/api.w.org\/{rel}","templated":true}]}}