{"id":11413,"date":"2025-12-03T04:40:00","date_gmt":"2025-12-03T07:40:00","guid":{"rendered":"https:\/\/noticiasregionais.com.br\/?p=11413"},"modified":"2025-12-03T04:40:00","modified_gmt":"2025-12-03T07:40:00","slug":"governo-federal-anuncia-cerca-de-r-12-bilhoes-para-expansao-da-refinaria-abreu-e-lima-em-ipojuca-pe","status":"publish","type":"post","link":"https:\/\/noticiasregionais.com.br\/?p=11413","title":{"rendered":"Governo Federal anuncia cerca de R$ 12 bilh\u00f5es para expans\u00e3o da Refinaria Abreu e Lima em Ipojuca (PE)"},"content":{"rendered":"<p>\t\t\t\t\t\t\t\t\t\t\t<audio controls class=\"b61_audio_player\" data-noticia=\"86211\" src=\"https:\/\/brasil61.com\/rails\/active_storage\/blobs\/eyJfcmFpbHMiOnsibWVzc2FnZSI6IkJBaHBBL2JNQXc9PSIsImV4cCI6bnVsbCwicHVyIjoiYmxvYl9pZCJ9fQ==--bb4deb818c2a150c224f25467a07c3388187af74\/MPOR250149A\"><\/audio><\/p>\n<p>O Governo Federal anunciou <strong>investimentos que podem chegar a R$ 12 bilh\u00f5es na Refinaria Abreu e Lima<\/strong> (<a href=\"https:\/\/petrobras.com.br\/quem-somos\/refinaria-abreu-lima\" target=\"_blank\" rel=\"noopener\">Rnest<\/a>), localizada no Complexo Industrial Portu\u00e1rio de Suape, em Ipojuca (<a href=\"https:\/\/www.pe.gov.br\/\" target=\"_blank\" rel=\"noopener\">PE<\/a>). A cerim\u00f4nia, realizada nesta ter\u00e7a-feira (2), contou com a presen\u00e7a do presidente Luiz In\u00e1cio Lula da Silva e do ministro de Portos e Aeroportos, Silvio Costa Filho.<\/p>\n<p><strong>Principal obra do <a href=\"https:\/\/www.gov.br\/casacivil\/pt-br\/novopac\" target=\"_blank\" rel=\"noopener\">Novo PAC<\/a> em Pernambuco<\/strong>, o projeto de expans\u00e3o prev\u00ea elevar a capacidade de produ\u00e7\u00e3o da refinaria para 260 mil barris por dia at\u00e9 2029. A iniciativa dever\u00e1 gerar cerca de 30 mil empregos ao longo da constru\u00e7\u00e3o, considerada hist\u00f3rica para o estado.<\/p>\n<p>Durante o evento, Costa Filho destacou a import\u00e2ncia da integra\u00e7\u00e3o entre a Rnest e Suape. \u201cA Refinaria Abreu e Lima \u00e9 uma das mais modernas do Brasil e depende diretamente de Suape para receber petr\u00f3leo bruto e distribuir seus derivados. Investir aqui \u00e9 fortalecer a seguran\u00e7a energ\u00e9tica do pa\u00eds e garantir novas oportunidades de desenvolvimento para Pernambuco\u201d, afirmou.<\/p>\n<p>O presidente Lula ressaltou o papel estrat\u00e9gico da expans\u00e3o para o desenvolvimento nacional. \u201cA expans\u00e3o da Rnest e o crescimento de Suape mostram que o Nordeste voltou a ser prioridade. O que vemos agora confirma a soberania do nosso pa\u00eds e a for\u00e7a da Petrobras, a nossa maior empresa, gerando desenvolvimento, dignidade e benef\u00edcios diretos ao povo brasileiro. <strong>Quando investimos em energia, log\u00edstica e ind\u00fastria, estamos investindo no povo e no futuro do Brasil<\/strong>\u201d, disse.<\/p>\n<h2>Infraestrutura energ\u00e9tica<\/h2>\n<p>A <a href=\"https:\/\/petrobras.com.br\/\" target=\"_blank\" rel=\"noopener\">Petrobras<\/a> vai investir o montante\u00a0na <strong>conclus\u00e3o do Trem 2 da Refinaria Abreu e Lima e em atividades de manuten\u00e7\u00e3o do Trem 1<\/strong>. As obras devem adicionar 130 mil barris por dia \u00e0 capacidade de processamento e a produ\u00e7\u00e3o alcan\u00e7ar\u00e1 260 mil barris di\u00e1rios at\u00e9 2029.<\/p>\n<p>Atualmente, a constru\u00e7\u00e3o do Trem 2 mobiliza cerca de 5,7 mil trabalhadores e deve gerar, ao longo do empreendimento, aproximadamente 15 mil postos de trabalho diretos e indiretos.\u00a0<\/p>\n<p>A amplia\u00e7\u00e3o elevar\u00e1 de forma expressiva a produ\u00e7\u00e3o de derivados, com incremento de 88 mil barris di\u00e1rios de <a href=\"https:\/\/petrobras.com.br\/quem-somos\/oleo-diesel\" target=\"_blank\" rel=\"noopener\">Diesel S10<\/a>, al\u00e9m de <a href=\"https:\/\/petrobras.com.br\/quem-somos\/gasolina\" target=\"_blank\" rel=\"noopener\">gasolina<\/a>, <a href=\"https:\/\/petrobras.com.br\/quem-somos\/gas-liquefeito-de-petroleo\" target=\"_blank\" rel=\"noopener\">GLP<\/a> e nafta. O aumento da oferta contribuir\u00e1 para reduzir a depend\u00eancia de importa\u00e7\u00f5es e <strong>ampliar a autonomia energ\u00e9tica do pa\u00eds<\/strong>.<\/p>\n<p>O projeto segue diretrizes internacionais e <strong>incorpora tecnologias de menor impacto ambiental<\/strong>, com foco em:<\/p>\n<ul>\n<li>confiabilidade operacional;<\/li>\n<li>qualidade dos produtos;<\/li>\n<li>baixo custo de manuten\u00e7\u00e3o;<\/li>\n<li>efici\u00eancia energ\u00e9tica;<\/li>\n<li>uso racional de \u00e1gua; e<\/li>\n<li>elevados padr\u00f5es de seguran\u00e7a.<\/li>\n<\/ul>\n<h2>Integra\u00e7\u00e3o log\u00edstica<\/h2>\n<p>Segundo o Minist\u00e9rio de Portos e Aeroportos (<a href=\"https:\/\/www.gov.br\/portos-e-aeroportos\/pt-br\" target=\"_blank\" rel=\"noopener\">MPor<\/a>), dados recentes refor\u00e7am a relev\u00e2ncia da usina de refino para o complexo portu\u00e1rio. Em setembro de 2025, o <a href=\"https:\/\/www.suape.pe.gov.br\/pt\/\" target=\"_blank\" rel=\"noopener\">Porto de Suape<\/a> <strong>movimentou 2,2 milh\u00f5es de toneladas, alta de 10,33% em rela\u00e7\u00e3o ao ano anterior<\/strong>.\u00a0<\/p>\n<p>J\u00e1 o granel l\u00edquido somou 1,4 milh\u00e3o de toneladas, impulsionado pelo crescimento de 84,48% na movimenta\u00e7\u00e3o de petr\u00f3leo bruto, diretamente ligada \u00e0s opera\u00e7\u00f5es da Rnest.<\/p>\n<p><strong>VEJA MAIS:<\/strong><\/p>\n<ul>\n<li><a href=\"https:\/\/brasil61.com\/n\/portos-brasileiros-terao-sistema-de-amplia-seguranca-na-navegacao-investimento-chega-a-r-380-milhoes-mpor250136\" target=\"_blank\" rel=\"noopener\">Portos brasileiros ter\u00e3o sistema de amplia seguran\u00e7a na navega\u00e7\u00e3o; investimento chega a R$ 380 milh\u00f5es<\/a><\/li>\n<li><a href=\"https:\/\/brasil61.com\/n\/portos-brasileiros-batem-recorde-historico-de-movimentacao-no-3-trimestre-de-2025-mpor250135\" target=\"_blank\" rel=\"noopener\">Portos brasileiros batem recorde hist\u00f3rico de movimenta\u00e7\u00e3o no 3\u00ba trimestre de 2025<\/a><\/li>\n<\/ul>\n<p>\t\t\t\t\t\t\t\t\t\t<img decoding=\"async\" src=\"https:\/\/brasil61.com\/api\/v1\/serve_pixel\/22254\/86211\" alt=\"Pixel Brasil 61\" class=\"b61_pixel\" width=\"0\" height=\"0\"><\/p>\n<div class=\"br61_backlink\">\n<p>\n\t\t\t\tFonte: <a href=\"https:\/\/brasil61.com\/governo-federal-anuncia-cerca-de-r-12-bilhoes-para-expansao-da-refinaria-abreu-e-lima-em-ipojuca-pe-mpor250149\" title=\"Artigo Original: Governo Federal anuncia cerca de R$ 12 bilh\u00f5es para expans\u00e3o da Refinaria Abreu e Lima em Ipojuca (PE)\" target=\"_blank\" rel=\"noopener\">Brasil 61<\/a>\n\t\t\t<\/p>\n<\/p><\/div>\n<input type=\"hidden\" id=\"baseurl\" value=\"https:\/\/noticiasregionais.com.br\"><input type=\"hidden\" id=\"audio_nonce\" value=\"5c13e0637f\">","protected":false},"excerpt":{"rendered":"<p>Principal obra do Novo PAC em Pernambuco, o projeto de expans\u00e3o prev\u00ea elevar a capacidade de produ\u00e7\u00e3o da refinaria para 260 mil barris por dia at\u00e9 2029; evento contou com a presen\u00e7a do presidente Lula e do ministro Silvio Costa Filho<\/p>\n","protected":false},"author":1,"featured_media":11414,"comment_status":"","ping_status":"open","sticky":false,"template":"","format":"standard","meta":{"sfsi_plus_gutenberg_text_before_share":"","sfsi_plus_gutenberg_show_text_before_share":"","sfsi_plus_gutenberg_icon_type":"","sfsi_plus_gutenberg_icon_alignemt":"","sfsi_plus_gutenburg_max_per_row":"","footnotes":""},"categories":[8],"tags":[],"class_list":["post-11413","post","type-post","status-publish","format-standard","has-post-thumbnail","hentry","category-brasil"],"_links":{"self":[{"href":"https:\/\/noticiasregionais.com.br\/index.php?rest_route=\/wp\/v2\/posts\/11413","targetHints":{"allow":["GET"]}}],"collection":[{"href":"https:\/\/noticiasregionais.com.br\/index.php?rest_route=\/wp\/v2\/posts"}],"about":[{"href":"https:\/\/noticiasregionais.com.br\/index.php?rest_route=\/wp\/v2\/types\/post"}],"author":[{"embeddable":true,"href":"https:\/\/noticiasregionais.com.br\/index.php?rest_route=\/wp\/v2\/users\/1"}],"replies":[{"embeddable":true,"href":"https:\/\/noticiasregionais.com.br\/index.php?rest_route=%2Fwp%2Fv2%2Fcomments&post=11413"}],"version-history":[{"count":0,"href":"https:\/\/noticiasregionais.com.br\/index.php?rest_route=\/wp\/v2\/posts\/11413\/revisions"}],"wp:featuredmedia":[{"embeddable":true,"href":"https:\/\/noticiasregionais.com.br\/index.php?rest_route=\/wp\/v2\/media\/11414"}],"wp:attachment":[{"href":"https:\/\/noticiasregionais.com.br\/index.php?rest_route=%2Fwp%2Fv2%2Fmedia&parent=11413"}],"wp:term":[{"taxonomy":"category","embeddable":true,"href":"https:\/\/noticiasregionais.com.br\/index.php?rest_route=%2Fwp%2Fv2%2Fcategories&post=11413"},{"taxonomy":"post_tag","embeddable":true,"href":"https:\/\/noticiasregionais.com.br\/index.php?rest_route=%2Fwp%2Fv2%2Ftags&post=11413"}],"curies":[{"name":"wp","href":"https:\/\/api.w.org\/{rel}","templated":true}]}}