{"id":11415,"date":"2025-12-03T04:50:00","date_gmt":"2025-12-03T07:50:00","guid":{"rendered":"https:\/\/noticiasregionais.com.br\/?p=11415"},"modified":"2025-12-03T04:50:00","modified_gmt":"2025-12-03T07:50:00","slug":"projeto-liberdade-para-trabalhar-ganha-forca-em-municipios-e-impulsiona-abertura-de-empresas-diz-ilisp","status":"publish","type":"post","link":"https:\/\/noticiasregionais.com.br\/?p=11415","title":{"rendered":"Projeto \u201cLiberdade para Trabalhar\u201d ganha for\u00e7a em munic\u00edpios e impulsiona abertura de empresas, diz Ilisp"},"content":{"rendered":"<p>\t\t\t\t\t\t\t\t\t\t\t<audio controls class=\"b61_audio_player\" data-noticia=\"86204\" src=\"https:\/\/brasil61.com\/rails\/active_storage\/blobs\/eyJfcmFpbHMiOnsibWVzc2FnZSI6IkJBaHBBK0RNQXc9PSIsImV4cCI6bnVsbCwicHVyIjoiYmxvYl9pZCJ9fQ==--50087c567c36d1518974104a2d91bbe3595995a6\/CACB250095A\"><\/audio><\/p>\n<p>Durante o <a href=\"https:\/\/brasil61.com\/n\/parlamentares-e-setor-produtivo-pressionam-por-atualizacao-do-simples-nacional-ainda-em-2025-cacb250094\" target=\"_blank\" rel=\"noopener\"><strong>Summit da Micro e Pequena Empresa<\/strong><\/a> promovido pela <strong>Confedera\u00e7\u00e3o das Associa\u00e7\u00f5es Comerciais e Empresariais do Brasil (<a href=\"https:\/\/cacb.org.br\/\" target=\"_blank\" rel=\"noopener\">CACB<\/a>)<\/strong>, que discutiu tamb\u00e9m o reajuste da tabela do Simples Nacional, o CEO do Instituto Liberal de S\u00e3o Paulo (Ilisp), Marcelo Farias, apresentou avan\u00e7os do projeto <strong>Liberdade para Trabalhar<\/strong>, iniciativa criada para garantir a aplica\u00e7\u00e3o efetiva da <strong>Lei de Liberdade Econ\u00f4mica (<a href=\"https:\/\/www.planalto.gov.br\/ccivil_03\/_ato2019-2022\/2019\/lei\/l13874.htm\" target=\"_blank\" rel=\"noopener\">Lei no 13.874\/19<\/a>)<\/strong> nos estados e munic\u00edpios.<\/p>\n<p>Segundo Farias, antes da lei, abrir ou manter uma empresa exigia uma s\u00e9rie de autoriza\u00e7\u00f5es de \u00f3rg\u00e3os estaduais e municipais \u2013 de vigil\u00e2ncia sanit\u00e1ria a meio ambiente, bombeiros, defesa agropecu\u00e1ria e secretarias municipais. A legisla\u00e7\u00e3o federal de 2019 estabeleceu a <strong>dispensa de alvar\u00e1 para atividades consideradas de baixo risco<\/strong>, mas sua efetividade depende da regulamenta\u00e7\u00e3o local.<\/p>\n<p>\u201cSe o estado ou o munic\u00edpio n\u00e3o regulamenta, a lei simplesmente n\u00e3o \u00e9 aplicada. Corr\u00edamos o risco de ter mais uma daquelas leis que \u2018n\u00e3o pegam\u2019\u201d, afirmou. Para evitar esse cen\u00e1rio, o Ilisp lan\u00e7ou, em 2021, o projeto <strong>Liberdade para Trabalhar<\/strong>, que assessora estados e prefeituras na ado\u00e7\u00e3o da dispensa de alvar\u00e1. Nove estados j\u00e1 avan\u00e7aram com apoio da entidade.<\/p>\n<h2>Projeto acelera formaliza\u00e7\u00e3o e ambiente empreendedor<\/h2>\n<p>A <strong>CACB <\/strong>tamb\u00e9m tem colaborado na divulga\u00e7\u00e3o e articula\u00e7\u00e3o pol\u00edtica. A implanta\u00e7\u00e3o, de acordo com Farias, simplifica totalmente o processo: <strong>a dispensa de alvar\u00e1 passa a ser incorporada diretamente ao sistema da junta comercial ou da prefeitura, tornando invis\u00edvel a burocracia para o empreendedor<\/strong>.<\/p>\n<p>Os impactos j\u00e1 s\u00e3o observados: ap\u00f3s a ado\u00e7\u00e3o da lei, houve <strong>aumento m\u00e9dio de 40% na cria\u00e7\u00e3o de empregos formais<\/strong>, segundo dados do <strong>Cadastro Geral de Empregados e Desempregados (Caged)<\/strong>, e o <strong>n\u00famero de empresas abertas cresceu em m\u00e9dia 89%<\/strong>. Farias afirma que a medida beneficia principalmente o pequeno empreendedor, que passa a conseguir abrir um neg\u00f3cio de forma mais r\u00e1pida e digital.<\/p>\n<p>Para quem deseja saber se seu munic\u00edpio j\u00e1 aderiu, o Ilisp criou o site <a href=\"https:\/\/liberdadeparatrabalhar.com.br\/\" target=\"_blank\" rel=\"noopener\">https:\/\/liberdadeparatrabalhar.com.br\/<\/a> , que mostra o status de cada cidade e orienta como pressionar pela implementa\u00e7\u00e3o da lei.<br \/>\nFarias CEO refor\u00e7a o prop\u00f3sito da iniciativa: \u201cO melhor programa social \u00e9 o emprego \u2013 mas, atualizando um pouco, o melhor programa social \u00e9 a liberdade para trabalhar. Isso permite que o empreendedor gere seu pr\u00f3prio emprego e ainda crie oportunidades para outros.\u201d<br \/>\n\u00a0<\/p>\n<p>\t\t\t\t\t\t\t\t\t\t<img decoding=\"async\" src=\"https:\/\/brasil61.com\/api\/v1\/serve_pixel\/22254\/86204\" alt=\"Pixel Brasil 61\" class=\"b61_pixel\" width=\"0\" height=\"0\"><\/p>\n<div class=\"br61_backlink\">\n<p>\n\t\t\t\tFonte: <a href=\"https:\/\/brasil61.com\/projeto-liberdade-para-trabalhar-ganha-forca-em-municipios-e-impulsiona-abertura-de-empresas-diz-ilisp-cacb250095\" title=\"Artigo Original: Projeto \u201cLiberdade para Trabalhar\u201d ganha for\u00e7a em munic\u00edpios e impulsiona abertura de empresas, diz Ilisp\" target=\"_blank\" rel=\"noopener\">Brasil 61<\/a>\n\t\t\t<\/p>\n<\/p><\/div>\n<input type=\"hidden\" id=\"baseurl\" value=\"https:\/\/noticiasregionais.com.br\"><input type=\"hidden\" id=\"audio_nonce\" value=\"d4b05dd706\">","protected":false},"excerpt":{"rendered":"<p>CEO Marcelo Farias destaca que dispensa de alvar\u00e1 para atividades de baixo risco j\u00e1 elevou em at\u00e9 89% o n\u00famero de novos neg\u00f3cios e aumentou a gera\u00e7\u00e3o de empregos formais<\/p>\n","protected":false},"author":1,"featured_media":11416,"comment_status":"","ping_status":"open","sticky":false,"template":"","format":"standard","meta":{"sfsi_plus_gutenberg_text_before_share":"","sfsi_plus_gutenberg_show_text_before_share":"","sfsi_plus_gutenberg_icon_type":"","sfsi_plus_gutenberg_icon_alignemt":"","sfsi_plus_gutenburg_max_per_row":"","footnotes":""},"categories":[8],"tags":[],"class_list":["post-11415","post","type-post","status-publish","format-standard","has-post-thumbnail","hentry","category-brasil"],"_links":{"self":[{"href":"https:\/\/noticiasregionais.com.br\/index.php?rest_route=\/wp\/v2\/posts\/11415","targetHints":{"allow":["GET"]}}],"collection":[{"href":"https:\/\/noticiasregionais.com.br\/index.php?rest_route=\/wp\/v2\/posts"}],"about":[{"href":"https:\/\/noticiasregionais.com.br\/index.php?rest_route=\/wp\/v2\/types\/post"}],"author":[{"embeddable":true,"href":"https:\/\/noticiasregionais.com.br\/index.php?rest_route=\/wp\/v2\/users\/1"}],"replies":[{"embeddable":true,"href":"https:\/\/noticiasregionais.com.br\/index.php?rest_route=%2Fwp%2Fv2%2Fcomments&post=11415"}],"version-history":[{"count":0,"href":"https:\/\/noticiasregionais.com.br\/index.php?rest_route=\/wp\/v2\/posts\/11415\/revisions"}],"wp:featuredmedia":[{"embeddable":true,"href":"https:\/\/noticiasregionais.com.br\/index.php?rest_route=\/wp\/v2\/media\/11416"}],"wp:attachment":[{"href":"https:\/\/noticiasregionais.com.br\/index.php?rest_route=%2Fwp%2Fv2%2Fmedia&parent=11415"}],"wp:term":[{"taxonomy":"category","embeddable":true,"href":"https:\/\/noticiasregionais.com.br\/index.php?rest_route=%2Fwp%2Fv2%2Fcategories&post=11415"},{"taxonomy":"post_tag","embeddable":true,"href":"https:\/\/noticiasregionais.com.br\/index.php?rest_route=%2Fwp%2Fv2%2Ftags&post=11415"}],"curies":[{"name":"wp","href":"https:\/\/api.w.org\/{rel}","templated":true}]}}