{"id":11417,"date":"2025-12-03T04:55:00","date_gmt":"2025-12-03T07:55:00","guid":{"rendered":"https:\/\/noticiasregionais.com.br\/?p=11417"},"modified":"2025-12-03T04:55:00","modified_gmt":"2025-12-03T07:55:00","slug":"potencial-renovavel-do-nordeste-impulsiona-investimentos-e-inovacao-na-industria-brasileira","status":"publish","type":"post","link":"https:\/\/noticiasregionais.com.br\/?p=11417","title":{"rendered":"Potencial renov\u00e1vel do Nordeste impulsiona investimentos e inova\u00e7\u00e3o na ind\u00fastria brasileira"},"content":{"rendered":"<p>\t\t\t\t\t\t\t\t\t\t\t<audio controls class=\"b61_audio_player\" data-noticia=\"86203\" src=\"https:\/\/brasil61.com\/rails\/active_storage\/blobs\/eyJfcmFpbHMiOnsibWVzc2FnZSI6IkJBaHBBL0RNQXc9PSIsImV4cCI6bnVsbCwicHVyIjoiYmxvYl9pZCJ9fQ==--19eabcb628622fbc3de05f6d045f99a14b27f20f\/PIND254700A\"><\/audio><\/p>\n<p><strong>O Nordeste se consolida como polo da energia renov\u00e1vel no Brasil e atrai investimentos em projetos de transi\u00e7\u00e3o ecol\u00f3gica e digital. A regi\u00e3o det\u00e9m 93% da capacidade de energia e\u00f3lica e 20% da capacidade de energia solar instalada no Brasil. Al\u00e9m disso, o potencial e\u00f3lico offshore (em alto mar) da regi\u00e3o \u00e9 estimado em 700 GW, o que corresponde a 3,6 vezes a capacidade total de gera\u00e7\u00e3o j\u00e1 instalada no pa\u00eds.<\/strong><\/p>\n<p>Os dados foram apresentados pelo superintendente de Projetos de Inova\u00e7\u00e3o da Confedera\u00e7\u00e3o Nacional da Ind\u00fastria <a href=\"https:\/\/cni.portaldaindustria.com.br\/pt\/\" target=\"_blank\" rel=\"noopener\">(CNI)<\/a>, Carlos Bork, durante o Encontro Regional Nordeste da Jornada Nacional de Inova\u00e7\u00e3o da Ind\u00fastria, em Salvador (BA). Ocorrido no fim de novembro, o evento organizado pela CNI e pelo <a href=\"https:\/\/sebrae.com.br\/portal\/error_display.jsp\" target=\"_blank\" rel=\"noopener\">Sebrae<\/a> reuniu representantes dos nove estados da regi\u00e3o para alinhar estrat\u00e9gias e demonstrar o impacto da pauta energ\u00e9tica na economia local.<\/p>\n<p>Na ocasi\u00e3o, Bork destacou o cen\u00e1rio que mostra o potencial que a regi\u00e3o tem de investir em projetos inovadores. Para o superintendente, a participa\u00e7\u00e3o das empresas \u00e9 vista como uma oportunidade de exporem os principais desafios e alinharem estrat\u00e9gias para que as dificuldades sejam superadas futuramente.<\/p>\n<p>\u201cEssa \u00e9 a grande parte inteligente desse evento, a gente identificar e fortalecer o desafio conforme os interesses da ind\u00fastria para o crescimento, para o desenvolvimento, para aumentar a competitividade. O empres\u00e1rio que est\u00e1 participando tem voz ativa para dizer quais s\u00e3o os seus problemas, quais as suas oportunidades e poder, com as outras pessoas que est\u00e3o participando, dizer: olha, n\u00f3s estamos no caminho certo\u201d, explicou Bork.<\/p>\n<p>A pauta da energia renov\u00e1vel n\u00e3o se restringe apenas \u00e0 e\u00f3lica e solar. O encontro regional da Jornada mostrou que o Nordeste tamb\u00e9m se destaca no cen\u00e1rio nacional em outras \u00e1reas estrat\u00e9gicas:<\/p>\n<ul>\n<li>A regi\u00e3o se destaca pelo desenvolvimento de biocombust\u00edveis, n\u00e3o s\u00f3 com etanol da cana-de-a\u00e7\u00facar, mas tamb\u00e9m com agave, palma e outros insumos nativos;<\/li>\n<li>Investimentos de R$1,81 bilh\u00e3o em pesquisa e desenvolvimento em minerais estrat\u00e9gicos na regi\u00e3o entre 2019 e 2023, que correspondem a 40% do total do Brasil;<\/li>\n<li>Os estados do Nordeste t\u00eam 30% dos projetos de hidrog\u00eanio verde atualmente em curso no Brasil, com potencial derivado da capacidade e\u00f3lica e solar;<\/li>\n<li>Segunda regi\u00e3o em n\u00famero de startups, com crescimento de 43% ao ano entre 2015 e 2025.<\/li>\n<\/ul>\n<p>Durante a programa\u00e7\u00e3o, representantes da Borborema Recursos Estrat\u00e9gicos (BRE), MDI Industrial e Shell detalharam projetos desenvolvidos em parceria com o <a href=\"https:\/\/www.senaicimatec.com.br\/\" target=\"_blank\" rel=\"noopener\">SENAI Cimatec<\/a>. O objetivo foi mostrar como a ind\u00fastria tem aproveitado os potenciais da regi\u00e3o.<\/p>\n<h2>Shell \u2013 agave e bioenergia\u00a0<\/h2>\n<p><strong>O programa BRAVE (Brazilian Agave Development), da Shell Brasil com a Unicamp, o SENAI Cimatec e outros institutos, t\u00eam o intuito de desenvolver a agave como nova fonte de biomassa para produ\u00e7\u00e3o de bioenergia no semi\u00e1rido brasileiro.<\/strong><\/p>\n<p>O BRAVE conta com tr\u00eas frentes principais: BRAVE-Bio, para melhoramento gen\u00e9tico e desenvolvimento de mudas de baixo custo; BRAVE-Mec, de mecaniza\u00e7\u00e3o de plantio e colheita; e BRAVE-Ind, que trata das rotas industriais de processamento, por exemplo, para etanol de primeira e segunda gera\u00e7\u00e3o, biog\u00e1s e co\u00adprodutos.<\/p>\n<h2>Borborema \u2013 terras raras<\/h2>\n<p><strong>O gerente de ESG, Sa\u00fade e Seguran\u00e7a do Trabalho na Borborema Recursos Estrat\u00e9gicos (BRE), Rafael Boechat, comentou sobre o desenvolvimento de uma rota tecnol\u00f3gica de beneficiamento de min\u00e9rios de terras raras, em parceria com o SENAI Cimatec.<\/strong><\/p>\n<p>A ideia \u00e9 que, por meio do projeto, haja uma implanta\u00e7\u00e3o e valida\u00e7\u00e3o, em escalas laboratorial e piloto, de processos de concentra\u00e7\u00e3o de \u00f3xidos de terras raras provenientes da Prov\u00edncia Mineral Rocha da Rocha.<\/p>\n<p><a href=\"https:\/\/brasil61.com\/n\/estudo-da-cni-apresenta-acoes-para-destravar-us-1-3-trilhao-em-financiamento-climatico-pind254678\" target=\"_blank\" rel=\"noopener\">Estudo apresenta a\u00e7\u00f5es para destravar US$ 1,3 trilh\u00e3o em financiamento clim\u00e1tico<\/a><\/p>\n<p><a href=\"https:\/\/brasil61.com\/n\/producao-nacional-de-defesa-pode-gerar-r-60-9-bi-e-226-mil-empregos-aponta-cni-pind254699\" target=\"_blank\" rel=\"noopener\">Produ\u00e7\u00e3o nacional de defesa pode gerar R$ 60,9 bi e 226 mil empregos, aponta CNI<\/a><\/p>\n<p>Nesse caso, ser\u00e3o realizados testes de beneficiamento mineral, aprimoramento da infraestrutura e constru\u00e7\u00e3o de uma planta piloto para validar processos em condi\u00e7\u00f5es pr\u00f3ximas \u00e0 escala industrial.<\/p>\n<h2>MDI Industrial \u2013 tecnologia para o setor de sa\u00fade<\/h2>\n<p><strong>De acordo com a CNI, a MDI Industrial e o SENAI Cimatec t\u00eam quase 10 anos e mais de 20 projetos de parceria em pesquisa, desenvolvimento e inova\u00e7\u00e3o para o setor de sa\u00fade e bem-estar.<\/strong><\/p>\n<p>O CEO da MDI, Kleuder Le\u00e3o, afirmou que a empresa tem desenvolvido equipamentos nacionais com tecnologia de ponta. Em meio aos produtos entregues para o mercado nacional e internacional, destacam-se analisadores metab\u00f3licos e seus sistemas acess\u00f3rios, m\u00e1scara de respira\u00e7\u00e3o e m\u00e1quina de circula\u00e7\u00e3o extracorp\u00f3rea.\u00a0<\/p>\n<h2>Corre\u00e7\u00e3o das desigualdades regionais<\/h2>\n<p>Presente ao evento, o presidente da Federa\u00e7\u00e3o das Ind\u00fastrias do Estado da Bahia (FIEB), Carlos Henrique Passos, explicou que, entre as miss\u00f5es institucionais do Sistema Ind\u00fastria, est\u00e1 corrigir as desigualdades regionais. Na avalia\u00e7\u00e3o dele, o setor \u00e9 parte essencial no processo de desenvolvimento das \u00e1reas com menor capacidade econ\u00f4mica.<\/p>\n<p>&#8220;Para o Nordeste aumentar sua participa\u00e7\u00e3o no PIB do pa\u00eds, precisamos de ind\u00fastria. \u00c9 a ind\u00fastria que vai agregar valor \u00e0s nossas riquezas naturais. Antes n\u00e3o era, mas, hoje, o sol, os ventos e nosso bioma s\u00e3o uma riqueza\u201d, afirmou.<\/p>\n<h2>Jornada Nacional de Inova\u00e7\u00e3o da Ind\u00fastria<\/h2>\n<p><strong>A Jornada Nacional de Inova\u00e7\u00e3o da Ind\u00fastria \u00e9 um evento itinerante que est\u00e1 percorrendo todo o Brasil para discutir solu\u00e7\u00f5es, desafios e oportunidades de inova\u00e7\u00e3o para a ind\u00fastria brasileira por regi\u00e3o.<\/strong><\/p>\n<p>O movimento j\u00e1 percorreu as regi\u00f5es Nordeste, Sul e Centro-Oeste e segue agora para as regi\u00f5es Sudeste e Norte. O objetivo \u00e9 mapear as demandas e tecnologias que as ind\u00fastrias e deep techs (startups de base cient\u00edfica) utilizam para inovar.<br \/>\n\u00a0<\/p>\n<p>\t\t\t\t\t\t\t\t\t\t<img decoding=\"async\" src=\"https:\/\/brasil61.com\/api\/v1\/serve_pixel\/22254\/86203\" alt=\"Pixel Brasil 61\" class=\"b61_pixel\" width=\"0\" height=\"0\"><\/p>\n<div class=\"br61_backlink\">\n<p>\n\t\t\t\tFonte: <a href=\"https:\/\/brasil61.com\/potencial-renovavel-do-nordeste-impulsiona-investimentos-e-inovacao-na-industria-brasileira-pind254700\" title=\"Artigo Original: Potencial renov\u00e1vel do Nordeste impulsiona investimentos e inova\u00e7\u00e3o na ind\u00fastria brasileira\" target=\"_blank\" rel=\"noopener\">Brasil 61<\/a>\n\t\t\t<\/p>\n<\/p><\/div>\n<input type=\"hidden\" id=\"baseurl\" value=\"https:\/\/noticiasregionais.com.br\"><input type=\"hidden\" id=\"audio_nonce\" value=\"533fbb67b1\">","protected":false},"excerpt":{"rendered":"<p>Dados e projetos apresentados no encontro regional da Jornada Nacional de Inova\u00e7\u00e3o da Ind\u00fastria, em Salvador (BA), destacam a for\u00e7a e\u00f3lica, solar e de biocombust\u00edveis na regi\u00e3o<\/p>\n","protected":false},"author":1,"featured_media":11418,"comment_status":"","ping_status":"open","sticky":false,"template":"","format":"standard","meta":{"sfsi_plus_gutenberg_text_before_share":"","sfsi_plus_gutenberg_show_text_before_share":"","sfsi_plus_gutenberg_icon_type":"","sfsi_plus_gutenberg_icon_alignemt":"","sfsi_plus_gutenburg_max_per_row":"","footnotes":""},"categories":[8],"tags":[],"class_list":["post-11417","post","type-post","status-publish","format-standard","has-post-thumbnail","hentry","category-brasil"],"_links":{"self":[{"href":"https:\/\/noticiasregionais.com.br\/index.php?rest_route=\/wp\/v2\/posts\/11417","targetHints":{"allow":["GET"]}}],"collection":[{"href":"https:\/\/noticiasregionais.com.br\/index.php?rest_route=\/wp\/v2\/posts"}],"about":[{"href":"https:\/\/noticiasregionais.com.br\/index.php?rest_route=\/wp\/v2\/types\/post"}],"author":[{"embeddable":true,"href":"https:\/\/noticiasregionais.com.br\/index.php?rest_route=\/wp\/v2\/users\/1"}],"replies":[{"embeddable":true,"href":"https:\/\/noticiasregionais.com.br\/index.php?rest_route=%2Fwp%2Fv2%2Fcomments&post=11417"}],"version-history":[{"count":0,"href":"https:\/\/noticiasregionais.com.br\/index.php?rest_route=\/wp\/v2\/posts\/11417\/revisions"}],"wp:featuredmedia":[{"embeddable":true,"href":"https:\/\/noticiasregionais.com.br\/index.php?rest_route=\/wp\/v2\/media\/11418"}],"wp:attachment":[{"href":"https:\/\/noticiasregionais.com.br\/index.php?rest_route=%2Fwp%2Fv2%2Fmedia&parent=11417"}],"wp:term":[{"taxonomy":"category","embeddable":true,"href":"https:\/\/noticiasregionais.com.br\/index.php?rest_route=%2Fwp%2Fv2%2Fcategories&post=11417"},{"taxonomy":"post_tag","embeddable":true,"href":"https:\/\/noticiasregionais.com.br\/index.php?rest_route=%2Fwp%2Fv2%2Ftags&post=11417"}],"curies":[{"name":"wp","href":"https:\/\/api.w.org\/{rel}","templated":true}]}}