{"id":11420,"date":"2025-12-03T09:14:55","date_gmt":"2025-12-03T12:14:55","guid":{"rendered":"https:\/\/noticiasregionais.com.br\/?p=11420"},"modified":"2025-12-03T09:14:59","modified_gmt":"2025-12-03T12:14:59","slug":"policia-fecha-fundicao-clandestina-de-cobre-em-ourinhos","status":"publish","type":"post","link":"https:\/\/noticiasregionais.com.br\/?p=11420","title":{"rendered":"Pol\u00edcia fecha fundi\u00e7\u00e3o clandestina de cobre em Ourinhos"},"content":{"rendered":"\n<h3 class=\"wp-block-heading has-text-align-center\">Opera\u00e7\u00e3o flagra esquema de derretimento de fios furtados em \u00e1rea residencial; dono \u00e9 preso em flagrante<\/h3>\n\n\n\n<p>A Pol\u00edcia Civil de S\u00e3o Paulo fechou, na tarde de ter\u00e7a-feira (2\/12), uma fundi\u00e7\u00e3o clandestina de cobre que funcionava nos fundos de uma resid\u00eancia no Jardim Santos Dumont, em Ourinhos. O local era usado para processar fios furtados, principalmente cabos de telefonia, crime que vem causando preju\u00edzos frequentes \u00e0 infraestrutura urbana do munic\u00edpio.<\/p>\n\n\n\n<p>A a\u00e7\u00e3o foi conduzida pela Delegacia de Investiga\u00e7\u00f5es Gerais (DIG) de Ourinhos durante o cumprimento de mandado de busca e apreens\u00e3o expedido pela Justi\u00e7a. No im\u00f3vel, os policiais encontraram uma estrutura improvisada de car\u00e1ter industrial, com caldeiras, botij\u00f5es de g\u00e1s adaptados de forma irregular, formas met\u00e1licas, luvas de prote\u00e7\u00e3o, balan\u00e7a de precis\u00e3o e diversas ferramentas utilizadas para derreter e moldar o cobre.<\/p>\n\n\n\n<p>No quintal, as equipes localizaram grande quantidade de cabos telef\u00f4nicos da empresa Vivo\/Telef\u00f4nica, muitos j\u00e1 queimados para extra\u00e7\u00e3o do metal, al\u00e9m de lingotes rec\u00e9m-fundidos ainda quentes. Ao todo, foram apreendidos mais de 300 quilos de cobre e cabos, identificados por representantes da empresa como produto de furto, o que refor\u00e7a a liga\u00e7\u00e3o da atividade clandestina com a onda de crimes que interrompem servi\u00e7os de telefonia e internet e afetam diretamente a popula\u00e7\u00e3o.<\/p>\n\n\n\n<p>A pol\u00edcia apurou que o material era queimado a c\u00e9u aberto no pr\u00f3prio quintal, provocando emiss\u00e3o de fuma\u00e7a e gases t\u00f3xicos, o que configura crime ambiental. A instala\u00e7\u00e3o prec\u00e1ria das caldeiras e o uso de g\u00e1s liquefeito de petr\u00f3leo em desacordo com normas t\u00e9cnicas colocavam em risco n\u00e3o apenas o im\u00f3vel, mas toda a vizinhan\u00e7a, caracterizando tamb\u00e9m crime contra a ordem econ\u00f4mica pelo funcionamento de atividade potencialmente poluidora sem qualquer tipo de licen\u00e7a.<\/p>\n\n\n\n<p>O propriet\u00e1rio da resid\u00eancia, apontado como respons\u00e1vel pela fundi\u00e7\u00e3o ilegal, foi preso em flagrante pelos crimes de recepta\u00e7\u00e3o qualificada, polui\u00e7\u00e3o ambiental, funcionamento irregular de estabelecimento potencialmente poluidor e crime contra a ordem econ\u00f4mica. Ele foi encaminhado \u00e0 unidade da Pol\u00edcia Civil em Ourinhos e permaneceu detido, \u00e0 disposi\u00e7\u00e3o da Justi\u00e7a para audi\u00eancia de cust\u00f3dia, enquanto a DIG prossegue as investiga\u00e7\u00f5es para identificar a origem de outros lotes de cobre e eventuais comparsas no esquema.<\/p>\n\n\n\n<figure class=\"wp-block-gallery has-nested-images columns-2 is-cropped wp-block-gallery-1 is-layout-flex wp-block-gallery-is-layout-flex\">\n<figure class=\"wp-block-image size-large\"><a href=\"https:\/\/noticiasregionais.com.br\/wp-content\/uploads\/2025\/12\/WhatsApp-Image-2025-12-03-at-08.26.48.jpeg\"><img decoding=\"async\" width=\"576\" height=\"1024\" data-id=\"11422\" src=\"https:\/\/noticiasregionais.com.br\/wp-content\/uploads\/2025\/12\/WhatsApp-Image-2025-12-03-at-08.26.48-576x1024.jpeg\" alt=\"\" class=\"wp-image-11422\" srcset=\"https:\/\/noticiasregionais.com.br\/wp-content\/uploads\/2025\/12\/WhatsApp-Image-2025-12-03-at-08.26.48-576x1024.jpeg 576w, https:\/\/noticiasregionais.com.br\/wp-content\/uploads\/2025\/12\/WhatsApp-Image-2025-12-03-at-08.26.48-169x300.jpeg 169w, https:\/\/noticiasregionais.com.br\/wp-content\/uploads\/2025\/12\/WhatsApp-Image-2025-12-03-at-08.26.48.jpeg 720w\" sizes=\"(max-width: 576px) 100vw, 576px\" \/><\/a><\/figure>\n\n\n\n<figure class=\"wp-block-image size-large\"><a href=\"https:\/\/noticiasregionais.com.br\/wp-content\/uploads\/2025\/12\/WhatsApp-Image-2025-12-03-at-08.26.47-2.jpeg\"><img decoding=\"async\" width=\"576\" height=\"1024\" data-id=\"11424\" src=\"https:\/\/noticiasregionais.com.br\/wp-content\/uploads\/2025\/12\/WhatsApp-Image-2025-12-03-at-08.26.47-2-576x1024.jpeg\" alt=\"\" class=\"wp-image-11424\" srcset=\"https:\/\/noticiasregionais.com.br\/wp-content\/uploads\/2025\/12\/WhatsApp-Image-2025-12-03-at-08.26.47-2-576x1024.jpeg 576w, https:\/\/noticiasregionais.com.br\/wp-content\/uploads\/2025\/12\/WhatsApp-Image-2025-12-03-at-08.26.47-2-169x300.jpeg 169w, https:\/\/noticiasregionais.com.br\/wp-content\/uploads\/2025\/12\/WhatsApp-Image-2025-12-03-at-08.26.47-2.jpeg 720w\" sizes=\"(max-width: 576px) 100vw, 576px\" \/><\/a><\/figure>\n\n\n\n<figure class=\"wp-block-image size-large\"><a href=\"https:\/\/noticiasregionais.com.br\/wp-content\/uploads\/2025\/12\/WhatsApp-Image-2025-12-03-at-08.26.47.jpeg\"><img decoding=\"async\" width=\"1024\" height=\"576\" data-id=\"11423\" src=\"https:\/\/noticiasregionais.com.br\/wp-content\/uploads\/2025\/12\/WhatsApp-Image-2025-12-03-at-08.26.47-1024x576.jpeg\" alt=\"\" class=\"wp-image-11423\" srcset=\"https:\/\/noticiasregionais.com.br\/wp-content\/uploads\/2025\/12\/WhatsApp-Image-2025-12-03-at-08.26.47-1024x576.jpeg 1024w, https:\/\/noticiasregionais.com.br\/wp-content\/uploads\/2025\/12\/WhatsApp-Image-2025-12-03-at-08.26.47-300x169.jpeg 300w, https:\/\/noticiasregionais.com.br\/wp-content\/uploads\/2025\/12\/WhatsApp-Image-2025-12-03-at-08.26.47-768x432.jpeg 768w, https:\/\/noticiasregionais.com.br\/wp-content\/uploads\/2025\/12\/WhatsApp-Image-2025-12-03-at-08.26.47.jpeg 1280w\" sizes=\"(max-width: 1024px) 100vw, 1024px\" \/><\/a><\/figure>\n<\/figure>\n\n\n\n<p><\/p>\n<input type=\"hidden\" id=\"baseurl\" value=\"https:\/\/noticiasregionais.com.br\"><input type=\"hidden\" id=\"audio_nonce\" value=\"533fbb67b1\">","protected":false},"excerpt":{"rendered":"<p>Opera\u00e7\u00e3o flagra esquema de derretimento de fios furtados em \u00e1rea residencial; dono \u00e9 preso em flagrante A Pol\u00edcia Civil de&hellip;<\/p>\n","protected":false},"author":1,"featured_media":11421,"comment_status":"closed","ping_status":"open","sticky":false,"template":"","format":"standard","meta":{"sfsi_plus_gutenberg_text_before_share":"","sfsi_plus_gutenberg_show_text_before_share":"","sfsi_plus_gutenberg_icon_type":"","sfsi_plus_gutenberg_icon_alignemt":"","sfsi_plus_gutenburg_max_per_row":"","footnotes":""},"categories":[12,1,5],"tags":[16],"class_list":["post-11420","post","type-post","status-publish","format-standard","has-post-thumbnail","hentry","category-capa","category-noticias","category-ourinhos","tag-ourinhos"],"_links":{"self":[{"href":"https:\/\/noticiasregionais.com.br\/index.php?rest_route=\/wp\/v2\/posts\/11420","targetHints":{"allow":["GET"]}}],"collection":[{"href":"https:\/\/noticiasregionais.com.br\/index.php?rest_route=\/wp\/v2\/posts"}],"about":[{"href":"https:\/\/noticiasregionais.com.br\/index.php?rest_route=\/wp\/v2\/types\/post"}],"author":[{"embeddable":true,"href":"https:\/\/noticiasregionais.com.br\/index.php?rest_route=\/wp\/v2\/users\/1"}],"replies":[{"embeddable":true,"href":"https:\/\/noticiasregionais.com.br\/index.php?rest_route=%2Fwp%2Fv2%2Fcomments&post=11420"}],"version-history":[{"count":1,"href":"https:\/\/noticiasregionais.com.br\/index.php?rest_route=\/wp\/v2\/posts\/11420\/revisions"}],"predecessor-version":[{"id":11425,"href":"https:\/\/noticiasregionais.com.br\/index.php?rest_route=\/wp\/v2\/posts\/11420\/revisions\/11425"}],"wp:featuredmedia":[{"embeddable":true,"href":"https:\/\/noticiasregionais.com.br\/index.php?rest_route=\/wp\/v2\/media\/11421"}],"wp:attachment":[{"href":"https:\/\/noticiasregionais.com.br\/index.php?rest_route=%2Fwp%2Fv2%2Fmedia&parent=11420"}],"wp:term":[{"taxonomy":"category","embeddable":true,"href":"https:\/\/noticiasregionais.com.br\/index.php?rest_route=%2Fwp%2Fv2%2Fcategories&post=11420"},{"taxonomy":"post_tag","embeddable":true,"href":"https:\/\/noticiasregionais.com.br\/index.php?rest_route=%2Fwp%2Fv2%2Ftags&post=11420"}],"curies":[{"name":"wp","href":"https:\/\/api.w.org\/{rel}","templated":true}]}}