{"id":11431,"date":"2025-12-03T13:29:53","date_gmt":"2025-12-03T16:29:53","guid":{"rendered":"https:\/\/noticiasregionais.com.br\/?p=11431"},"modified":"2025-12-03T13:29:57","modified_gmt":"2025-12-03T16:29:57","slug":"prefeitura-suspende-de-licitacao-para-transporte-escolar-em-ourinhos-a-pedido-do-tribunal-de-contas","status":"publish","type":"post","link":"https:\/\/noticiasregionais.com.br\/?p=11431","title":{"rendered":"Prefeitura suspende de licita\u00e7\u00e3o para transporte escolar em Ourinhos a pedido do Tribunal de Contas"},"content":{"rendered":"\n<p>A Prefeitura de Ourinhos suspendeu o Preg\u00e3o Eletr\u00f4nico n\u00ba 33\/2025, referente ao Processo Administrativo n\u00ba 4-000154\/2025, que visava contratar empresa especializada para servi\u00e7os continuados de transporte escolar de alunos da rede p\u00fablica municipal, estadual e APAE. A abertura estava marcada para 3 de dezembro de 2025, \u00e0s 9h, mas o procedimento foi interrompido por determina\u00e7\u00e3o do Tribunal de Contas do Estado de S\u00e3o Paulo (TCE-SP), que exigiu reavalia\u00e7\u00e3o do edital e anexos. A administra\u00e7\u00e3o municipal comunicou que nova data ser\u00e1 divulgada oportunamente, com informa\u00e7\u00f5es adicionais dispon\u00edveis na Ger\u00eancia de Licita\u00e7\u00e3o e Compras, na Rua Monsenhor C\u00f3rdova, n\u00ba 198, Centro.\u200b<\/p>\n\n\n\n<h2 class=\"wp-block-heading\" id=\"motivos-da-interveno-do-tce-sp\">Motivos da Interven\u00e7\u00e3o do TCE-SP<\/h2>\n\n\n\n<p>O TCE-SP identificou irregularidades no edital que demandam ajustes antes da continuidade do certame, pr\u00e1tica comum para garantir transpar\u00eancia e conformidade com a Lei de Licita\u00e7\u00f5es. A suspens\u00e3o ocorre em momento sens\u00edvel, com o ano letivo em andamento e necessidade de renova\u00e7\u00e3o contratual para evitar interrup\u00e7\u00f5es no servi\u00e7o essencial prestado a milhares de estudantes. Autoridades municipais afirmam que o transporte atual segue garantido por contratos vigentes, mas pais j\u00e1 manifestam apreens\u00e3o com poss\u00edveis atrasos no pr\u00f3ximo ano escolar.\u200b<\/p>\n\n\n\n<h2 class=\"wp-block-heading\" id=\"impactos-para-a-comunidade-escolar\">Impactos para a Comunidade Escolar<\/h2>\n\n\n\n<ul class=\"wp-block-list\">\n<li>Alunos da rede municipal, estadual e APAE dependem do servi\u00e7o para acesso di\u00e1rio \u00e0s escolas, especialmente em \u00e1reas perif\u00e9ricas de Ourinhos.<\/li>\n\n\n\n<li>A reavalia\u00e7\u00e3o pode estender o processo em semanas, elevando custos operacionais e pressionando o or\u00e7amento da Secretaria Municipal de Educa\u00e7\u00e3o.\u200b<\/li>\n\n\n\n<li>Entidades como a APAE destacam urg\u00eancia, pois o transporte atende alunos com necessidades especiais, priorizando seguran\u00e7a e pontualidade.\u200b<\/li>\n<\/ul>\n<input type=\"hidden\" id=\"baseurl\" value=\"https:\/\/noticiasregionais.com.br\"><input type=\"hidden\" id=\"audio_nonce\" value=\"533fbb67b1\">","protected":false},"excerpt":{"rendered":"<p>A Prefeitura de Ourinhos suspendeu o Preg\u00e3o Eletr\u00f4nico n\u00ba 33\/2025, referente ao Processo Administrativo n\u00ba 4-000154\/2025, que visava contratar empresa&hellip;<\/p>\n","protected":false},"author":1,"featured_media":1330,"comment_status":"closed","ping_status":"open","sticky":false,"template":"","format":"standard","meta":{"sfsi_plus_gutenberg_text_before_share":"","sfsi_plus_gutenberg_show_text_before_share":"","sfsi_plus_gutenberg_icon_type":"","sfsi_plus_gutenberg_icon_alignemt":"","sfsi_plus_gutenburg_max_per_row":"","footnotes":""},"categories":[10,1,5],"tags":[16],"class_list":["post-11431","post","type-post","status-publish","format-standard","has-post-thumbnail","hentry","category-destaques","category-noticias","category-ourinhos","tag-ourinhos"],"_links":{"self":[{"href":"https:\/\/noticiasregionais.com.br\/index.php?rest_route=\/wp\/v2\/posts\/11431","targetHints":{"allow":["GET"]}}],"collection":[{"href":"https:\/\/noticiasregionais.com.br\/index.php?rest_route=\/wp\/v2\/posts"}],"about":[{"href":"https:\/\/noticiasregionais.com.br\/index.php?rest_route=\/wp\/v2\/types\/post"}],"author":[{"embeddable":true,"href":"https:\/\/noticiasregionais.com.br\/index.php?rest_route=\/wp\/v2\/users\/1"}],"replies":[{"embeddable":true,"href":"https:\/\/noticiasregionais.com.br\/index.php?rest_route=%2Fwp%2Fv2%2Fcomments&post=11431"}],"version-history":[{"count":1,"href":"https:\/\/noticiasregionais.com.br\/index.php?rest_route=\/wp\/v2\/posts\/11431\/revisions"}],"predecessor-version":[{"id":11432,"href":"https:\/\/noticiasregionais.com.br\/index.php?rest_route=\/wp\/v2\/posts\/11431\/revisions\/11432"}],"wp:featuredmedia":[{"embeddable":true,"href":"https:\/\/noticiasregionais.com.br\/index.php?rest_route=\/wp\/v2\/media\/1330"}],"wp:attachment":[{"href":"https:\/\/noticiasregionais.com.br\/index.php?rest_route=%2Fwp%2Fv2%2Fmedia&parent=11431"}],"wp:term":[{"taxonomy":"category","embeddable":true,"href":"https:\/\/noticiasregionais.com.br\/index.php?rest_route=%2Fwp%2Fv2%2Fcategories&post=11431"},{"taxonomy":"post_tag","embeddable":true,"href":"https:\/\/noticiasregionais.com.br\/index.php?rest_route=%2Fwp%2Fv2%2Ftags&post=11431"}],"curies":[{"name":"wp","href":"https:\/\/api.w.org\/{rel}","templated":true}]}}