{"id":11433,"date":"2025-12-03T13:38:51","date_gmt":"2025-12-03T16:38:51","guid":{"rendered":"https:\/\/noticiasregionais.com.br\/?p=11433"},"modified":"2025-12-03T13:38:53","modified_gmt":"2025-12-03T16:38:53","slug":"operacao-codesul-ii-31o-bpm-i-de-ourinhos-prende-5-suspeitos-e-apreende-drogas-na-divisa-pr-sp","status":"publish","type":"post","link":"https:\/\/noticiasregionais.com.br\/?p=11433","title":{"rendered":"Opera\u00e7\u00e3o CODESUL II: 31\u00ba BPM\/I de Ourinhos prende 5 suspeitos e apreende drogas na divisa PR-SP"},"content":{"rendered":"\n<p>O 31\u00ba Batalh\u00e3o de Pol\u00edcia Militar do Interior (BPM\/I) marcou presen\u00e7a na Opera\u00e7\u00e3o CODESUL II, a\u00e7\u00e3o integrada entre pol\u00edcias do Paran\u00e1 e S\u00e3o Paulo lan\u00e7ada na ter\u00e7a-feira (2) pr\u00f3ximo ao trevo de entrada de Ourinhos. Foco no combate ao crime transfronteiri\u00e7o, a opera\u00e7\u00e3o mobilizou ROTAM, BAEP, For\u00e7a Verde e equipes com c\u00e3es, resultando em 5 pris\u00f5es, incluindo um foragido da Justi\u00e7a, na \u00e1rea de atua\u00e7\u00e3o do batalh\u00e3o.<a href=\"https:\/\/portaljnn.com\/noticia\/35569\/pmpr-e-pmesp-deflagram-operacao-na-divisa-dos-estados\" target=\"_blank\" rel=\"noreferrer noopener\"><\/a>\u200b\u200b<\/p>\n\n\n\n<h2 class=\"wp-block-heading\" id=\"resultados-impressivos-no-combate-ao-crime\">Resultados impressivos no combate ao crime<\/h2>\n\n\n\n<p>Pol\u00edcia Militar abordou 67 pessoas e fiscalizou 19 carros e 14 motos, com 9 bloqueios e 32 pontos de visibilidade. Destaques incluem 2 flagrantes de tr\u00e1fico de drogas e 1 porte ilegal de arma.\u200b<\/p>\n\n\n\n<ul class=\"wp-block-list\">\n<li><strong>Pris\u00f5es<\/strong>: 5 pessoas detidas, 1 procurado capturado.<\/li>\n\n\n\n<li><strong>Apreens\u00f5es de drogas<\/strong>: 174g de coca\u00edna, 114g de crack, 117g de maconha (total: 405g).<\/li>\n\n\n\n<li><strong>Outras<\/strong>: 1 arma de fogo, 4 muni\u00e7\u00f5es, R$ 137,25 em dinheiro.<\/li>\n\n\n\n<li><strong>Infra\u00e7\u00f5es<\/strong>: 24 autos lavrados.\u200b<\/li>\n<\/ul>\n\n\n\n<p>Sob comando do Tenente-Coronel Juliano Prado Loureiro, o 31\u00ba BPM\/I atuou em parceria com o CPI-4 de Bauru e o 2\u00ba BPM de Jacarezinho (PR), intensificando patrulhas em rodovias, terminais e zonas rurais.<a rel=\"noreferrer noopener\" target=\"_blank\" href=\"https:\/\/tribunadovale.com.br\/2025\/12\/02\/policias-militares-do-parana-e-de-sao-paulo-deflagram-operacao-codesul-ii-na-divisa-entre-os-estados\/\"><\/a>\u200b<\/p>\n\n\n\n<h2 class=\"wp-block-heading\" id=\"estratgia-contra-crimes-na-fronteira\">Estrat\u00e9gia Contra Crimes na Fronteira<\/h2>\n\n\n\n<p>A CODESUL II visa bloquear rotas de drogas, contrabando e armas na divisa estrat\u00e9gica PR-SP. &#8220;A integra\u00e7\u00e3o refor\u00e7a a seguran\u00e7a e inibe o crime organizado&#8221;, destacou o Coronel Hudson Covolan, comandante do CPI-4. A opera\u00e7\u00e3o segue ativa, com balan\u00e7os parciais divulgados nas redes do 31\u00ba BPM\/I.<a rel=\"noreferrer noopener\" target=\"_blank\" href=\"https:\/\/www.instagram.com\/reel\/DRxjVirkR_5\/\"><\/a>\u200b<\/p>\n\n\n\n<p>Moradores de Ourinhos elogiam o refor\u00e7o: &#8220;Sensa\u00e7\u00e3o de mais prote\u00e7\u00e3o nas divisas&#8221;, comentou um v\u00eddeo oficial no Instagram. A PM promete continuidade para elevar a tranquilidade p\u00fablica.<\/p>\n\n\n\n<p><a href=\"https:\/\/www.instagram.com\/reel\/DRxjVirkR_5\/\" target=\"_blank\" rel=\"noreferrer noopener\"><\/a>\u200b\u200b<\/p>\n\n\n\n<figure class=\"wp-block-gallery has-nested-images columns-default is-cropped wp-block-gallery-1 is-layout-flex wp-block-gallery-is-layout-flex\">\n<figure class=\"wp-block-image size-large\"><a href=\"https:\/\/noticiasregionais.com.br\/wp-content\/uploads\/2025\/12\/WhatsApp-Image-2025-12-03-at-10.38.07.jpeg\"><img decoding=\"async\" width=\"768\" height=\"1024\" data-id=\"11435\" src=\"https:\/\/noticiasregionais.com.br\/wp-content\/uploads\/2025\/12\/WhatsApp-Image-2025-12-03-at-10.38.07-768x1024.jpeg\" alt=\"\" class=\"wp-image-11435\" srcset=\"https:\/\/noticiasregionais.com.br\/wp-content\/uploads\/2025\/12\/WhatsApp-Image-2025-12-03-at-10.38.07-768x1024.jpeg 768w, https:\/\/noticiasregionais.com.br\/wp-content\/uploads\/2025\/12\/WhatsApp-Image-2025-12-03-at-10.38.07-225x300.jpeg 225w, https:\/\/noticiasregionais.com.br\/wp-content\/uploads\/2025\/12\/WhatsApp-Image-2025-12-03-at-10.38.07-1152x1536.jpeg 1152w, https:\/\/noticiasregionais.com.br\/wp-content\/uploads\/2025\/12\/WhatsApp-Image-2025-12-03-at-10.38.07.jpeg 1200w\" sizes=\"(max-width: 768px) 100vw, 768px\" \/><\/a><\/figure>\n\n\n\n<figure class=\"wp-block-image size-large\"><a href=\"https:\/\/noticiasregionais.com.br\/wp-content\/uploads\/2025\/12\/WhatsApp-Image-2025-12-03-at-10.38.062.jpeg\"><img decoding=\"async\" width=\"1024\" height=\"483\" data-id=\"11439\" src=\"https:\/\/noticiasregionais.com.br\/wp-content\/uploads\/2025\/12\/WhatsApp-Image-2025-12-03-at-10.38.062-1024x483.jpeg\" alt=\"\" class=\"wp-image-11439\" srcset=\"https:\/\/noticiasregionais.com.br\/wp-content\/uploads\/2025\/12\/WhatsApp-Image-2025-12-03-at-10.38.062-1024x483.jpeg 1024w, https:\/\/noticiasregionais.com.br\/wp-content\/uploads\/2025\/12\/WhatsApp-Image-2025-12-03-at-10.38.062-300x141.jpeg 300w, https:\/\/noticiasregionais.com.br\/wp-content\/uploads\/2025\/12\/WhatsApp-Image-2025-12-03-at-10.38.062-768x362.jpeg 768w, https:\/\/noticiasregionais.com.br\/wp-content\/uploads\/2025\/12\/WhatsApp-Image-2025-12-03-at-10.38.062-1536x724.jpeg 1536w, https:\/\/noticiasregionais.com.br\/wp-content\/uploads\/2025\/12\/WhatsApp-Image-2025-12-03-at-10.38.062.jpeg 1600w\" sizes=\"(max-width: 1024px) 100vw, 1024px\" \/><\/a><\/figure>\n\n\n\n<figure class=\"wp-block-image size-large\"><a href=\"https:\/\/noticiasregionais.com.br\/wp-content\/uploads\/2025\/12\/WhatsApp-Image-2025-12-03-at-10.38.061.jpeg\"><img decoding=\"async\" width=\"768\" height=\"1024\" data-id=\"11436\" src=\"https:\/\/noticiasregionais.com.br\/wp-content\/uploads\/2025\/12\/WhatsApp-Image-2025-12-03-at-10.38.061-768x1024.jpeg\" alt=\"\" class=\"wp-image-11436\" srcset=\"https:\/\/noticiasregionais.com.br\/wp-content\/uploads\/2025\/12\/WhatsApp-Image-2025-12-03-at-10.38.061-768x1024.jpeg 768w, https:\/\/noticiasregionais.com.br\/wp-content\/uploads\/2025\/12\/WhatsApp-Image-2025-12-03-at-10.38.061-225x300.jpeg 225w, https:\/\/noticiasregionais.com.br\/wp-content\/uploads\/2025\/12\/WhatsApp-Image-2025-12-03-at-10.38.061-1152x1536.jpeg 1152w, https:\/\/noticiasregionais.com.br\/wp-content\/uploads\/2025\/12\/WhatsApp-Image-2025-12-03-at-10.38.061.jpeg 1200w\" sizes=\"(max-width: 768px) 100vw, 768px\" \/><\/a><\/figure>\n\n\n\n<figure class=\"wp-block-image size-large\"><a href=\"https:\/\/noticiasregionais.com.br\/wp-content\/uploads\/2025\/12\/WhatsApp-Image-2025-12-03-at-10.38.052.jpeg\"><img decoding=\"async\" width=\"768\" height=\"1024\" data-id=\"11438\" src=\"https:\/\/noticiasregionais.com.br\/wp-content\/uploads\/2025\/12\/WhatsApp-Image-2025-12-03-at-10.38.052-768x1024.jpeg\" alt=\"\" class=\"wp-image-11438\" srcset=\"https:\/\/noticiasregionais.com.br\/wp-content\/uploads\/2025\/12\/WhatsApp-Image-2025-12-03-at-10.38.052-768x1024.jpeg 768w, https:\/\/noticiasregionais.com.br\/wp-content\/uploads\/2025\/12\/WhatsApp-Image-2025-12-03-at-10.38.052-225x300.jpeg 225w, https:\/\/noticiasregionais.com.br\/wp-content\/uploads\/2025\/12\/WhatsApp-Image-2025-12-03-at-10.38.052-1152x1536.jpeg 1152w, https:\/\/noticiasregionais.com.br\/wp-content\/uploads\/2025\/12\/WhatsApp-Image-2025-12-03-at-10.38.052.jpeg 1200w\" sizes=\"(max-width: 768px) 100vw, 768px\" \/><\/a><\/figure>\n\n\n\n<figure class=\"wp-block-image size-large\"><a href=\"https:\/\/noticiasregionais.com.br\/wp-content\/uploads\/2025\/12\/WhatsApp-Image-2025-12-03-at-10.38.051.jpeg\"><img decoding=\"async\" width=\"1024\" height=\"549\" data-id=\"11440\" src=\"https:\/\/noticiasregionais.com.br\/wp-content\/uploads\/2025\/12\/WhatsApp-Image-2025-12-03-at-10.38.051-1024x549.jpeg\" alt=\"\" class=\"wp-image-11440\" srcset=\"https:\/\/noticiasregionais.com.br\/wp-content\/uploads\/2025\/12\/WhatsApp-Image-2025-12-03-at-10.38.051-1024x549.jpeg 1024w, https:\/\/noticiasregionais.com.br\/wp-content\/uploads\/2025\/12\/WhatsApp-Image-2025-12-03-at-10.38.051-300x161.jpeg 300w, https:\/\/noticiasregionais.com.br\/wp-content\/uploads\/2025\/12\/WhatsApp-Image-2025-12-03-at-10.38.051-768x412.jpeg 768w, https:\/\/noticiasregionais.com.br\/wp-content\/uploads\/2025\/12\/WhatsApp-Image-2025-12-03-at-10.38.051-1536x824.jpeg 1536w, https:\/\/noticiasregionais.com.br\/wp-content\/uploads\/2025\/12\/WhatsApp-Image-2025-12-03-at-10.38.051.jpeg 1600w\" sizes=\"(max-width: 1024px) 100vw, 1024px\" \/><\/a><\/figure>\n\n\n\n<figure class=\"wp-block-image size-large\"><a href=\"https:\/\/noticiasregionais.com.br\/wp-content\/uploads\/2025\/12\/WhatsApp-Image-2025-12-03-at-10.38.05.jpeg\"><img decoding=\"async\" width=\"1024\" height=\"398\" data-id=\"11434\" src=\"https:\/\/noticiasregionais.com.br\/wp-content\/uploads\/2025\/12\/WhatsApp-Image-2025-12-03-at-10.38.05-1024x398.jpeg\" alt=\"\" class=\"wp-image-11434\" srcset=\"https:\/\/noticiasregionais.com.br\/wp-content\/uploads\/2025\/12\/WhatsApp-Image-2025-12-03-at-10.38.05-1024x398.jpeg 1024w, https:\/\/noticiasregionais.com.br\/wp-content\/uploads\/2025\/12\/WhatsApp-Image-2025-12-03-at-10.38.05-300x117.jpeg 300w, https:\/\/noticiasregionais.com.br\/wp-content\/uploads\/2025\/12\/WhatsApp-Image-2025-12-03-at-10.38.05-768x299.jpeg 768w, https:\/\/noticiasregionais.com.br\/wp-content\/uploads\/2025\/12\/WhatsApp-Image-2025-12-03-at-10.38.05-1536x597.jpeg 1536w, https:\/\/noticiasregionais.com.br\/wp-content\/uploads\/2025\/12\/WhatsApp-Image-2025-12-03-at-10.38.05.jpeg 1600w\" sizes=\"(max-width: 1024px) 100vw, 1024px\" \/><\/a><\/figure>\n<\/figure>\n<input type=\"hidden\" id=\"baseurl\" value=\"https:\/\/noticiasregionais.com.br\"><input type=\"hidden\" id=\"audio_nonce\" value=\"533fbb67b1\">","protected":false},"excerpt":{"rendered":"<p>O 31\u00ba Batalh\u00e3o de Pol\u00edcia Militar do Interior (BPM\/I) marcou presen\u00e7a na Opera\u00e7\u00e3o CODESUL II, a\u00e7\u00e3o integrada entre pol\u00edcias do&hellip;<\/p>\n","protected":false},"author":1,"featured_media":11437,"comment_status":"closed","ping_status":"open","sticky":false,"template":"","format":"standard","meta":{"sfsi_plus_gutenberg_text_before_share":"","sfsi_plus_gutenberg_show_text_before_share":"","sfsi_plus_gutenberg_icon_type":"","sfsi_plus_gutenberg_icon_alignemt":"","sfsi_plus_gutenburg_max_per_row":"","footnotes":""},"categories":[1],"tags":[],"class_list":["post-11433","post","type-post","status-publish","format-standard","has-post-thumbnail","hentry","category-noticias"],"_links":{"self":[{"href":"https:\/\/noticiasregionais.com.br\/index.php?rest_route=\/wp\/v2\/posts\/11433","targetHints":{"allow":["GET"]}}],"collection":[{"href":"https:\/\/noticiasregionais.com.br\/index.php?rest_route=\/wp\/v2\/posts"}],"about":[{"href":"https:\/\/noticiasregionais.com.br\/index.php?rest_route=\/wp\/v2\/types\/post"}],"author":[{"embeddable":true,"href":"https:\/\/noticiasregionais.com.br\/index.php?rest_route=\/wp\/v2\/users\/1"}],"replies":[{"embeddable":true,"href":"https:\/\/noticiasregionais.com.br\/index.php?rest_route=%2Fwp%2Fv2%2Fcomments&post=11433"}],"version-history":[{"count":1,"href":"https:\/\/noticiasregionais.com.br\/index.php?rest_route=\/wp\/v2\/posts\/11433\/revisions"}],"predecessor-version":[{"id":11441,"href":"https:\/\/noticiasregionais.com.br\/index.php?rest_route=\/wp\/v2\/posts\/11433\/revisions\/11441"}],"wp:featuredmedia":[{"embeddable":true,"href":"https:\/\/noticiasregionais.com.br\/index.php?rest_route=\/wp\/v2\/media\/11437"}],"wp:attachment":[{"href":"https:\/\/noticiasregionais.com.br\/index.php?rest_route=%2Fwp%2Fv2%2Fmedia&parent=11433"}],"wp:term":[{"taxonomy":"category","embeddable":true,"href":"https:\/\/noticiasregionais.com.br\/index.php?rest_route=%2Fwp%2Fv2%2Fcategories&post=11433"},{"taxonomy":"post_tag","embeddable":true,"href":"https:\/\/noticiasregionais.com.br\/index.php?rest_route=%2Fwp%2Fv2%2Ftags&post=11433"}],"curies":[{"name":"wp","href":"https:\/\/api.w.org\/{rel}","templated":true}]}}