{"id":11442,"date":"2025-12-03T14:09:49","date_gmt":"2025-12-03T17:09:49","guid":{"rendered":"https:\/\/noticiasregionais.com.br\/?p=11442"},"modified":"2025-12-03T14:09:52","modified_gmt":"2025-12-03T17:09:52","slug":"prf-apreende-mais-de-11-kg-de-drogas-em-veiculo-com-compartimento-oculto-na-br-153-em-marilia","status":"publish","type":"post","link":"https:\/\/noticiasregionais.com.br\/?p=11442","title":{"rendered":"PRF apreende mais de 11 kg de drogas em ve\u00edculo com compartimento oculto na BR-153, em Mar\u00edlia"},"content":{"rendered":"\n<h3 class=\"wp-block-heading has-text-align-center\">Durante abordagem com apoio da Receita Federal, policiais encontraram coca\u00edna e haxixe escondidos sob a carroceria de um Fiat Strada<\/h3>\n\n\n\n<p>Mar\u00edlia (SP) \u2013 A Pol\u00edcia Rodovi\u00e1ria Federal (PRF) apreendeu, na noite desta segunda-feira (1\u00ba), mais de 11 quilos de drogas em um ve\u00edculo com compartimento oculto na BR-153, no entroncamento com a SP-294, em Mar\u00edlia. A a\u00e7\u00e3o, realizada por volta das 21h25, contou com o apoio da Receita Federal por meio de troca de informa\u00e7\u00f5es entre os \u00f3rg\u00e3os.<\/p>\n\n\n\n<p>O ve\u00edculo, um Fiat Strada, havia sido apontado como suspeito e foi localizado pelos agentes no trevo de acesso entre as duas rodovias. Durante a abordagem, o condutor demonstrou nervosismo e forneceu vers\u00f5es contradit\u00f3rias sobre a viagem, afirmando ter ido \u00e0 regi\u00e3o de fronteira apenas \u201cbuscar o carro\u201d.<\/p>\n\n\n\n<p>Diante da incongru\u00eancia das respostas, os policiais fizeram uma busca detalhada no autom\u00f3vel e descobriram um compartimento secreto instalado abaixo da carroceria. No interior, foram encontrados 10,690 quilos de cloridrato de coca\u00edna e 0,945 quilo de haxixe.<\/p>\n\n\n\n<p>O motorista declarou que havia buscado o ve\u00edculo pr\u00f3ximo a Amambai (MS) e que o levaria at\u00e9 S\u00e3o Paulo (SP), onde receberia R$ 3 mil pelo transporte. Ele foi preso em flagrante por tr\u00e1fico de drogas e encaminhado, junto ao ve\u00edculo e \u00e0 carga de entorpecentes, para a Delegacia da Pol\u00edcia Civil de Mar\u00edlia.<\/p>\n\n\n\n<p>A PRF destacou que continua atuando de forma integrada com outros \u00f3rg\u00e3os de fiscaliza\u00e7\u00e3o e intelig\u00eancia, como a Receita Federal, no combate ao crime organizado e ao tr\u00e1fico de drogas nas rodovias federais do interior paulista.<\/p>\n<input type=\"hidden\" id=\"baseurl\" value=\"https:\/\/noticiasregionais.com.br\"><input type=\"hidden\" id=\"audio_nonce\" value=\"533fbb67b1\">","protected":false},"excerpt":{"rendered":"<p>Durante abordagem com apoio da Receita Federal, policiais encontraram coca\u00edna e haxixe escondidos sob a carroceria de um Fiat Strada&hellip;<\/p>\n","protected":false},"author":1,"featured_media":11443,"comment_status":"closed","ping_status":"open","sticky":false,"template":"","format":"standard","meta":{"sfsi_plus_gutenberg_text_before_share":"","sfsi_plus_gutenberg_show_text_before_share":"","sfsi_plus_gutenberg_icon_type":"","sfsi_plus_gutenberg_icon_alignemt":"","sfsi_plus_gutenburg_max_per_row":"","footnotes":""},"categories":[10,1,6],"tags":[25],"class_list":["post-11442","post","type-post","status-publish","format-standard","has-post-thumbnail","hentry","category-destaques","category-noticias","category-sao_paulo","tag-marilia"],"_links":{"self":[{"href":"https:\/\/noticiasregionais.com.br\/index.php?rest_route=\/wp\/v2\/posts\/11442","targetHints":{"allow":["GET"]}}],"collection":[{"href":"https:\/\/noticiasregionais.com.br\/index.php?rest_route=\/wp\/v2\/posts"}],"about":[{"href":"https:\/\/noticiasregionais.com.br\/index.php?rest_route=\/wp\/v2\/types\/post"}],"author":[{"embeddable":true,"href":"https:\/\/noticiasregionais.com.br\/index.php?rest_route=\/wp\/v2\/users\/1"}],"replies":[{"embeddable":true,"href":"https:\/\/noticiasregionais.com.br\/index.php?rest_route=%2Fwp%2Fv2%2Fcomments&post=11442"}],"version-history":[{"count":1,"href":"https:\/\/noticiasregionais.com.br\/index.php?rest_route=\/wp\/v2\/posts\/11442\/revisions"}],"predecessor-version":[{"id":11444,"href":"https:\/\/noticiasregionais.com.br\/index.php?rest_route=\/wp\/v2\/posts\/11442\/revisions\/11444"}],"wp:featuredmedia":[{"embeddable":true,"href":"https:\/\/noticiasregionais.com.br\/index.php?rest_route=\/wp\/v2\/media\/11443"}],"wp:attachment":[{"href":"https:\/\/noticiasregionais.com.br\/index.php?rest_route=%2Fwp%2Fv2%2Fmedia&parent=11442"}],"wp:term":[{"taxonomy":"category","embeddable":true,"href":"https:\/\/noticiasregionais.com.br\/index.php?rest_route=%2Fwp%2Fv2%2Fcategories&post=11442"},{"taxonomy":"post_tag","embeddable":true,"href":"https:\/\/noticiasregionais.com.br\/index.php?rest_route=%2Fwp%2Fv2%2Ftags&post=11442"}],"curies":[{"name":"wp","href":"https:\/\/api.w.org\/{rel}","templated":true}]}}