{"id":11445,"date":"2025-12-03T14:24:12","date_gmt":"2025-12-03T17:24:12","guid":{"rendered":"https:\/\/noticiasregionais.com.br\/?p=11445"},"modified":"2025-12-03T14:24:15","modified_gmt":"2025-12-03T17:24:15","slug":"idoso-de-74-anos-desaparece-em-cambara-e-bombeiros-intensificam-buscas","status":"publish","type":"post","link":"https:\/\/noticiasregionais.com.br\/?p=11445","title":{"rendered":"Idoso de 74 anos desaparece em Cambar\u00e1 e bombeiros intensificam buscas"},"content":{"rendered":"\n<h3 class=\"wp-block-heading has-text-align-center\">Corpo de Bombeiros amplia opera\u00e7\u00f5es com c\u00e3es farejadores em busca de Jacob Amado Vicente, vendedor de sorvete sumido desde 1\u00ba de dezembro.<a href=\"https:\/\/g1.globo.com\/pr\/norte-noroeste\/videos-meio-dia-parana-londrina\/video\/vendedor-de-sorvete-de-74-anos-desaparece-e-bombeiros-iniciam-buscas-em-cambara-14149685.ghtml\" target=\"_blank\" rel=\"noreferrer noopener\"><\/a>\u200b<\/h3>\n\n\n\n<p>Cambar\u00e1 (PR) \u2013 Jacob Amado Vicente, idoso de 74 anos conhecido como vendedor de sorvete, est\u00e1 desaparecido desde a tarde de 1\u00ba de dezembro em Cambar\u00e1, no norte do Paran\u00e1. O Corpo de Bombeiros intensificou as buscas pelo homem, com apoio de c\u00e3es farejadores para rastrear poss\u00edveis pistas na regi\u00e3o.<a rel=\"noreferrer noopener\" target=\"_blank\" href=\"https:\/\/portaljnn.com\/noticia\/35572\/corpo-de-bombeiros-amplia-buscas-por-idoso-desaparecido-em-cambara-com-apoio-cao-farejador\"><\/a>\u200b<\/p>\n\n\n\n<p>De acordo com informa\u00e7\u00f5es divulgadas pela Folha Extra, o desaparecimento mobilizou equipes especializadas que ampliaram o per\u00edmetro de opera\u00e7\u00e3o. Jacob foi visto pela \u00faltima vez na \u00e1rea urbana da cidade, e as a\u00e7\u00f5es continuam em andamento para localizar o idoso.<a rel=\"noreferrer noopener\" target=\"_blank\" href=\"https:\/\/g1.globo.com\/pr\/norte-noroeste\/videos-meio-dia-parana-londrina\/video\/vendedor-de-sorvete-de-74-anos-desaparece-e-bombeiros-iniciam-buscas-em-cambara-14149685.ghtml\"><\/a>\u200b<\/p>\n\n\n\n<p>A reportagem original da Folha Extra detalha o caso e refor\u00e7a a import\u00e2ncia da colabora\u00e7\u00e3o comunit\u00e1ria nas buscas. O Portal Not\u00edcias Regionais acompanha atualiza\u00e7\u00f5es sobre o desaparecimento em Cambar\u00e1.<a rel=\"noreferrer noopener\" target=\"_blank\" href=\"https:\/\/g1.globo.com\/pr\/norte-noroeste\/videos-meio-dia-parana-londrina\/video\/vendedor-de-sorvete-de-74-anos-desaparece-e-bombeiros-iniciam-buscas-em-cambara-14149685.ghtml\"><\/a>\u200b<\/p>\n<input type=\"hidden\" id=\"baseurl\" value=\"https:\/\/noticiasregionais.com.br\"><input type=\"hidden\" id=\"audio_nonce\" value=\"533fbb67b1\">","protected":false},"excerpt":{"rendered":"<p>Corpo de Bombeiros amplia opera\u00e7\u00f5es com c\u00e3es farejadores em busca de Jacob Amado Vicente, vendedor de sorvete sumido desde 1\u00ba&hellip;<\/p>\n","protected":false},"author":1,"featured_media":11447,"comment_status":"closed","ping_status":"open","sticky":false,"template":"","format":"standard","meta":{"sfsi_plus_gutenberg_text_before_share":"","sfsi_plus_gutenberg_show_text_before_share":"","sfsi_plus_gutenberg_icon_type":"","sfsi_plus_gutenberg_icon_alignemt":"","sfsi_plus_gutenburg_max_per_row":"","footnotes":""},"categories":[10,1,7],"tags":[14],"class_list":["post-11445","post","type-post","status-publish","format-standard","has-post-thumbnail","hentry","category-destaques","category-noticias","category-parana","tag-cambara"],"_links":{"self":[{"href":"https:\/\/noticiasregionais.com.br\/index.php?rest_route=\/wp\/v2\/posts\/11445","targetHints":{"allow":["GET"]}}],"collection":[{"href":"https:\/\/noticiasregionais.com.br\/index.php?rest_route=\/wp\/v2\/posts"}],"about":[{"href":"https:\/\/noticiasregionais.com.br\/index.php?rest_route=\/wp\/v2\/types\/post"}],"author":[{"embeddable":true,"href":"https:\/\/noticiasregionais.com.br\/index.php?rest_route=\/wp\/v2\/users\/1"}],"replies":[{"embeddable":true,"href":"https:\/\/noticiasregionais.com.br\/index.php?rest_route=%2Fwp%2Fv2%2Fcomments&post=11445"}],"version-history":[{"count":1,"href":"https:\/\/noticiasregionais.com.br\/index.php?rest_route=\/wp\/v2\/posts\/11445\/revisions"}],"predecessor-version":[{"id":11448,"href":"https:\/\/noticiasregionais.com.br\/index.php?rest_route=\/wp\/v2\/posts\/11445\/revisions\/11448"}],"wp:featuredmedia":[{"embeddable":true,"href":"https:\/\/noticiasregionais.com.br\/index.php?rest_route=\/wp\/v2\/media\/11447"}],"wp:attachment":[{"href":"https:\/\/noticiasregionais.com.br\/index.php?rest_route=%2Fwp%2Fv2%2Fmedia&parent=11445"}],"wp:term":[{"taxonomy":"category","embeddable":true,"href":"https:\/\/noticiasregionais.com.br\/index.php?rest_route=%2Fwp%2Fv2%2Fcategories&post=11445"},{"taxonomy":"post_tag","embeddable":true,"href":"https:\/\/noticiasregionais.com.br\/index.php?rest_route=%2Fwp%2Fv2%2Ftags&post=11445"}],"curies":[{"name":"wp","href":"https:\/\/api.w.org\/{rel}","templated":true}]}}