{"id":11449,"date":"2025-12-03T14:44:05","date_gmt":"2025-12-03T17:44:05","guid":{"rendered":"https:\/\/noticiasregionais.com.br\/?p=11449"},"modified":"2025-12-03T14:44:08","modified_gmt":"2025-12-03T17:44:08","slug":"camara-de-ourinhos-convoca-sessao-extraordinaria-para-quinta-com-5-projetos-enviados-pelo-prefeito","status":"publish","type":"post","link":"https:\/\/noticiasregionais.com.br\/?p=11449","title":{"rendered":"C\u00e2mara de Ourinhos convoca sess\u00e3o extraordin\u00e1ria para Quinta com 5 projetos enviados pelo Prefeito"},"content":{"rendered":"\n<p>A C\u00e2mara Municipal de Ourinhos realiza nesta quinta-feira, 4 de dezembro, \u00e0s 10h, a 2\u00aa Sess\u00e3o Extraordin\u00e1ria do ano, com pauta exclusiva composta por cinco projetos de lei enviados pelo prefeito Guilherme Andrew Gon\u00e7alves da Silva. A sess\u00e3o ocorre no Edif\u00edcio Vereador Waldemar Leondio Ambrozim, com discuss\u00e3o e vota\u00e7\u00e3o em \u00fanica fase, focando em reformas previdenci\u00e1rias, reajustes salariais e ajustes no magist\u00e9rio p\u00fablico.PAUTA-2a-SESSAO-EXTRAORDINARIA.pdf\u200b<\/p>\n\n\n\n<h2 class=\"wp-block-heading\" id=\"projetos-em-pauta\">Projetos em Pauta<\/h2>\n\n\n\n<p>Os assuntos tratam de governan\u00e7a no Instituto de Previd\u00eancia (IPMO), valoriza\u00e7\u00e3o de servidores e equidade salarial:<\/p>\n\n\n\n<ul class=\"wp-block-list\">\n<li><strong>PL n\u00ba 83\/2025<\/strong>: Cria controle interno no IPMO para monitorar riscos e conformidade legal.projeto-de-lei-no-83-2025-e7cea5201b346d10a9965298ee4ab509.pdf\u200b<\/li>\n\n\n\n<li><strong>PLC n\u00ba 19\/2025<\/strong>: Institui cargo efetivo de Controlador Interno e fun\u00e7\u00e3o transit\u00f3ria no IPMO, com concurso em 60 dias.projeto-de-lei-complementar-no-be9f4e89e33c5b2b47fdf05a66060db5.pdf\u200b<\/li>\n\n\n\n<li><strong>PLC n\u00ba 20\/2025<\/strong>: Altera estatuto do magist\u00e9rio para equiparar direitos de professores substitutos aos titulares.legislativo-projeto-de-lei-complementar-151457-69298acbd12e8.pdf\u200b<\/li>\n\n\n\n<li><strong>PLC n\u00ba 21\/2025<\/strong>: Reajuste de 3,09% nos sal\u00e1rios do magist\u00e9rio ativo, a partir de janeiro de 2026.projeto-de-lei-complementar-no-7f57ec4e42cd2b4426316698d1893947.pdf\u200b<\/li>\n\n\n\n<li><strong>PLC n\u00ba 24\/2025<\/strong>: Estende reajuste salarial a inativos e pensionistas, garantindo paridade previdenci\u00e1ria.legislativo-projeto-de-lei-complementar-151631-6929945f6b388.pdf\u200b<\/li>\n<\/ul>\n\n\n\n<p>Todos preveem vig\u00eancia em 1\u00ba de janeiro de 2026, com despesas via dota\u00e7\u00f5es or\u00e7ament\u00e1rias pr\u00f3prias.PAUTA-2a-SESSAO-EXTRAORDINARIA.pdf\u200b<\/p>\n\n\n\n<h2 class=\"wp-block-heading\" id=\"convite-s-classes-interessadas\">Convite \u00e0s Classes Interessadas<\/h2>\n\n\n\n<p>Servidores p\u00fablicos, professores, sindicatos como o SINSERPO, aposentados e pensionistas do IPMO s\u00e3o convidados a acompanhar a sess\u00e3o presencialmente ou via transmiss\u00e3o no site <a href=\"http:\/\/www.camaraourinhos.sp.gov.br\/\" target=\"_blank\" rel=\"noreferrer noopener\">www.camaraourinhos.sp.gov.br<\/a>. A participa\u00e7\u00e3o popular fortalece a transpar\u00eancia na aprova\u00e7\u00e3o de medidas que impactam a gest\u00e3o municipal e direitos trabalhistas.<\/p>\n\n\n\n<div data-wp-interactive=\"core\/file\" class=\"wp-block-file\"><object data-wp-bind--hidden=\"!state.hasPdfPreview\" hidden class=\"wp-block-file__embed\" data=\"https:\/\/noticiasregionais.com.br\/wp-content\/uploads\/2025\/12\/PAUTA-2a-SESSAO-EXTRAORDINARIA.pdf\" type=\"application\/pdf\" style=\"width:100%;height:820px\" aria-label=\"Incorporado de PAUTA 2\u00aa SESS\u00c3O EXTRAORDIN\u00c1RIA.\"><\/object><a id=\"wp-block-file--media-7aa77f8b-8cd9-4bfc-ad0f-2c33a0ff6ce7\" href=\"https:\/\/noticiasregionais.com.br\/wp-content\/uploads\/2025\/12\/PAUTA-2a-SESSAO-EXTRAORDINARIA.pdf\">PAUTA 2\u00aa SESS\u00c3O EXTRAORDIN\u00c1RIA<\/a><a href=\"https:\/\/noticiasregionais.com.br\/wp-content\/uploads\/2025\/12\/PAUTA-2a-SESSAO-EXTRAORDINARIA.pdf\" class=\"wp-block-file__button wp-element-button\" aria-describedby=\"wp-block-file--media-7aa77f8b-8cd9-4bfc-ad0f-2c33a0ff6ce7\" download>Baixar<\/a><\/div>\n<input type=\"hidden\" id=\"baseurl\" value=\"https:\/\/noticiasregionais.com.br\"><input type=\"hidden\" id=\"audio_nonce\" value=\"533fbb67b1\">","protected":false},"excerpt":{"rendered":"<p>A C\u00e2mara Municipal de Ourinhos realiza nesta quinta-feira, 4 de dezembro, \u00e0s 10h, a 2\u00aa Sess\u00e3o Extraordin\u00e1ria do ano, com&hellip;<\/p>\n","protected":false},"author":1,"featured_media":4798,"comment_status":"closed","ping_status":"open","sticky":false,"template":"","format":"standard","meta":{"sfsi_plus_gutenberg_text_before_share":"","sfsi_plus_gutenberg_show_text_before_share":"","sfsi_plus_gutenberg_icon_type":"","sfsi_plus_gutenberg_icon_alignemt":"","sfsi_plus_gutenburg_max_per_row":"","footnotes":""},"categories":[12,1,5],"tags":[16],"class_list":["post-11449","post","type-post","status-publish","format-standard","has-post-thumbnail","hentry","category-capa","category-noticias","category-ourinhos","tag-ourinhos"],"_links":{"self":[{"href":"https:\/\/noticiasregionais.com.br\/index.php?rest_route=\/wp\/v2\/posts\/11449","targetHints":{"allow":["GET"]}}],"collection":[{"href":"https:\/\/noticiasregionais.com.br\/index.php?rest_route=\/wp\/v2\/posts"}],"about":[{"href":"https:\/\/noticiasregionais.com.br\/index.php?rest_route=\/wp\/v2\/types\/post"}],"author":[{"embeddable":true,"href":"https:\/\/noticiasregionais.com.br\/index.php?rest_route=\/wp\/v2\/users\/1"}],"replies":[{"embeddable":true,"href":"https:\/\/noticiasregionais.com.br\/index.php?rest_route=%2Fwp%2Fv2%2Fcomments&post=11449"}],"version-history":[{"count":1,"href":"https:\/\/noticiasregionais.com.br\/index.php?rest_route=\/wp\/v2\/posts\/11449\/revisions"}],"predecessor-version":[{"id":11451,"href":"https:\/\/noticiasregionais.com.br\/index.php?rest_route=\/wp\/v2\/posts\/11449\/revisions\/11451"}],"wp:featuredmedia":[{"embeddable":true,"href":"https:\/\/noticiasregionais.com.br\/index.php?rest_route=\/wp\/v2\/media\/4798"}],"wp:attachment":[{"href":"https:\/\/noticiasregionais.com.br\/index.php?rest_route=%2Fwp%2Fv2%2Fmedia&parent=11449"}],"wp:term":[{"taxonomy":"category","embeddable":true,"href":"https:\/\/noticiasregionais.com.br\/index.php?rest_route=%2Fwp%2Fv2%2Fcategories&post=11449"},{"taxonomy":"post_tag","embeddable":true,"href":"https:\/\/noticiasregionais.com.br\/index.php?rest_route=%2Fwp%2Fv2%2Ftags&post=11449"}],"curies":[{"name":"wp","href":"https:\/\/api.w.org\/{rel}","templated":true}]}}