{"id":11454,"date":"2025-12-04T04:00:00","date_gmt":"2025-12-04T07:00:00","guid":{"rendered":"https:\/\/noticiasregionais.com.br\/?p=11454"},"modified":"2025-12-04T04:00:00","modified_gmt":"2025-12-04T07:00:00","slug":"cafe-hoje-confira-as-cotacoes-para-esta-quinta-feira-4","status":"publish","type":"post","link":"https:\/\/noticiasregionais.com.br\/?p=11454","title":{"rendered":"Caf\u00e9 hoje: confira as cota\u00e7\u00f5es para esta quinta-feira (4)"},"content":{"rendered":"<p>\t\t\t\t\t\t\t\t\t\t\t<audio controls class=\"b61_audio_player\" data-noticia=\"86231\" src=\"https:\/\/brasil61.com\/rails\/active_storage\/blobs\/eyJfcmFpbHMiOnsibWVzc2FnZSI6IkJBaHBBKzNOQXc9PSIsImV4cCI6bnVsbCwicHVyIjoiYmxvYl9pZCJ9fQ==--2bd8700c3211381a4e439fe2c6f654fc5e13c295\/PAGR255967A\"><\/audio><\/p>\n<p>O pre\u00e7o do <strong>caf\u00e9 ar\u00e1bica<\/strong>\u00a0abre\u00a0esta <strong>quinta-feira (4)<\/strong> em\u00a0<strong>baixa de 0,62%<\/strong>, com a saca de 60 kg negociada a <strong>R$ 2.217,50\u00a0<\/strong>na cidade de S\u00e3o Paulo.<\/p>\n<p><strong>INDICADOR DO CAF\u00c9 AR\u00c1BICA CEPEA\/ESALQ<\/strong><\/p>\n<\/p>\n<\/p>\n<\/p>\n<\/p>\n<table id=\"imagenet-indicador1\">\n<thead>\n<tr>\n<th>DATA<\/th>\n<th>VALOR R$<\/th>\n<th>VAR.\/DIA<\/th>\n<th>VAR.\/M\u00caS<\/th>\n<th>VALOR US$<\/th>\n<\/tr>\n<\/thead>\n<tbody>\n<tr>\n<td>03\/12\/2025<\/td>\n<td>2.217,50<\/td>\n<td>-0,62%<\/td>\n<td>-1,57%<\/td>\n<td>417,45<\/td>\n<\/tr>\n<tr>\n<td>02\/12\/2025<\/td>\n<td>2.231,43<\/td>\n<td>-0,09%<\/td>\n<td>-0,96%<\/td>\n<td>418,50<\/td>\n<\/tr>\n<tr>\n<td>01\/12\/2025<\/td>\n<td>2.233,34<\/td>\n<td>-0,87%<\/td>\n<td>-0,87%<\/td>\n<td>416,74<\/td>\n<\/tr>\n<tr>\n<td>28\/11\/2025<\/td>\n<td>2.252,95<\/td>\n<td>0,51%<\/td>\n<td>2,10%<\/td>\n<td>422,53<\/td>\n<\/tr>\n<tr>\n<td>27\/11\/2025<\/td>\n<td>2.241,53<\/td>\n<td>0,11%<\/td>\n<td>1,58%<\/td>\n<td>418,67<\/td>\n<\/tr>\n<\/tbody>\n<\/table>\n<p>O <strong>caf\u00e9 robusta<\/strong> teve\u00a0<strong>alta de 0,05%<\/strong> no pre\u00e7o, sendo comercializado a <strong>R$ 1.373,92<\/strong>.<\/p>\n<p><strong>INDICADOR DO CAF\u00c9 ROBUSTA CEPEA\/ESALQ<\/strong><\/p>\n<\/p>\n<\/p>\n<\/p>\n<\/p>\n<table id=\"imagenet-indicador2\">\n<thead>\n<tr>\n<th>DATA<\/th>\n<th>VALOR R$<\/th>\n<th>VAR.\/DIA<\/th>\n<th>VAR.\/M\u00caS<\/th>\n<th>VALOR US$<\/th>\n<\/tr>\n<\/thead>\n<tbody>\n<tr>\n<td>03\/12\/2025<\/td>\n<td>1.373,92<\/td>\n<td>0,05%<\/td>\n<td>-2,18%<\/td>\n<td>258,64<\/td>\n<\/tr>\n<tr>\n<td>02\/12\/2025<\/td>\n<td>1.373,17<\/td>\n<td>-0,93%<\/td>\n<td>-2,23%<\/td>\n<td>257,53<\/td>\n<\/tr>\n<tr>\n<td>01\/12\/2025<\/td>\n<td>1.386,08<\/td>\n<td>-1,31%<\/td>\n<td>-1,31%<\/td>\n<td>258,65<\/td>\n<\/tr>\n<tr>\n<td>28\/11\/2025<\/td>\n<td>1.404,48<\/td>\n<td>0,52%<\/td>\n<td>-0,10%<\/td>\n<td>263,41<\/td>\n<\/tr>\n<tr>\n<td>27\/11\/2025<\/td>\n<td>1.397,26<\/td>\n<td>0,02%<\/td>\n<td>-0,62%<\/td>\n<td>260,98<\/td>\n<\/tr>\n<\/tbody>\n<\/table>\n<p>A\u00e7\u00facar<\/p>\n<p>J\u00e1 o pre\u00e7o do <strong>a\u00e7\u00facar cristal<\/strong> apresenta <strong>varia\u00e7\u00f5es entre as principais pra\u00e7as do estado de S\u00e3o Paulo<\/strong>. Na <strong>capital<\/strong>, a saca de 50 kg aponta <strong>baixa de 1,24%<\/strong>, cotada a <strong>R$ 107,42<\/strong>.<\/p>\n<p><strong>INDICADOR DO A\u00c7\u00daCAR CRISTAL BRANCO CEPEA\/ESALQ &#8211; S\u00c3O PAULO<\/strong><\/p>\n<\/p>\n<\/p>\n<\/p>\n<\/p>\n<table id=\"imagenet-indicador1\">\n<thead>\n<tr>\n<th>DATA<\/th>\n<th>VALOR R$*<\/th>\n<th>VAR.\/DIA<\/th>\n<th>VAR.\/M\u00caS<\/th>\n<th>VALOR US$*<\/th>\n<\/tr>\n<\/thead>\n<tbody>\n<tr>\n<td>03\/12\/2025<\/td>\n<td>107,42<\/td>\n<td>-1,24%<\/td>\n<td>-1,00%<\/td>\n<td>20,22<\/td>\n<\/tr>\n<tr>\n<td>02\/12\/2025<\/td>\n<td>108,77<\/td>\n<td>-0,23%<\/td>\n<td>0,25%<\/td>\n<td>20,40<\/td>\n<\/tr>\n<tr>\n<td>01\/12\/2025<\/td>\n<td>109,02<\/td>\n<td>0,48%<\/td>\n<td>0,48%<\/td>\n<td>20,34<\/td>\n<\/tr>\n<tr>\n<td>28\/11\/2025<\/td>\n<td>108,50<\/td>\n<td>0,98%<\/td>\n<td>-4,53%<\/td>\n<td>20,35<\/td>\n<\/tr>\n<tr>\n<td>27\/11\/2025<\/td>\n<td>107,45<\/td>\n<td>0,44%<\/td>\n<td>-5,46%<\/td>\n<td>20,07<\/td>\n<\/tr>\n<\/tbody>\n<\/table>\n<p>\u00a0<\/p>\n<p>Em <strong>Santos (SP)<\/strong>, a mercadoria \u00e9 negociada a <strong>R$ 113,70<\/strong>, ap\u00f3s<strong>\u00a0baixa de 1,15%<\/strong> na m\u00e9dia de pre\u00e7os sem impostos.<\/p>\n<p><strong>INDICADOR A\u00c7\u00daCAR CRISTAL &#8211; SANTOS (FOB)<\/strong><\/p>\n<\/p>\n<\/p>\n<\/p>\n<\/p>\n<table id=\"imagenet-indicador2\">\n<thead>\n<tr>\n<th>DATA<\/th>\n<th>VALOR R$*<\/th>\n<th>VAR.\/DIA<\/th>\n<th>VAR.\/M\u00caS<\/th>\n<th>VALOR US$*<\/th>\n<\/tr>\n<\/thead>\n<tbody>\n<tr>\n<td>03\/12\/2025<\/td>\n<td>113,70<\/td>\n<td>-1,15%<\/td>\n<td>-1,46%<\/td>\n<td>21,41<\/td>\n<\/tr>\n<tr>\n<td>02\/12\/2025<\/td>\n<td>115,02<\/td>\n<td>1,62%<\/td>\n<td>-0,32%<\/td>\n<td>21,51<\/td>\n<\/tr>\n<tr>\n<td>01\/12\/2025<\/td>\n<td>113,19<\/td>\n<td>-1,91%<\/td>\n<td>-1,91%<\/td>\n<td>21,17<\/td>\n<\/tr>\n<tr>\n<td>28\/11\/2025<\/td>\n<td>115,39<\/td>\n<td>0,30%<\/td>\n<td>5,96%<\/td>\n<td>21,63<\/td>\n<\/tr>\n<tr>\n<td>27\/11\/2025<\/td>\n<td>115,05<\/td>\n<td>-0,60%<\/td>\n<td>5,65%<\/td>\n<td>21,51<\/td>\n<\/tr>\n<\/tbody>\n<\/table>\n<p>\u00a0<\/p>\n<h2>Milho<\/h2>\n<p>A saca de 60 kg do <strong>milho<\/strong>, por sua vez, \u00e9 vendida a <strong>R$ 69,91<\/strong>, ap\u00f3s<strong>\u00a0alta de 0,53%<\/strong>.<\/p>\n<p><strong>INDICADOR DO MILHO ESALQ\/BM&amp;FBOVESPA<\/strong><\/p>\n<\/p>\n<\/p>\n<\/p>\n<\/p>\n<table id=\"imagenet-indicador1\">\n<thead>\n<tr>\n<th>DATA<\/th>\n<th>VALOR R$*<\/th>\n<th>VAR.\/DIA<\/th>\n<th>VAR.\/M\u00caS<\/th>\n<th>VALOR US$*<\/th>\n<\/tr>\n<\/thead>\n<tbody>\n<tr>\n<td>03\/12\/2025<\/td>\n<td>69,91<\/td>\n<td>0,53%<\/td>\n<td>1,67%<\/td>\n<td>13,16<\/td>\n<\/tr>\n<tr>\n<td>02\/12\/2025<\/td>\n<td>69,54<\/td>\n<td>0,72%<\/td>\n<td>1,13%<\/td>\n<td>13,04<\/td>\n<\/tr>\n<tr>\n<td>01\/12\/2025<\/td>\n<td>69,04<\/td>\n<td>0,41%<\/td>\n<td>0,41%<\/td>\n<td>12,88<\/td>\n<\/tr>\n<tr>\n<td>28\/11\/2025<\/td>\n<td>68,76<\/td>\n<td>0,20%<\/td>\n<td>3,95%<\/td>\n<td>12,90<\/td>\n<\/tr>\n<tr>\n<td>27\/11\/2025<\/td>\n<td>68,62<\/td>\n<td>0,32%<\/td>\n<td>3,73%<\/td>\n<td>12,82<\/td>\n<\/tr>\n<\/tbody>\n<\/table>\n<p>Os valores s\u00e3o do\u00a0<a href=\"http:\/\/www.cepea.org.br\" target=\"_blank\" rel=\"noopener\"><strong>Cepea<\/strong><\/a>.<\/p>\n<p>\u00a0<\/p>\n<h2>Diferen\u00e7a entre caf\u00e9 ar\u00e1bica e caf\u00e9 robusta: caracter\u00edsticas, uso e regi\u00f5es produtoras<\/h2>\n<p><strong>Caf\u00e9 ar\u00e1bica e caf\u00e9 robusta<\/strong> s\u00e3o as duas principais variedades cultivadas e comercializadas no Brasil, ambas medidas em sacas de 60 kg.<\/p>\n<ul>\n<li>O<strong> caf\u00e9 ar\u00e1bica <\/strong>(conhecido tamb\u00e9m como<strong> caf\u00e9 Conilon<\/strong>, em algumas regi\u00f5es) tem <strong>sabor mais suave, menor teor de cafe\u00edna e alta qualidade sensorial<\/strong>, sendo preferido em cafeterias especializadas e nas exporta\u00e7\u00f5es de caf\u00e9s premium. Representa cerca de 70% da produ\u00e7\u00e3o brasileira, com destaque para estados como Minas Gerais e S\u00e3o Paulo.<\/li>\n<li>O<strong> caf\u00e9 robusta<\/strong>, por sua vez, possui<strong> sabor mais amargo, maior concentra\u00e7\u00e3o de cafe\u00edna e corpo mais intenso<\/strong>. \u00c9 amplamente utilizado na produ\u00e7\u00e3o de caf\u00e9 sol\u00favel e blends comerciais. Seus principais polos produtores s\u00e3o o Esp\u00edrito Santo e Rond\u00f4nia, e seu pre\u00e7o costuma ser mais baixo em compara\u00e7\u00e3o ao ar\u00e1bica, por conta do perfil mais industrial.\u00a0<\/li>\n<\/ul>\n<h2>Como \u00e9 calculada a saca de a\u00e7\u00facar cristal?<\/h2>\n<p>A<strong> saca de a\u00e7\u00facar cristal no Brasil \u00e9 padronizada em 50 quilos<\/strong>, especialmente para comercializa\u00e7\u00e3o no mercado atacadista e para uso na ind\u00fastria aliment\u00edcia. Essa unidade de medida \u00e9 adotada pelo <strong><a href=\"https:\/\/www.cepea.org.br\/br\/indicador\/cafe.aspx\" target=\"_blank\" rel=\"noopener\">Cepea\/Esalq-USP<\/a><\/strong>, principal fonte de cota\u00e7\u00f5es di\u00e1rias do a\u00e7\u00facar cristal no pa\u00eds.<\/p>\n<h2>Qual o peso da saca de milho no Brasil?<\/h2>\n<p>A saca de milho equivale a 60 kg de gr\u00e3os, mesmo padr\u00e3o utilizado para soja e trigo. Essa medida \u00e9 oficializada por institui\u00e7\u00f5es como a<strong> Companhia Nacional de Abastecimento <a href=\"https:\/\/www.gov.br\/conab\/pt-br\" target=\"_blank\" rel=\"noopener\">(Conab)<\/a><\/strong>, o <strong>Minist\u00e9rio da Agricultura <a href=\"https:\/\/www.gov.br\/agricultura\/pt-br\" target=\"_blank\" rel=\"noopener\">(MAPA)<\/a><\/strong> e o <a href=\"http:\/\/www.cepea.org.br\" target=\"_blank\" rel=\"noopener\"><strong>Cepea<\/strong><\/a>, sendo amplamente usada em negocia\u00e7\u00f5es e relat\u00f3rios de pre\u00e7o do milho.<\/p>\n<p>\t\t\t\t\t\t\t\t\t\t<img decoding=\"async\" src=\"https:\/\/brasil61.com\/api\/v1\/serve_pixel\/22254\/86231\" alt=\"Pixel Brasil 61\" class=\"b61_pixel\" width=\"0\" height=\"0\"><\/p>\n<div class=\"br61_backlink\">\n<p>\n\t\t\t\tFonte: <a href=\"https:\/\/brasil61.com\/cafe-hoje-confira-as-cotacoes-para-esta-quinta-feira-4-pagr255967\" title=\"Artigo Original: Caf\u00e9 hoje: confira as cota\u00e7\u00f5es para esta quinta-feira (4)\" target=\"_blank\" rel=\"noopener\">Brasil 61<\/a>\n\t\t\t<\/p>\n<\/p><\/div>\n<input type=\"hidden\" id=\"baseurl\" value=\"https:\/\/noticiasregionais.com.br\"><input type=\"hidden\" id=\"audio_nonce\" value=\"533fbb67b1\">","protected":false},"excerpt":{"rendered":"<p>O pre\u00e7o do caf\u00e9 ar\u00e1bica volta a cair, enquanto o a\u00e7\u00facar sofre reajustes<\/p>\n","protected":false},"author":1,"featured_media":11455,"comment_status":"","ping_status":"open","sticky":false,"template":"","format":"standard","meta":{"sfsi_plus_gutenberg_text_before_share":"","sfsi_plus_gutenberg_show_text_before_share":"","sfsi_plus_gutenberg_icon_type":"","sfsi_plus_gutenberg_icon_alignemt":"","sfsi_plus_gutenburg_max_per_row":"","footnotes":""},"categories":[8],"tags":[],"class_list":["post-11454","post","type-post","status-publish","format-standard","has-post-thumbnail","hentry","category-brasil"],"_links":{"self":[{"href":"https:\/\/noticiasregionais.com.br\/index.php?rest_route=\/wp\/v2\/posts\/11454","targetHints":{"allow":["GET"]}}],"collection":[{"href":"https:\/\/noticiasregionais.com.br\/index.php?rest_route=\/wp\/v2\/posts"}],"about":[{"href":"https:\/\/noticiasregionais.com.br\/index.php?rest_route=\/wp\/v2\/types\/post"}],"author":[{"embeddable":true,"href":"https:\/\/noticiasregionais.com.br\/index.php?rest_route=\/wp\/v2\/users\/1"}],"replies":[{"embeddable":true,"href":"https:\/\/noticiasregionais.com.br\/index.php?rest_route=%2Fwp%2Fv2%2Fcomments&post=11454"}],"version-history":[{"count":0,"href":"https:\/\/noticiasregionais.com.br\/index.php?rest_route=\/wp\/v2\/posts\/11454\/revisions"}],"wp:featuredmedia":[{"embeddable":true,"href":"https:\/\/noticiasregionais.com.br\/index.php?rest_route=\/wp\/v2\/media\/11455"}],"wp:attachment":[{"href":"https:\/\/noticiasregionais.com.br\/index.php?rest_route=%2Fwp%2Fv2%2Fmedia&parent=11454"}],"wp:term":[{"taxonomy":"category","embeddable":true,"href":"https:\/\/noticiasregionais.com.br\/index.php?rest_route=%2Fwp%2Fv2%2Fcategories&post=11454"},{"taxonomy":"post_tag","embeddable":true,"href":"https:\/\/noticiasregionais.com.br\/index.php?rest_route=%2Fwp%2Fv2%2Ftags&post=11454"}],"curies":[{"name":"wp","href":"https:\/\/api.w.org\/{rel}","templated":true}]}}