{"id":11462,"date":"2025-12-04T04:40:00","date_gmt":"2025-12-04T07:40:00","guid":{"rendered":"https:\/\/noticiasregionais.com.br\/?p=11462"},"modified":"2025-12-04T04:40:00","modified_gmt":"2025-12-04T07:40:00","slug":"jovens-veem-ia-como-aliada-da-aprendizagem-e-da-empregabilidade","status":"publish","type":"post","link":"https:\/\/noticiasregionais.com.br\/?p=11462","title":{"rendered":"Jovens veem IA como aliada da aprendizagem e da empregabilidade"},"content":{"rendered":"<p>\t\t\t\t\t\t\t\t\t\t\t<audio controls class=\"b61_audio_player\" data-noticia=\"86219\" src=\"https:\/\/brasil61.com\/rails\/active_storage\/blobs\/eyJfcmFpbHMiOnsibWVzc2FnZSI6IkJBaHBBK3JOQXc9PSIsImV4cCI6bnVsbCwicHVyIjoiYmxvYl9pZCJ9fQ==--362a29bae57f7d0bd88e008b7c391a0381b542da\/BRAS2515264A\"><\/audio><\/p>\n<p>A Intelig\u00eancia Artificial (IA) est\u00e1 cada vez mais presente no cotidiano dos brasileiros, especialmente entre os jovens. Pesquisa realizada pela Dem\u00e0 e pela Nexus mostra que <strong>oito em cada dez jovens (84%)<\/strong> consideram que o conhecimento sobre IA \u00e9 um fator importante para conseguir emprego. Outros 11% acreditam que n\u00e3o faz diferen\u00e7a;\u00a03% veem a tecnologia como prejudicial e 2% n\u00e3o souberam opinar.<\/p>\n<\/p>\n<p dir=\"ltr\">O levantamento tamb\u00e9m avaliou a percep\u00e7\u00e3o sobre o uso das ferramentas de IA. <strong>Para 69% dos jovens, elas podem ajudar no processo de aprendizagem<\/strong>, enquanto 24% acreditam que podem prejudicar e 7% n\u00e3o souberam responder.<\/p>\n<p dir=\"ltr\">A familiaridade com a tecnologia \u00e9 maior entre os mais novos: <strong>93% dos jovens entre 14 e 18 anos j\u00e1 ouviram falar de IA<\/strong>. Nas faixas de 19 a 24 anos e 25 a 29 anos, os \u00edndices s\u00e3o de 89% e 88%, respectivamente. Mais de 80% reconhecem o uso da tecnologia em m\u00faltiplas aplica\u00e7\u00f5es, como assistentes de voz (92%), buscas no <a href=\"https:\/\/www.google.com\/\" target=\"_blank\" rel=\"noopener\">Google<\/a> (89%), sugest\u00f5es de v\u00eddeos (85%) e filtros de fotos em redes sociais (80%).<\/p>\n<p dir=\"ltr\">Para <strong>86% dos entrevistados, a IA ajuda em atividades cotidianas<\/strong>, seja nos estudos ou no trabalho. Apesar disso, o entendimento sobre o significado da tecnologia ainda \u00e9 difuso: 36% n\u00e3o sabem definir exatamente para que ela serve.<\/p>\n<p dir=\"ltr\">A IA tamb\u00e9m se consolidou como ferramenta de apoio escolar. <strong>71% dos jovens acreditam que o recurso ajuda no dever de casa<\/strong>, e 83% admitem usar a tecnologia para pesquisas gerais ou acad\u00eamicas. A ferramenta tamb\u00e9m \u00e9 utilizada para traduzir textos (70%), resumir conte\u00fados (67%), gerar ideias (66%), criar imagens (63%), escrever textos (62%) e montar apresenta\u00e7\u00f5es ou relat\u00f3rios (52%).<\/p>\n<p dir=\"ltr\">O contato direto tamb\u00e9m \u00e9 alto: <strong>sete em cada dez jovens t\u00eam intera\u00e7\u00e3o quase di\u00e1ria com IA<\/strong>. O \u00edndice sobe para 85% entre estudantes de ensino superior, mas cai para 71% no ensino m\u00e9dio e 57% no fundamental.<\/p>\n<p dir=\"ltr\">A pesquisa entrevistou 2.016 jovens entre 14 e 29 anos, nas 27 Unidades da Federa\u00e7\u00e3o, entre 14 e 20 de julho. A margem de erro \u00e9 de dois pontos percentuais e o n\u00edvel de confian\u00e7a \u00e9 de 95%.<\/p>\n<p>\t\t\t\t\t\t\t\t\t\t<img decoding=\"async\" src=\"https:\/\/brasil61.com\/api\/v1\/serve_pixel\/22254\/86219\" alt=\"Pixel Brasil 61\" class=\"b61_pixel\" width=\"0\" height=\"0\"><\/p>\n<div class=\"br61_backlink\">\n<p>\n\t\t\t\tFonte: <a href=\"https:\/\/brasil61.com\/jovens-veem-ia-como-aliada-da-aprendizagem-e-da-empregabilidade-bras2515264\" title=\"Artigo Original: Jovens veem IA como aliada da aprendizagem e da empregabilidade\" target=\"_blank\" rel=\"noopener\">Brasil 61<\/a>\n\t\t\t<\/p>\n<\/p><\/div>\n<input type=\"hidden\" id=\"baseurl\" value=\"https:\/\/noticiasregionais.com.br\"><input type=\"hidden\" id=\"audio_nonce\" value=\"5c13e0637f\">","protected":false},"excerpt":{"rendered":"<p>Levantamento nacional revela que 84% dos jovens de 14 a 29 anos acreditam que dominar Intelig\u00eancia Artificial ajuda a conseguir emprego; maioria tamb\u00e9m usa a tecnologia em estudos e tarefas cotidianas<\/p>\n","protected":false},"author":1,"featured_media":11463,"comment_status":"","ping_status":"open","sticky":false,"template":"","format":"standard","meta":{"sfsi_plus_gutenberg_text_before_share":"","sfsi_plus_gutenberg_show_text_before_share":"","sfsi_plus_gutenberg_icon_type":"","sfsi_plus_gutenberg_icon_alignemt":"","sfsi_plus_gutenburg_max_per_row":"","footnotes":""},"categories":[8],"tags":[],"class_list":["post-11462","post","type-post","status-publish","format-standard","has-post-thumbnail","hentry","category-brasil"],"_links":{"self":[{"href":"https:\/\/noticiasregionais.com.br\/index.php?rest_route=\/wp\/v2\/posts\/11462","targetHints":{"allow":["GET"]}}],"collection":[{"href":"https:\/\/noticiasregionais.com.br\/index.php?rest_route=\/wp\/v2\/posts"}],"about":[{"href":"https:\/\/noticiasregionais.com.br\/index.php?rest_route=\/wp\/v2\/types\/post"}],"author":[{"embeddable":true,"href":"https:\/\/noticiasregionais.com.br\/index.php?rest_route=\/wp\/v2\/users\/1"}],"replies":[{"embeddable":true,"href":"https:\/\/noticiasregionais.com.br\/index.php?rest_route=%2Fwp%2Fv2%2Fcomments&post=11462"}],"version-history":[{"count":0,"href":"https:\/\/noticiasregionais.com.br\/index.php?rest_route=\/wp\/v2\/posts\/11462\/revisions"}],"wp:featuredmedia":[{"embeddable":true,"href":"https:\/\/noticiasregionais.com.br\/index.php?rest_route=\/wp\/v2\/media\/11463"}],"wp:attachment":[{"href":"https:\/\/noticiasregionais.com.br\/index.php?rest_route=%2Fwp%2Fv2%2Fmedia&parent=11462"}],"wp:term":[{"taxonomy":"category","embeddable":true,"href":"https:\/\/noticiasregionais.com.br\/index.php?rest_route=%2Fwp%2Fv2%2Fcategories&post=11462"},{"taxonomy":"post_tag","embeddable":true,"href":"https:\/\/noticiasregionais.com.br\/index.php?rest_route=%2Fwp%2Fv2%2Ftags&post=11462"}],"curies":[{"name":"wp","href":"https:\/\/api.w.org\/{rel}","templated":true}]}}