{"id":11464,"date":"2025-12-04T04:30:00","date_gmt":"2025-12-04T07:30:00","guid":{"rendered":"https:\/\/noticiasregionais.com.br\/?p=11464"},"modified":"2025-12-04T04:30:00","modified_gmt":"2025-12-04T07:30:00","slug":"vacina-contra-o-virus-sincicial-respiratorio-comeca-a-ser-distribuida-em-todo-o-pais","status":"publish","type":"post","link":"https:\/\/noticiasregionais.com.br\/?p=11464","title":{"rendered":"Vacina contra o v\u00edrus sincicial respirat\u00f3rio come\u00e7a a ser distribu\u00edda em todo o pa\u00eds"},"content":{"rendered":"<p>\t\t\t\t\t\t\t\t\t\t\t<audio controls class=\"b61_audio_player\" data-noticia=\"86218\" src=\"https:\/\/brasil61.com\/rails\/active_storage\/blobs\/eyJfcmFpbHMiOnsibWVzc2FnZSI6IkJBaHBBOTNOQXc9PSIsImV4cCI6bnVsbCwicHVyIjoiYmxvYl9pZCJ9fQ==--a8fbd5e30f2e415de1f3b3a91fc8773e0d003c23\/BRAS2515263A\"><\/audio><\/p>\n<p data-end=\"863\" data-start=\"370\">O <a href=\"https:\/\/www.gov.br\/saude\/pt-br\" target=\"_blank\" rel=\"noopener\">Minist\u00e9rio da Sa\u00fade<\/a> iniciou a distribui\u00e7\u00e3o nacional da <strong>vacina contra o v\u00edrus sincicial respirat\u00f3rio (VSR)<\/strong>, <strong>respons\u00e1vel pela maior parte dos casos de bronquiolite em beb\u00eas.<\/strong> O primeiro lote, com <strong>673 mil doses<\/strong>, chegou aos estados e ao Distrito Federal e possibilita <strong>o in\u00edcio imediato da imuniza\u00e7\u00e3o de gestantes a partir da 28\u00aa semana<\/strong>. A estrat\u00e9gia visa <strong>proteger rec\u00e9m-nascidos durante os primeiros meses de vida<\/strong>, per\u00edodo em que o risco de complica\u00e7\u00f5es respirat\u00f3rias \u00e9 mais elevado.<\/p>\n<p data-end=\"1285\" data-start=\"865\">A oferta gratuita pelo <a href=\"https:\/\/www.gov.br\/saude\/pt-br\/sus\" target=\"_blank\" rel=\"noopener\">SUS<\/a> representa um avan\u00e7o importante, j\u00e1 que o imunizante chega a <strong>custar at\u00e9 R$ 1,5 mil na rede privada<\/strong>. A chegada da vacina \u00e9 resultado de uma parceria entre o <a href=\"https:\/\/butantan.gov.br\/\" target=\"_blank\" rel=\"noopener\">Instituto Butantan<\/a> e o laborat\u00f3rio produtor, que transferir\u00e1 tecnologia para produ\u00e7\u00e3o nacional. Estudos cl\u00ednicos demonstram que a <strong>vacina\u00e7\u00e3o materna reduz em mais de 80% os casos graves do v\u00edrus em beb\u00eas<\/strong> nos primeiros 90 dias ap\u00f3s o nascimento.\u00a0Foram registrados, em 2025, mais de 43 mil casos de S\u00edndrome Respirat\u00f3ria Aguda Grave\u00a0pelo VSR.<\/p>\n<h2>A vacina<\/h2>\n<ul>\n<li>P\u00fablico-alvo: gestantes na 28\u00aa semana<\/li>\n<li>Dose \u00fanica a cada gesta\u00e7\u00e3o<\/li>\n<li>Pode ser aplicada junto com as vacinas contra influenza e covid-19<\/li>\n<li>A imuniza\u00e7\u00e3o diminui em mais de 80% de casos graves de VSR<\/li>\n<\/ul>\n<p>Veja a quantidade das primeiras doses que ser\u00e3o distribu\u00eddas aos estados:\u00a0\u00a0<\/p>\n<table>\n<thead>\n<tr>\n<th>UF<\/th>\n<th>Doses<\/th>\n<\/tr>\n<\/thead>\n<tbody>\n<tr>\n<td>Acre<\/td>\n<td>3.800<\/td>\n<\/tr>\n<tr>\n<td>Alagoas<\/td>\n<td>12.430<\/td>\n<\/tr>\n<tr>\n<td>Amap\u00e1<\/td>\n<td>3.460<\/td>\n<\/tr>\n<tr>\n<td>Amazonas<\/td>\n<td>18.820<\/td>\n<\/tr>\n<tr>\n<td>Bahia<\/td>\n<td>44.525<\/td>\n<\/tr>\n<tr>\n<td>Cear\u00e1<\/td>\n<td>29.030<\/td>\n<\/tr>\n<tr>\n<td>Distrito Federal<\/td>\n<td>9.465<\/td>\n<\/tr>\n<tr>\n<td>Esp\u00edrito Santo<\/td>\n<td>13.935<\/td>\n<\/tr>\n<tr>\n<td>Goi\u00e1s<\/td>\n<td>24.530<\/td>\n<\/tr>\n<tr>\n<td>Maranh\u00e3o<\/td>\n<td>25.480<\/td>\n<\/tr>\n<tr>\n<td>Mato Grosso<\/td>\n<td>15.580<\/td>\n<\/tr>\n<tr>\n<td>Mato Grosso do Sul<\/td>\n<td>10.755<\/td>\n<\/tr>\n<tr>\n<td>Minas Gerais<\/td>\n<td>62.165<\/td>\n<\/tr>\n<tr>\n<td>Par\u00e1<\/td>\n<td>33.050<\/td>\n<\/tr>\n<tr>\n<td>Para\u00edba<\/td>\n<td>13.570<\/td>\n<\/tr>\n<tr>\n<td>Paran\u00e1<\/td>\n<td>37.120<\/td>\n<\/tr>\n<tr>\n<td>Pernambuco<\/td>\n<td>30.700<\/td>\n<\/tr>\n<tr>\n<td>Piau\u00ed<\/td>\n<td>11.170<\/td>\n<\/tr>\n<tr>\n<td>Rio de Janeiro<\/td>\n<td>46.720<\/td>\n<\/tr>\n<tr>\n<td>Rio Grande do Norte<\/td>\n<td>10.340<\/td>\n<\/tr>\n<tr>\n<td>Rio Grande do Sul<\/td>\n<td>32.330<\/td>\n<\/tr>\n<tr>\n<td>Rond\u00f4nia<\/td>\n<td>6.250<\/td>\n<\/tr>\n<tr>\n<td>Roraima<\/td>\n<td>3.490<\/td>\n<\/tr>\n<tr>\n<td>Santa Catarina<\/td>\n<td>25.865<\/td>\n<\/tr>\n<tr>\n<td>S\u00e3o Paulo<\/td>\n<td>134.555<\/td>\n<\/tr>\n<tr>\n<td>Sergipe<\/td>\n<td>7.680<\/td>\n<\/tr>\n<tr>\n<td>Tocantins<\/td>\n<td>6.180<\/td>\n<\/tr>\n<tr>\n<td><strong>Brasil<\/strong><\/td>\n<td><strong>673.000<\/strong><\/td>\n<\/tr>\n<\/tbody>\n<\/table>\n<p>As informa\u00e7\u00f5es s\u00e3o do <a href=\"https:\/\/www.gov.br\/saude\/pt-br\" target=\"_blank\" rel=\"noopener\">Minist\u00e9rio da Sa\u00fade (MS)<\/a>.<\/p>\n<p>\t\t\t\t\t\t\t\t\t\t<img decoding=\"async\" src=\"https:\/\/brasil61.com\/api\/v1\/serve_pixel\/22254\/86218\" alt=\"Pixel Brasil 61\" class=\"b61_pixel\" width=\"0\" height=\"0\"><\/p>\n<div class=\"br61_backlink\">\n<p>\n\t\t\t\tFonte: <a href=\"https:\/\/brasil61.com\/vacina-contra-o-virus-sincicial-respiratorio-comeca-a-ser-distribuida-em-todo-o-pais-bras2515263\" title=\"Artigo Original: Vacina contra o v\u00edrus sincicial respirat\u00f3rio come\u00e7a a ser distribu\u00edda em todo o pa\u00eds\" target=\"_blank\" rel=\"noopener\">Brasil 61<\/a>\n\t\t\t<\/p>\n<\/p><\/div>\n<input type=\"hidden\" id=\"baseurl\" value=\"https:\/\/noticiasregionais.com.br\"><input type=\"hidden\" id=\"audio_nonce\" value=\"5c13e0637f\">","protected":false},"excerpt":{"rendered":"<p>Primeiro lote com 673 mil doses permite in\u00edcio imediato da vacina\u00e7\u00e3o de gestantes em todas as 27 unidades da Federa\u00e7\u00e3o<\/p>\n","protected":false},"author":1,"featured_media":11465,"comment_status":"","ping_status":"open","sticky":false,"template":"","format":"standard","meta":{"sfsi_plus_gutenberg_text_before_share":"","sfsi_plus_gutenberg_show_text_before_share":"","sfsi_plus_gutenberg_icon_type":"","sfsi_plus_gutenberg_icon_alignemt":"","sfsi_plus_gutenburg_max_per_row":"","footnotes":""},"categories":[8],"tags":[],"class_list":["post-11464","post","type-post","status-publish","format-standard","has-post-thumbnail","hentry","category-brasil"],"_links":{"self":[{"href":"https:\/\/noticiasregionais.com.br\/index.php?rest_route=\/wp\/v2\/posts\/11464","targetHints":{"allow":["GET"]}}],"collection":[{"href":"https:\/\/noticiasregionais.com.br\/index.php?rest_route=\/wp\/v2\/posts"}],"about":[{"href":"https:\/\/noticiasregionais.com.br\/index.php?rest_route=\/wp\/v2\/types\/post"}],"author":[{"embeddable":true,"href":"https:\/\/noticiasregionais.com.br\/index.php?rest_route=\/wp\/v2\/users\/1"}],"replies":[{"embeddable":true,"href":"https:\/\/noticiasregionais.com.br\/index.php?rest_route=%2Fwp%2Fv2%2Fcomments&post=11464"}],"version-history":[{"count":0,"href":"https:\/\/noticiasregionais.com.br\/index.php?rest_route=\/wp\/v2\/posts\/11464\/revisions"}],"wp:featuredmedia":[{"embeddable":true,"href":"https:\/\/noticiasregionais.com.br\/index.php?rest_route=\/wp\/v2\/media\/11465"}],"wp:attachment":[{"href":"https:\/\/noticiasregionais.com.br\/index.php?rest_route=%2Fwp%2Fv2%2Fmedia&parent=11464"}],"wp:term":[{"taxonomy":"category","embeddable":true,"href":"https:\/\/noticiasregionais.com.br\/index.php?rest_route=%2Fwp%2Fv2%2Fcategories&post=11464"},{"taxonomy":"post_tag","embeddable":true,"href":"https:\/\/noticiasregionais.com.br\/index.php?rest_route=%2Fwp%2Fv2%2Ftags&post=11464"}],"curies":[{"name":"wp","href":"https:\/\/api.w.org\/{rel}","templated":true}]}}