{"id":11466,"date":"2025-12-04T04:55:00","date_gmt":"2025-12-04T07:55:00","guid":{"rendered":"https:\/\/noticiasregionais.com.br\/?p=11466"},"modified":"2025-12-04T04:55:00","modified_gmt":"2025-12-04T07:55:00","slug":"concessao-do-rio-madeira-modelo-busca-eficiencia-logistica-e-sustentabilidade","status":"publish","type":"post","link":"https:\/\/noticiasregionais.com.br\/?p=11466","title":{"rendered":"Concess\u00e3o do Rio Madeira: modelo busca efici\u00eancia log\u00edstica e sustentabilidade"},"content":{"rendered":"<p>\t\t\t\t\t\t\t\t\t\t\t<audio controls class=\"b61_audio_player\" data-noticia=\"86227\" src=\"https:\/\/brasil61.com\/rails\/active_storage\/blobs\/eyJfcmFpbHMiOnsibWVzc2FnZSI6IkJBaHBBK2pOQXc9PSIsImV4cCI6bnVsbCwicHVyIjoiYmxvYl9pZCJ9fQ==--5d45531a682af417707b23fc7bf82b8b9702ba21\/MPOR250150A\"><\/audio><\/p>\n<p>O <strong>Governo Federal<\/strong> <strong>apresentou<\/strong> na ter\u00e7a-feira (2), na Comiss\u00e3o de Integra\u00e7\u00e3o Nacional e Desenvolvimento Regional da C\u00e2mara dos Deputados,<strong> <\/strong>o<strong> modelo de concess\u00e3o do Rio Madeira<\/strong>, inclu\u00eddo no Programa Nacional de Desestatiza\u00e7\u00e3o (<a href=\"https:\/\/www.planalto.gov.br\/ccivil_03\/leis\/l9491.htm\" target=\"_blank\" rel=\"noopener\">PND<\/a>) pelo <a href=\"https:\/\/www.planalto.gov.br\/ccivil_03\/_ato2023-2026\/2025\/decreto\/D12600.htm#:~:text=DECRETO%20N%C2%BA%2012.600%2C%20DE%2028,no%20Programa%20Nacional%20de%20Desestatiza%C3%A7%C3%A3o.\" target=\"_blank\" rel=\"noopener\">Decreto n\u00ba 12.600\/2025<\/a>. A <strong>hidrovia tem um trecho de mais de 1 mil km<\/strong>, de Porto Velho (RO) at\u00e9 a foz com o Rio Amazonas, no munic\u00edpio de Itacoatiara (AM).<\/p>\n<p><strong>A audi\u00eancia teve como objetivo esclarecer os impactos da medida e detalhar o funcionamento da proposta<\/strong>. Participaram da sess\u00e3o o secret\u00e1rio Nacional de Hidrovias e Navega\u00e7\u00e3o (SNHN), Otto Luiz Burlier, representante do Minist\u00e9rio de Portos e Aeroportos (<a href=\"https:\/\/www.gov.br\/portos-e-aeroportos\/pt-br\" target=\"_blank\" rel=\"noopener\">MPor<\/a>), e o superintendente de Estudos e Projetos Hidrovi\u00e1rios da Ag\u00eancia Nacional de Transportes Aquavi\u00e1rios (<a href=\"https:\/\/www.gov.br\/antaq\/pt-br\" target=\"_blank\" rel=\"noopener\">Antaq<\/a>), Eduardo Queiroz.<\/p>\n<p>A outorga visa garantir a navegabilidade segura e sustent\u00e1vel do rio. Nesse contexto, <strong>caber\u00e1 \u00e0 empresa concession\u00e1ria executar<\/strong>:<\/p>\n<ul>\n<li>servi\u00e7os de mapeamento e monitoramento do fundo do rio (hidrografia);<\/li>\n<li>aux\u00edlio \u00e0 navega\u00e7\u00e3o, gest\u00e3o do tr\u00e1fego e dragagens;\u00a0<\/li>\n<li>derrocamento de pedras; e<\/li>\n<li>apoio direto aos \u00f3rg\u00e3os de seguran\u00e7a p\u00fablica na regi\u00e3o.<\/li>\n<\/ul>\n<p>Na audi\u00eancia, a principal preocupa\u00e7\u00e3o manifestada foi a <strong>prote\u00e7\u00e3o da navega\u00e7\u00e3o social<\/strong>. Burlier assegurou que o modelo de concess\u00e3o \u201c<strong>n\u00e3o prev\u00ea cobran\u00e7a<\/strong> de tarifas para ribeirinhos, pequenas embarca\u00e7\u00f5es ou pesca artesanal. <strong>A tarifa ser\u00e1 aplicada apenas sobre grandes embarca\u00e7\u00f5es de carga<\/strong>\u201d.<\/p>\n<h2>Impactos<\/h2>\n<p>O <strong>projeto busca ampliar a efici\u00eancia log\u00edstica<\/strong>, reduzir custos de transporte e aumentar a competitividade regional. No campo social, garante a opera\u00e7\u00e3o e manuten\u00e7\u00e3o das Instala\u00e7\u00f5es Portu\u00e1rias P\u00fablicas de Pequeno Porte (<a href=\"https:\/\/www.gov.br\/dnit\/pt-br\/assuntos\/aquaviario\/instalacoes-portuarias-publicas-de-pequeno-porte-2013-ip4-e-atracadouros\" target=\"_blank\" rel=\"noopener\">IP4<\/a>), essenciais para comunidades ribeirinhas. Segundo o modelo proposto, a concess\u00e3o desonera o or\u00e7amento p\u00fablico, para permitir que os recursos sejam direcionados a outras \u00e1reas, al\u00e9m de estimular a gera\u00e7\u00e3o de emprego e renda local.<\/p>\n<p>\u201cO Brasil ainda usa pouco suas hidrovias. Por isso, precisamos n\u00e3o apenas otimizar as que j\u00e1 operam hoje, mas tamb\u00e9m viabilizar novas rotas com potencial para movimentar produtos e garantir o abastecimento da popula\u00e7\u00e3o. Temos uma vis\u00e3o voltada para o crescimento do agroneg\u00f3cio e de toda a economia brasileira, o que demonstra como o modal hidrovi\u00e1rio pode contribuir decisivamente para o desenvolvimento do pa\u00eds\u201d, destacou o secret\u00e1rio.<\/p>\n<h2>Sustentabilidade<\/h2>\n<p>Na \u00e1rea ambiental, Burlier refor\u00e7ou que <strong>a hidrovia representa um modal de menor impacto e essencial para a descarboniza\u00e7\u00e3o da log\u00edstica nacional<\/strong>. Conforme dados apresentados, o transporte aquavi\u00e1rio custa at\u00e9 60% menos que o rodovi\u00e1rio e emite 80% menos poluentes.\u00a0<\/p>\n<p>Em outras palavras, um comboio padr\u00e3o com 16 barca\u00e7as equivale a mais de 1,2 mil caminh\u00f5es nas estradas. Recentemente, o Rio Madeira registrou a opera\u00e7\u00e3o de um comboio com 36 barca\u00e7as, equivalente a mais de 2,5 mil caminh\u00f5es.<\/p>\n<p><strong>VEJA MAIS:<\/strong><\/p>\n<ul>\n<li><a href=\"https:\/\/brasil61.com\/n\/movimentacao-portuaria-do-norte-cresce-3-e-chega-a-43-3-milhoes-de-toneladas-no-3-trimestre-mpor250139\" target=\"_blank\" rel=\"noopener\">Movimenta\u00e7\u00e3o portu\u00e1ria do Norte cresce 3% e chega a 43,3 milh\u00f5es de toneladas no 3\u00ba trimestre<\/a><\/li>\n<li><a href=\"https:\/\/brasil61.com\/n\/brasil-se-antecipa-e-vai-adotar-praticas-sustentaveis-da-imo-em-portos-mpor250138\" target=\"_blank\" rel=\"noopener\">Brasil se antecipa e vai adotar pr\u00e1ticas sustent\u00e1veis da IMO em portos<\/a><\/li>\n<\/ul>\n<p>\t\t\t\t\t\t\t\t\t\t<img decoding=\"async\" src=\"https:\/\/brasil61.com\/api\/v1\/serve_pixel\/22254\/86227\" alt=\"Pixel Brasil 61\" class=\"b61_pixel\" width=\"0\" height=\"0\"><\/p>\n<div class=\"br61_backlink\">\n<p>\n\t\t\t\tFonte: <a href=\"https:\/\/brasil61.com\/concessao-do-rio-madeira-modelo-busca-eficiencia-logistica-e-sustentabilidade-mpor250150\" title=\"Artigo Original: Concess\u00e3o do Rio Madeira: modelo busca efici\u00eancia log\u00edstica e sustentabilidade\" target=\"_blank\" rel=\"noopener\">Brasil 61<\/a>\n\t\t\t<\/p>\n<\/p><\/div>\n<input type=\"hidden\" id=\"baseurl\" value=\"https:\/\/noticiasregionais.com.br\"><input type=\"hidden\" id=\"audio_nonce\" value=\"5c13e0637f\">","protected":false},"excerpt":{"rendered":"<p>Proposta prev\u00ea servi\u00e7os de navega\u00e7\u00e3o e manuten\u00e7\u00e3o sem cobran\u00e7a para ribeirinhos, e com tarifas restritas a grandes embarca\u00e7\u00f5es de carga<\/p>\n","protected":false},"author":1,"featured_media":11467,"comment_status":"","ping_status":"open","sticky":false,"template":"","format":"standard","meta":{"sfsi_plus_gutenberg_text_before_share":"","sfsi_plus_gutenberg_show_text_before_share":"","sfsi_plus_gutenberg_icon_type":"","sfsi_plus_gutenberg_icon_alignemt":"","sfsi_plus_gutenburg_max_per_row":"","footnotes":""},"categories":[8],"tags":[],"class_list":["post-11466","post","type-post","status-publish","format-standard","has-post-thumbnail","hentry","category-brasil"],"_links":{"self":[{"href":"https:\/\/noticiasregionais.com.br\/index.php?rest_route=\/wp\/v2\/posts\/11466","targetHints":{"allow":["GET"]}}],"collection":[{"href":"https:\/\/noticiasregionais.com.br\/index.php?rest_route=\/wp\/v2\/posts"}],"about":[{"href":"https:\/\/noticiasregionais.com.br\/index.php?rest_route=\/wp\/v2\/types\/post"}],"author":[{"embeddable":true,"href":"https:\/\/noticiasregionais.com.br\/index.php?rest_route=\/wp\/v2\/users\/1"}],"replies":[{"embeddable":true,"href":"https:\/\/noticiasregionais.com.br\/index.php?rest_route=%2Fwp%2Fv2%2Fcomments&post=11466"}],"version-history":[{"count":0,"href":"https:\/\/noticiasregionais.com.br\/index.php?rest_route=\/wp\/v2\/posts\/11466\/revisions"}],"wp:featuredmedia":[{"embeddable":true,"href":"https:\/\/noticiasregionais.com.br\/index.php?rest_route=\/wp\/v2\/media\/11467"}],"wp:attachment":[{"href":"https:\/\/noticiasregionais.com.br\/index.php?rest_route=%2Fwp%2Fv2%2Fmedia&parent=11466"}],"wp:term":[{"taxonomy":"category","embeddable":true,"href":"https:\/\/noticiasregionais.com.br\/index.php?rest_route=%2Fwp%2Fv2%2Fcategories&post=11466"},{"taxonomy":"post_tag","embeddable":true,"href":"https:\/\/noticiasregionais.com.br\/index.php?rest_route=%2Fwp%2Fv2%2Ftags&post=11466"}],"curies":[{"name":"wp","href":"https:\/\/api.w.org\/{rel}","templated":true}]}}