{"id":11472,"date":"2025-12-05T04:00:00","date_gmt":"2025-12-05T07:00:00","guid":{"rendered":"https:\/\/noticiasregionais.com.br\/?p=11472"},"modified":"2025-12-05T04:00:00","modified_gmt":"2025-12-05T07:00:00","slug":"soja-e-trigo-hoje-confira-as-cotacoes-para-sexta-5","status":"publish","type":"post","link":"https:\/\/noticiasregionais.com.br\/?p=11472","title":{"rendered":"Soja e trigo hoje: confira as cota\u00e7\u00f5es para sexta (5)"},"content":{"rendered":"<p>\t\t\t\t\t\t\t\t\t\t\t<audio controls class=\"b61_audio_player\" data-noticia=\"86238\" src=\"https:\/\/brasil61.com\/rails\/active_storage\/blobs\/eyJfcmFpbHMiOnsibWVzc2FnZSI6IkJBaHBBNGpQQXc9PSIsImV4cCI6bnVsbCwicHVyIjoiYmxvYl9pZCJ9fQ==--5df183ff3d2ea4525d7bf2332601e29e8ba34b2a\/PAGR255971A\"><\/audio><\/p>\n<p>O valor da saca de 60 kg da <strong>soja <\/strong>abre esta sexta-feira (5) em <strong>queda<\/strong>\u00a0no interior do Paran\u00e1, e em <strong>estabilidade<\/strong> no litoral do estado, em Paranagu\u00e1.\u00a0<\/p>\n<p>Na primeira regi\u00e3o, o gr\u00e3o teve <strong>reajuste de 0,45%<\/strong> e \u00e9 negociado a <strong>R$ 135,21<\/strong>; na segunda,\u00a0a mercadoria \u00e9 cotada a <strong>R$ 141,26<\/strong>.<\/p>\n<p><strong>INDICADOR DA SOJA CEPEA\/ESALQ &#8211; PARAN\u00c1<\/strong><\/p>\n<table>\n<thead>\n<tr>\n<th>Data<\/th>\n<th>Valor R$*<\/th>\n<th>Var.\/Dia<\/th>\n<th>Var.\/M\u00eas<\/th>\n<th>Valor US$*<\/th>\n<\/tr>\n<\/thead>\n<tbody>\n<tr>\n<td>04\/12\/2025<\/td>\n<td>135,21<\/td>\n<td>-0,45%<\/td>\n<td>-0,63%<\/td>\n<td>25,47<\/td>\n<\/tr>\n<tr>\n<td>03\/12\/2025<\/td>\n<td>135,82<\/td>\n<td>-0,16%<\/td>\n<td>-0,18%<\/td>\n<td>25,57<\/td>\n<\/tr>\n<tr>\n<td>02\/12\/2025<\/td>\n<td>136,04<\/td>\n<td>0,48%<\/td>\n<td>-0,02%<\/td>\n<td>25,51<\/td>\n<\/tr>\n<tr>\n<td>01\/12\/2025<\/td>\n<td>135,39<\/td>\n<td>-0,50%<\/td>\n<td>-0,50%<\/td>\n<td>25,26<\/td>\n<\/tr>\n<tr>\n<td>28\/11\/2025<\/td>\n<td>136,07<\/td>\n<td>0,10%<\/td>\n<td>1,86%<\/td>\n<td>25,52<\/td>\n<\/tr>\n<\/tbody>\n<\/table>\n<p><strong>INDICADOR DA SOJA CEPEA\/ESALQ &#8211; PARANAGU\u00c1<\/strong><\/p>\n<table>\n<thead>\n<tr>\n<th>Data<\/th>\n<th>Valor R$*<\/th>\n<th>Var.\/Dia<\/th>\n<th>Var.\/M\u00eas<\/th>\n<th>Valor US$*<\/th>\n<\/tr>\n<\/thead>\n<tbody>\n<tr>\n<td>04\/12\/2025<\/td>\n<td>141,26<\/td>\n<td>0,00%<\/td>\n<td>-0,48%<\/td>\n<td>26,61<\/td>\n<\/tr>\n<tr>\n<td>03\/12\/2025<\/td>\n<td>141,26<\/td>\n<td>-0,54%<\/td>\n<td>-0,48%<\/td>\n<td>26,59<\/td>\n<\/tr>\n<tr>\n<td>02\/12\/2025<\/td>\n<td>142,02<\/td>\n<td>0,19%<\/td>\n<td>0,06%<\/td>\n<td>26,64<\/td>\n<\/tr>\n<tr>\n<td>01\/12\/2025<\/td>\n<td>141,75<\/td>\n<td>-0,13%<\/td>\n<td>-0,13%<\/td>\n<td>26,45<\/td>\n<\/tr>\n<tr>\n<td>28\/11\/2025<\/td>\n<td>141,94<\/td>\n<td>0,03%<\/td>\n<td>1,47%<\/td>\n<td>26,62<\/td>\n<\/tr>\n<\/tbody>\n<\/table>\n<h2>Trigo<\/h2>\n<p>O pre\u00e7o do <strong>trigo<\/strong>, por sua vez, registra <strong>estabilidade no Paran\u00e1 <\/strong>e<strong> alta de 0,68% no Rio Grande do Sul<\/strong>.<strong>\u00a0<\/strong>No primeiro estado, a tonelada\u00a0\u00e9 vendida a<strong> R$ 1.183,61<\/strong>, enquanto no segundo \u00e9 comercializada a<strong> R$ 1.044,38<\/strong>.<\/p>\n<p><strong>PRE\u00c7O M\u00c9DIO DO TRIGO CEPEA\/ESALQ &#8211; PARAN\u00c1<\/strong><\/p>\n<table>\n<tbody>\n<tr>\n<th>Data<\/th>\n<th>Valor R$\/t*<\/th>\n<th>Var.\/Dia<\/th>\n<th>Var.\/M\u00eas<\/th>\n<th>Valor US$\/t*<\/th>\n<\/tr>\n<tr>\n<td>04\/12\/2025<\/td>\n<td>1.183,61<\/td>\n<td>0,00%<\/td>\n<td>-0,88%<\/td>\n<td>222,94<\/td>\n<\/tr>\n<tr>\n<td>03\/12\/2025<\/td>\n<td>1.183,60<\/td>\n<td>-0,27%<\/td>\n<td>-0,88%<\/td>\n<td>222,82<\/td>\n<\/tr>\n<tr>\n<td>02\/12\/2025<\/td>\n<td>1.186,84<\/td>\n<td>-0,51%<\/td>\n<td>-0,61%<\/td>\n<td>222,59<\/td>\n<\/tr>\n<tr>\n<td>01\/12\/2025<\/td>\n<td>1.192,98<\/td>\n<td>-0,10%<\/td>\n<td>-0,10%<\/td>\n<td>222,61<\/td>\n<\/tr>\n<tr>\n<td>28\/11\/2025<\/td>\n<td>1.194,15<\/td>\n<td>-0,31%<\/td>\n<td>0,05%<\/td>\n<td>223,96<\/td>\n<\/tr>\n<\/tbody>\n<\/table>\n<p><strong>PRE\u00c7O M\u00c9DIO DO TRIGO CEPEA\/ESALQ &#8211; RIO GRANDE DO SUL<\/strong><\/p>\n<table>\n<tbody>\n<tr>\n<th>Data<\/th>\n<th>Valor R$\/t*<\/th>\n<th>Var.\/Dia<\/th>\n<th>Var.\/M\u00eas<\/th>\n<th>Valor US$\/t*<\/th>\n<\/tr>\n<tr>\n<td>04\/12\/2025<\/td>\n<td>1.044,38<\/td>\n<td>0,68%<\/td>\n<td>1,28%<\/td>\n<td>196,72<\/td>\n<\/tr>\n<tr>\n<td>03\/12\/2025<\/td>\n<td>1.037,37<\/td>\n<td>0,76%<\/td>\n<td>0,60%<\/td>\n<td>195,29<\/td>\n<\/tr>\n<tr>\n<td>02\/12\/2025<\/td>\n<td>1.029,57<\/td>\n<td>0,09%<\/td>\n<td>-0,16%<\/td>\n<td>193,09<\/td>\n<\/tr>\n<tr>\n<td>01\/12\/2025<\/td>\n<td>1.028,62<\/td>\n<td>-0,25%<\/td>\n<td>-0,25%<\/td>\n<td>191,94<\/td>\n<\/tr>\n<tr>\n<td>28\/11\/2025<\/td>\n<td>1.031,18<\/td>\n<td>0,19%<\/td>\n<td>-4,51%<\/td>\n<td>193,39<\/td>\n<\/tr>\n<\/tbody>\n<\/table>\n<p>Os valores s\u00e3o do <a href=\"http:\/\/www.cepea.org.br\" target=\"_blank\" rel=\"noopener\">Cepea<\/a>.<\/p>\n<h2>O que \u00e9 uma saca de soja ou de trigo? Entenda a unidade de medida no mercado de gr\u00e3os<\/h2>\n<p>A saca de soja e a saca de trigo s\u00e3o as principais unidades de comercializa\u00e7\u00e3o de gr\u00e3os no Brasil. Cada saca equivale a 60 quilos, padr\u00e3o adotado por \u00f3rg\u00e3os oficiais como a <strong>Companhia Nacional de Abastecimento (<a href=\"https:\/\/www.gov.br\/conab\/pt-br\" target=\"_blank\" rel=\"noopener\">Conab<\/a>)<\/strong>, o<strong> Minist\u00e9rio da Agricultura (<a href=\"http:\/\/www.gov.br\/agricultura\/pt-br\" target=\"_blank\" rel=\"noopener\">MAPA<\/a>)<\/strong> e o<strong> Centro de Estudos Avan\u00e7ados em Economia Aplicada (<a href=\"http:\/\/www.cepea.org.br\" target=\"_blank\" rel=\"noopener\">Cepea<\/a>)<\/strong>.<\/p>\n<p>Esse formato padronizado facilita o com\u00e9rcio da soja e do trigo, al\u00e9m de permitir um acompanhamento mais preciso das cota\u00e7\u00f5es e varia\u00e7\u00f5es de pre\u00e7os no mercado nacional.<\/p>\n<p>\t\t\t\t\t\t\t\t\t\t<img decoding=\"async\" src=\"https:\/\/brasil61.com\/api\/v1\/serve_pixel\/22254\/86238\" alt=\"Pixel Brasil 61\" class=\"b61_pixel\" width=\"0\" height=\"0\"><\/p>\n<div class=\"br61_backlink\">\n<p>\n\t\t\t\tFonte: <a href=\"https:\/\/brasil61.com\/soja-e-trigo-hoje-confira-as-cotacoes-para-sexta-5-pagr255971\" title=\"Artigo Original: Soja e trigo hoje: confira as cota\u00e7\u00f5es para sexta (5)\" target=\"_blank\" rel=\"noopener\">Brasil 61<\/a>\n\t\t\t<\/p>\n<\/p><\/div>\n<input type=\"hidden\" id=\"baseurl\" value=\"https:\/\/noticiasregionais.com.br\"><input type=\"hidden\" id=\"audio_nonce\" value=\"5c13e0637f\">","protected":false},"excerpt":{"rendered":"<p>A soja apresenta alta no Paran\u00e1 e em Paranagu\u00e1; o trigo, por sua vez, aponta baixa no Paran\u00e1 e alta no Rio Grande do Sul<\/p>\n","protected":false},"author":1,"featured_media":11473,"comment_status":"","ping_status":"open","sticky":false,"template":"","format":"standard","meta":{"sfsi_plus_gutenberg_text_before_share":"","sfsi_plus_gutenberg_show_text_before_share":"","sfsi_plus_gutenberg_icon_type":"","sfsi_plus_gutenberg_icon_alignemt":"","sfsi_plus_gutenburg_max_per_row":"","footnotes":""},"categories":[8],"tags":[],"class_list":["post-11472","post","type-post","status-publish","format-standard","has-post-thumbnail","hentry","category-brasil"],"_links":{"self":[{"href":"https:\/\/noticiasregionais.com.br\/index.php?rest_route=\/wp\/v2\/posts\/11472","targetHints":{"allow":["GET"]}}],"collection":[{"href":"https:\/\/noticiasregionais.com.br\/index.php?rest_route=\/wp\/v2\/posts"}],"about":[{"href":"https:\/\/noticiasregionais.com.br\/index.php?rest_route=\/wp\/v2\/types\/post"}],"author":[{"embeddable":true,"href":"https:\/\/noticiasregionais.com.br\/index.php?rest_route=\/wp\/v2\/users\/1"}],"replies":[{"embeddable":true,"href":"https:\/\/noticiasregionais.com.br\/index.php?rest_route=%2Fwp%2Fv2%2Fcomments&post=11472"}],"version-history":[{"count":0,"href":"https:\/\/noticiasregionais.com.br\/index.php?rest_route=\/wp\/v2\/posts\/11472\/revisions"}],"wp:featuredmedia":[{"embeddable":true,"href":"https:\/\/noticiasregionais.com.br\/index.php?rest_route=\/wp\/v2\/media\/11473"}],"wp:attachment":[{"href":"https:\/\/noticiasregionais.com.br\/index.php?rest_route=%2Fwp%2Fv2%2Fmedia&parent=11472"}],"wp:term":[{"taxonomy":"category","embeddable":true,"href":"https:\/\/noticiasregionais.com.br\/index.php?rest_route=%2Fwp%2Fv2%2Fcategories&post=11472"},{"taxonomy":"post_tag","embeddable":true,"href":"https:\/\/noticiasregionais.com.br\/index.php?rest_route=%2Fwp%2Fv2%2Ftags&post=11472"}],"curies":[{"name":"wp","href":"https:\/\/api.w.org\/{rel}","templated":true}]}}