{"id":11478,"date":"2025-12-05T04:45:00","date_gmt":"2025-12-05T07:45:00","guid":{"rendered":"https:\/\/noticiasregionais.com.br\/?p=11478"},"modified":"2025-12-05T04:45:00","modified_gmt":"2025-12-05T07:45:00","slug":"programa-ampliar-aeroportos-regionais-de-pernambuco-terao-investimentos-de-r-822-mi","status":"publish","type":"post","link":"https:\/\/noticiasregionais.com.br\/?p=11478","title":{"rendered":"Programa AmpliAR: Aeroportos regionais de Pernambuco ter\u00e3o investimentos de R$ 82,2 mi"},"content":{"rendered":"<p>\t\t\t\t\t\t\t\t\t\t\t<audio controls class=\"b61_audio_player\" data-noticia=\"86256\" src=\"https:\/\/brasil61.com\/rails\/active_storage\/blobs\/eyJfcmFpbHMiOnsibWVzc2FnZSI6IkJBaHBBNUxQQXc9PSIsImV4cCI6bnVsbCwicHVyIjoiYmxvYl9pZCJ9fQ==--016684c7bd07e450be0e391c4f7d9bd199538c4f\/MPOR250152A\"><\/audio><\/p>\n<p>Tr\u00eas <strong>aeroportos regionais de Pernambuco (<a href=\"https:\/\/www.pe.gov.br\/\" target=\"_blank\" rel=\"noopener\">PE<\/a>) ser\u00e3o contemplados com investimentos de R$82,2 milh\u00f5es<\/strong> para obras de moderniza\u00e7\u00e3o. O aporte foi garantido pelo <a href=\"https:\/\/www.gov.br\/portos-e-aeroportos\/pt-br\/ampliar\" target=\"_blank\" rel=\"noopener\">Programa AmpliAR<\/a>, iniciativa do Minist\u00e9rio de Portos e Aeroportos (<a href=\"https:\/\/www.gov.br\/portos-e-aeroportos\/pt-br\" target=\"_blank\" rel=\"noopener\">MPor<\/a>), em <a href=\"https:\/\/brasil61.com\/n\/programa-ampliar-leilao-assegura-r-731-milhoes-para-modernizacao-de-13-aeroportos-estrategicos-mpor250140\" target=\"_blank\" rel=\"noopener\">leil\u00e3o<\/a> realizado na <a href=\"https:\/\/www.b3.com.br\/\" target=\"_blank\" rel=\"noopener\">B3<\/a> no dia 27 de novembro.<\/p>\n<p><strong>Os terminais<\/strong> de <a href=\"https:\/\/serratalhada.pe.gov.br\/\" target=\"_blank\" rel=\"noopener\">Serra Talhada<\/a>, <a href=\"https:\/\/garanhuns.pe.gov.br\/\" target=\"_blank\" rel=\"noopener\">Garanhuns<\/a> e <a href=\"https:\/\/www.araripina.pe.gov.br\/\" target=\"_blank\" rel=\"noopener\">Araripina<\/a> <strong>foram arrematados pela concession\u00e1ria <a href=\"https:\/\/www.gru.com.br\/pt\" target=\"_blank\" rel=\"noopener\">GRU Airport<\/a><\/strong>, respons\u00e1vel pela administra\u00e7\u00e3o do Aeroporto Internacional de Guarulhos, o maior do pa\u00eds. Segundo a Pasta, os padr\u00f5es de qualidade, tecnologia e seguran\u00e7a aplicados no principal hub da Am\u00e9rica do Sul devem ser adaptados \u00e0 avia\u00e7\u00e3o pernambucana.<\/p>\n<p>O <strong>processo segue para a fase de formaliza\u00e7\u00e3o contratual<\/strong>, prevista para ocorrer entre dezembro de 2025 e mar\u00e7o de 2026, quando ser\u00e3o assinados os termos aditivos com a empresa. Em seguida, a nova operadora assume a gest\u00e3o e d\u00e1 in\u00edcio ao cronograma de melhorias.<\/p>\n<p>Para o ministro Silvio Costa Filho, \u201clevar a experi\u00eancia de quem opera o maior aeroporto do pa\u00eds para o Sert\u00e3o do Araripe, para o Paje\u00fa e para o Agreste \u00e9 um divisor de \u00e1guas. Estamos encurtando dist\u00e2ncias e garantindo infraestrutura de ponta para que o turismo, o polo gesseiro e o com\u00e9rcio local possam voar mais alto, gerando emprego e renda para a nossa gente\u201d.<\/p>\n<h2>Serra Talhada<\/h2>\n<p>O Aeroporto Santa Magalh\u00e3es, em <strong>Serra Talhada<\/strong>, <strong>receber\u00e1 o maior aporte do estado: R$ 40,5 milh\u00f5es<\/strong>. Com pista de 1.800 metros, o terminal tem capacidade para aeronaves de maior porte e registrou movimenta\u00e7\u00e3o superior a 5.500 passageiros em 2021.<\/p>\n<p>Os recursos ser\u00e3o destinados \u00e0 amplia\u00e7\u00e3o do terminal de passageiros, do p\u00e1tio de aeronaves e do estacionamento. A prefeita M\u00e1rcia Conrado destacou a import\u00e2ncia da obra. \u201cO aeroporto exerce papel fundamental no transporte de passageiros e no funcionamento de toda uma cadeia produtiva e cultural da regi\u00e3o\u201d.<\/p>\n<h2>Garanhuns<\/h2>\n<p>Conhecida como a \u201cSu\u00ed\u00e7a Pernambucana\u201d, <strong>Garanhuns ter\u00e1 R$ 22,1 milh\u00f5es destinados ao aeroporto local<\/strong>. O contrato estabelece a amplia\u00e7\u00e3o do p\u00e1tio de aeronaves e do terminal de passageiros, al\u00e9m da constru\u00e7\u00e3o de \u00e1reas de seguran\u00e7a na pista de 1.259 metros. As melhorias de infraestrutura visam preparar o terminal para receber um maior fluxo de turistas ao longo de todo o ano.<\/p>\n<h2>Araripina<\/h2>\n<p>No extremo oeste de Pernambuco, o terminal de <strong>Araripina receber\u00e1 R$ 19,6 milh\u00f5es em melhorias<\/strong>. O projeto de concess\u00e3o prev\u00ea a amplia\u00e7\u00e3o do terminal de passageiros e do estacionamento, al\u00e9m da constru\u00e7\u00e3o de \u00e1reas de seguran\u00e7a de fim de pista (<a href=\"https:\/\/www.decea.mil.br\/index.cfm?i=utilidades&amp;p=glossario&amp;single=2323\" target=\"_blank\" rel=\"noopener\">RESA<\/a>). Com faixa operacional de 1.247 metros, as adequa\u00e7\u00f5es devem elevar a seguran\u00e7a operacional e permitir aumento na frequ\u00eancia de voos.<\/p>\n<p>O prefeito de Araripina, Evil\u00e1sio Mateus, comemorou o resultado: \u201cIsso vai trazer investimento, modernizar e preparar o aeroporto para acompanhar o desenvolvimento de nossa cidade\u201d.<\/p>\n<h2>Programa AmpliAR<\/h2>\n<p>O <strong>Programa AmpliAR<\/strong>, idealizado pelo MPor, <strong>possibilita que concession\u00e1rias privadas assumam a gest\u00e3o de aeroportos regionais deficit\u00e1rios mediante ajustes contratuais<\/strong>, como redu\u00e7\u00e3o de outorgas ou extens\u00e3o dos prazos de concess\u00e3o.<\/p>\n<p>\u00a0A iniciativa tem como objetivo modernizar a infraestrutura aeroportu\u00e1ria, assegurar a estabilidade das opera\u00e7\u00f5es e viabilizar novas rotas regionais.<\/p>\n<p><strong>VEJA MAIS:<\/strong><\/p>\n<ul>\n<li><a href=\"https:\/\/brasil61.com\/n\/programa-ampliar-leilao-assegura-r-731-milhoes-para-modernizacao-de-13-aeroportos-estrategicos-mpor250140\" target=\"_blank\" rel=\"noopener\">Programa AmpliAR: leil\u00e3o assegura R$ 731 milh\u00f5es para moderniza\u00e7\u00e3o de 13 aeroportos estrat\u00e9gicos<\/a><\/li>\n<li><a href=\"https:\/\/brasil61.com\/n\/municipio-de-barcelos-am-e-incluido-no-programa-ampliar-e-deve-receber-investimentos-no-aeroporto-local-mpor250128\" target=\"_blank\" rel=\"noopener\">Munic\u00edpio de Barcelos (AM) \u00e9 inclu\u00eddo no Programa AmpliAR e deve receber investimentos no aeroporto local<\/a><\/li>\n<\/ul>\n<p>\t\t\t\t\t\t\t\t\t\t<img decoding=\"async\" src=\"https:\/\/brasil61.com\/api\/v1\/serve_pixel\/22254\/86256\" alt=\"Pixel Brasil 61\" class=\"b61_pixel\" width=\"0\" height=\"0\"><\/p>\n<div class=\"br61_backlink\">\n<p>\n\t\t\t\tFonte: <a href=\"https:\/\/brasil61.com\/programa-ampliar-aeroportos-regionais-de-pernambuco-terao-investimentos-de-r-82-2-mi-mpor250152\" title=\"Artigo Original: Programa AmpliAR: Aeroportos regionais de Pernambuco ter\u00e3o investimentos de R$ 82,2 mi\" target=\"_blank\" rel=\"noopener\">Brasil 61<\/a>\n\t\t\t<\/p>\n<\/p><\/div>\n<input type=\"hidden\" id=\"baseurl\" value=\"https:\/\/noticiasregionais.com.br\"><input type=\"hidden\" id=\"audio_nonce\" value=\"5c13e0637f\">","protected":false},"excerpt":{"rendered":"<p>Serra Talhada, Garanhuns e Araripina ser\u00e3o contemplados com obras de amplia\u00e7\u00e3o e seguran\u00e7a, em concess\u00e3o arrematada pela GRU Airport no leil\u00e3o da iniciativa<\/p>\n","protected":false},"author":1,"featured_media":11479,"comment_status":"","ping_status":"open","sticky":false,"template":"","format":"standard","meta":{"sfsi_plus_gutenberg_text_before_share":"","sfsi_plus_gutenberg_show_text_before_share":"","sfsi_plus_gutenberg_icon_type":"","sfsi_plus_gutenberg_icon_alignemt":"","sfsi_plus_gutenburg_max_per_row":"","footnotes":""},"categories":[8],"tags":[],"class_list":["post-11478","post","type-post","status-publish","format-standard","has-post-thumbnail","hentry","category-brasil"],"_links":{"self":[{"href":"https:\/\/noticiasregionais.com.br\/index.php?rest_route=\/wp\/v2\/posts\/11478","targetHints":{"allow":["GET"]}}],"collection":[{"href":"https:\/\/noticiasregionais.com.br\/index.php?rest_route=\/wp\/v2\/posts"}],"about":[{"href":"https:\/\/noticiasregionais.com.br\/index.php?rest_route=\/wp\/v2\/types\/post"}],"author":[{"embeddable":true,"href":"https:\/\/noticiasregionais.com.br\/index.php?rest_route=\/wp\/v2\/users\/1"}],"replies":[{"embeddable":true,"href":"https:\/\/noticiasregionais.com.br\/index.php?rest_route=%2Fwp%2Fv2%2Fcomments&post=11478"}],"version-history":[{"count":0,"href":"https:\/\/noticiasregionais.com.br\/index.php?rest_route=\/wp\/v2\/posts\/11478\/revisions"}],"wp:featuredmedia":[{"embeddable":true,"href":"https:\/\/noticiasregionais.com.br\/index.php?rest_route=\/wp\/v2\/media\/11479"}],"wp:attachment":[{"href":"https:\/\/noticiasregionais.com.br\/index.php?rest_route=%2Fwp%2Fv2%2Fmedia&parent=11478"}],"wp:term":[{"taxonomy":"category","embeddable":true,"href":"https:\/\/noticiasregionais.com.br\/index.php?rest_route=%2Fwp%2Fv2%2Fcategories&post=11478"},{"taxonomy":"post_tag","embeddable":true,"href":"https:\/\/noticiasregionais.com.br\/index.php?rest_route=%2Fwp%2Fv2%2Ftags&post=11478"}],"curies":[{"name":"wp","href":"https:\/\/api.w.org\/{rel}","templated":true}]}}