{"id":1148,"date":"2023-11-12T11:01:40","date_gmt":"2023-11-12T14:01:40","guid":{"rendered":"https:\/\/noticiasregionais.com.br\/?p=1148"},"modified":"2023-11-12T11:03:53","modified_gmt":"2023-11-12T14:03:53","slug":"em-rota-de-colisao-prefeitura-de-ourinhos-rompe-convenios-com-a-aadf-a-partir-de-2024","status":"publish","type":"post","link":"https:\/\/noticiasregionais.com.br\/?p=1148","title":{"rendered":"Em rota de colis\u00e3o: Prefeitura de Ourinhos rompe conv\u00eanios com a AADF a partir de 2024"},"content":{"rendered":"\n<p class=\"has-text-align-center\"><strong>Decis\u00e3o de Lucas Pocay causou muitos questionamentos e revolta de membros da associa\u00e7\u00e3o, usu\u00e1rios e cidad\u00e3os de Ourinhos<\/strong>.<\/p>\n\n\n\n<p>No \u00faltimo dia 07 de Novembro de 2023, a AADF recebeu um oficio da Prefeitura Municipal de Ourinhos, atrav\u00e9s da Secretaria de Sa\u00fade do Municipio informando o rompimento unilateral de 5 conv\u00eanios que permitiam custear os servi\u00e7os prestados pela Associa\u00e7\u00e3o aos deficientes atendidos e suas fam\u00edlias. <\/p>\n\n\n\n<figure class=\"wp-block-gallery has-nested-images columns-default is-cropped wp-block-gallery-1 is-layout-flex wp-block-gallery-is-layout-flex\">\n<figure class=\"wp-block-image size-large\"><img decoding=\"async\" width=\"626\" height=\"826\" data-id=\"1150\" src=\"https:\/\/noticiasregionais.com.br\/wp-content\/uploads\/2023\/11\/Oficio-1.jpg\" alt=\"\" class=\"wp-image-1150\" srcset=\"https:\/\/noticiasregionais.com.br\/wp-content\/uploads\/2023\/11\/Oficio-1.jpg 626w, https:\/\/noticiasregionais.com.br\/wp-content\/uploads\/2023\/11\/Oficio-1-227x300.jpg 227w\" sizes=\"(max-width: 626px) 100vw, 626px\" \/><\/figure>\n\n\n\n<figure class=\"wp-block-image size-large\"><img decoding=\"async\" width=\"604\" height=\"826\" data-id=\"1149\" src=\"https:\/\/noticiasregionais.com.br\/wp-content\/uploads\/2023\/11\/Oficio-2.jpg\" alt=\"\" class=\"wp-image-1149\" srcset=\"https:\/\/noticiasregionais.com.br\/wp-content\/uploads\/2023\/11\/Oficio-2.jpg 604w, https:\/\/noticiasregionais.com.br\/wp-content\/uploads\/2023\/11\/Oficio-2-219x300.jpg 219w\" sizes=\"(max-width: 604px) 100vw, 604px\" \/><\/figure>\n<\/figure>\n\n\n\n<p>Em Nota, a Associa\u00e7\u00e3o de Apoio ao deficiente f\u00edsico de Ourinhos repudiou a conduta do Secret\u00e1rio de Sa\u00fade do Munic\u00edpio e tamb\u00e9m do Prefeito Municipal Lucas Pocay de romperem unilateralmente os conv\u00eanios que mantinham o funcionamento da Associa\u00e7\u00e3o e o custeio dos servi\u00e7os ofertados aos deficientes locais.<\/p>\n\n\n\n<div class=\"wp-block-group has-cyan-bluish-gray-background-color has-background\"><div class=\"wp-block-group__inner-container is-layout-constrained wp-block-group-is-layout-constrained\">\n<p>NOTA DE REP\u00daDIO E INDIGNA\u00c7\u00c3O AO PREFEITO LUCAS POCAY E AO SECRET\u00c1RIO MUNICIPAL DE SA\u00daDE DE OURINHOS<\/p>\n\n\n\n<p>A AADF manifesta rep\u00fadio e indigna\u00e7\u00e3o diante do Of\u00edcio n\u00ba 316\/2023-DPAI\/SMS, datado de 07.11.2023, emitido pelo Secret\u00e1rio Municipal de Sa\u00fade, Sr. Donay da Silva Jacintho Neto. De forma unilateral e inexplic\u00e1vel, o munic\u00edpio informa a falta de interesse na manuten\u00e7\u00e3o dos servi\u00e7os em parceria h\u00e1 45 anos com a AADF.<\/p>\n\n\n\n<p>Esta decis\u00e3o precipitada trar\u00e1 preju\u00edzos enormes aos deficientes e debilitados atendidos diariamente pela entidade em diversas formas de terapia. Destacamos que todo atendimento \u00e9 resultado de uma triagem criteriosa realizada por profissionais das \u00e1reas terap\u00eauticas.<\/p>\n\n\n\n<p>A AADF, ao longo de seus 45 anos, desempenha papel crucial na promo\u00e7\u00e3o da inclus\u00e3o e no suporte \u00e0s pessoas com defici\u00eancia e seus familiares. A rescis\u00e3o abrupta e draconiana imposta pelo Secret\u00e1rio causar\u00e1 danos irrepar\u00e1veis \u00e0 sa\u00fade, \u00e0 sociabilidade e \u00e0 inclus\u00e3o de nossos atendidos.<\/p>\n\n\n\n<p>Pedimos, respeitosamente, uma reconsidera\u00e7\u00e3o dessa medida, visando a preserva\u00e7\u00e3o dos direitos e do bem-estar daqueles que mais necessitam desses servi\u00e7os. Estamos abertos ao di\u00e1logo para buscar solu\u00e7\u00f5es que garantam a continuidade do trabalho essencial realizado pela AADF em prol da cidadania, inclus\u00e3o e do amparo \u00e0s pessoas com defici\u00eancia f\u00edsica.<\/p>\n\n\n\n<p>NadaSobreN\u00f3sSemN\u00f3s #Inclus\u00e3o #AADF #Rep\u00fadio #Indigna\u00e7\u00e3o<\/p>\n<\/div><\/div>\n\n\n\n<p>Por outro Lado, a Prefeitura Municipal de Ourinhos usou sua assessoria de comunica\u00e7\u00e3o para divulgar uma nota \u00e0 imprensa afirmando tratar-se de uma mudan\u00e7a ben\u00e9fica para a comunidade, sem citar o rompimento com a AADF e a interrup\u00e7\u00e3o dos repasses financeiros \u00e0 entidade Ourinhense.<\/p>\n\n\n\n<div class=\"wp-block-group has-cyan-bluish-gray-background-color has-background\"><div class=\"wp-block-group__inner-container is-layout-constrained wp-block-group-is-layout-constrained\">\n<p>Prefeitura de Ourinhos ir\u00e1 Ampliar e Modernizar Servi\u00e7os para Pessoas com Defici\u00eancia<\/p>\n\n\n\n<p>Integra\u00e7\u00e3o e Inova\u00e7\u00e3o: Compromisso com a Reabilita\u00e7\u00e3o e Atendimento Domiciliar.<\/p>\n\n\n\n<p>A gest\u00e3o municipal de Ourinhos, atrav\u00e9s da secretaria de Sa\u00fade em parceria com a secretaria de Inclus\u00e3o, anuncia uma significativa amplia\u00e7\u00e3o e moderniza\u00e7\u00e3o dos servi\u00e7os destinados as pessoas com defici\u00eancia. A iniciativa representa um avan\u00e7o substancial no compromisso com a inclus\u00e3o e bem-estar dessa parcela da popula\u00e7\u00e3o, anteriormente atendida pela Associa\u00e7\u00e3o de Assist\u00eancia ao Deficiente F\u00edsico (AADF).<\/p>\n\n\n\n<p>A partir de 2024, uma s\u00e9rie de aprimoramentos ser\u00e1 implementada para elevar a qualidade dos servi\u00e7os j\u00e1 prestados. Inserida no contexto do programa &#8220;Avan\u00e7a Sa\u00fade,&#8221; essa atualiza\u00e7\u00e3o incluir\u00e1 a aquisi\u00e7\u00e3o de novos recursos humanos, insumos, ve\u00edculos e equipamentos, al\u00e9m de um planejamento estrat\u00e9gico detalhado que abrange desde Reabilita\u00e7\u00e3o at\u00e9 Resid\u00eancias Terap\u00eauticas.<\/p>\n\n\n\n<p>Um dos destaques dessa transforma\u00e7\u00e3o \u00e9 a cria\u00e7\u00e3o do Centro de Aten\u00e7\u00e3o Psicossocial Infantojuvenil (CAPS IJ), que ir\u00e1 se juntar \u00e0s estruturas do CAPS II e AD, proporcionando um cuidado integral e especializado. A moderniza\u00e7\u00e3o das instala\u00e7\u00f5es e a loca\u00e7\u00e3o de im\u00f3veis est\u00e3o alinhadas para oferecer um ambiente terap\u00eautico atualizado e acolhedor.<\/p>\n\n\n\n<p>O Servi\u00e7o de Atendimento Domiciliar (SAD) receber\u00e1 um impulso significativo, expandindo sua capacidade de atender pacientes acamados diretamente em suas resid\u00eancias. Isso inclui tratamento m\u00e9dico, enfermagem, fisioterapia e at\u00e9 odontologia, com a introdu\u00e7\u00e3o de um aparelho odontol\u00f3gico m\u00f3vel inovador.<\/p>\n\n\n\n<p>Al\u00e9m disso, os servi\u00e7os de Reabilita\u00e7\u00e3o passar\u00e3o a contar com uma equipe especializada, adotando t\u00e9cnicas mais avan\u00e7adas e um atendimento multidisciplinar com psic\u00f3logos, nutricionistas e educadores f\u00edsicos, assegurando uma abordagem integral \u00e0 sa\u00fade do paciente.<\/p>\n\n\n\n<p>A Prefeitura de Ourinhos, liderada pelo prefeito Lucas Pocay, est\u00e1 empenhada em trazer o que h\u00e1 de melhor em reabilita\u00e7\u00e3o, aten\u00e7\u00e3o psicossocial e atendimento domiciliar, refletindo o compromisso da administra\u00e7\u00e3o com a melhoria cont\u00ednua do cuidado e apoio a milhares de pacientes.<\/p>\n\n\n\n<p>Essa expans\u00e3o \u00e9 mais do que um projeto; \u00e9 uma promessa de qualidade de vida, acessibilidade e dignidade para todos, marcando Ourinhos como um exemplo de cuidado e inclus\u00e3o no cen\u00e1rio nacional.<\/p>\n<\/div><\/div>\n<input type=\"hidden\" id=\"baseurl\" value=\"https:\/\/noticiasregionais.com.br\"><input type=\"hidden\" id=\"audio_nonce\" value=\"533fbb67b1\">","protected":false},"excerpt":{"rendered":"<p>Decis\u00e3o de Lucas Pocay causou muitos questionamentos e revolta de membros da associa\u00e7\u00e3o, usu\u00e1rios e cidad\u00e3os de Ourinhos. No \u00faltimo&hellip;<\/p>\n","protected":false},"author":1,"featured_media":1151,"comment_status":"closed","ping_status":"open","sticky":false,"template":"","format":"standard","meta":{"sfsi_plus_gutenberg_text_before_share":"","sfsi_plus_gutenberg_show_text_before_share":"","sfsi_plus_gutenberg_icon_type":"","sfsi_plus_gutenberg_icon_alignemt":"","sfsi_plus_gutenburg_max_per_row":"","footnotes":""},"categories":[5,12,1],"tags":[],"class_list":["post-1148","post","type-post","status-publish","format-standard","has-post-thumbnail","hentry","category-ourinhos","category-capa","category-noticias"],"_links":{"self":[{"href":"https:\/\/noticiasregionais.com.br\/index.php?rest_route=\/wp\/v2\/posts\/1148","targetHints":{"allow":["GET"]}}],"collection":[{"href":"https:\/\/noticiasregionais.com.br\/index.php?rest_route=\/wp\/v2\/posts"}],"about":[{"href":"https:\/\/noticiasregionais.com.br\/index.php?rest_route=\/wp\/v2\/types\/post"}],"author":[{"embeddable":true,"href":"https:\/\/noticiasregionais.com.br\/index.php?rest_route=\/wp\/v2\/users\/1"}],"replies":[{"embeddable":true,"href":"https:\/\/noticiasregionais.com.br\/index.php?rest_route=%2Fwp%2Fv2%2Fcomments&post=1148"}],"version-history":[{"count":2,"href":"https:\/\/noticiasregionais.com.br\/index.php?rest_route=\/wp\/v2\/posts\/1148\/revisions"}],"predecessor-version":[{"id":1153,"href":"https:\/\/noticiasregionais.com.br\/index.php?rest_route=\/wp\/v2\/posts\/1148\/revisions\/1153"}],"wp:featuredmedia":[{"embeddable":true,"href":"https:\/\/noticiasregionais.com.br\/index.php?rest_route=\/wp\/v2\/media\/1151"}],"wp:attachment":[{"href":"https:\/\/noticiasregionais.com.br\/index.php?rest_route=%2Fwp%2Fv2%2Fmedia&parent=1148"}],"wp:term":[{"taxonomy":"category","embeddable":true,"href":"https:\/\/noticiasregionais.com.br\/index.php?rest_route=%2Fwp%2Fv2%2Fcategories&post=1148"},{"taxonomy":"post_tag","embeddable":true,"href":"https:\/\/noticiasregionais.com.br\/index.php?rest_route=%2Fwp%2Fv2%2Ftags&post=1148"}],"curies":[{"name":"wp","href":"https:\/\/api.w.org\/{rel}","templated":true}]}}