{"id":11480,"date":"2025-12-05T04:25:00","date_gmt":"2025-12-05T07:25:00","guid":{"rendered":"https:\/\/noticiasregionais.com.br\/?p=11480"},"modified":"2025-12-06T22:31:16","modified_gmt":"2025-12-07T01:31:16","slug":"senado-aprova-descriminalizacao-de-poda-de-arvore-em-caso-de-risco-de-acidente","status":"publish","type":"post","link":"https:\/\/noticiasregionais.com.br\/?p=11480","title":{"rendered":"Senado aprova descriminaliza\u00e7\u00e3o de poda de \u00e1rvore em caso de risco de acidente"},"content":{"rendered":"<p>\t\t\t\t\t\t\t\t\t\t<audio controls class=\"b61_audio_player\" data-noticia=\"86235\" src=\"https:\/\/brasil61.com\/rails\/active_storage\/blobs\/eyJfcmFpbHMiOnsibWVzc2FnZSI6IkJBaHBBMVhQQXc9PSIsImV4cCI6bnVsbCwicHVyIjoiYmxvYl9pZCJ9fQ==--232235659a90d1102dbf7ce0b5a51daeee760a35\/BRAS2515272A\"><\/audio><\/p>\n<p>O Senado aprovou o <a href=\"https:\/\/www25.senado.leg.br\/web\/atividade\/materias\/-\/materia\/155102\" target=\"_blank\" rel=\"noopener\">projeto de lei 542\/2022<\/a>, que <strong>discriminaliza a\u00a0poda de \u00e1rvores em casos de poss\u00edvel risco de acidente<\/strong>. De acordo com a proposta, prefeituras e \u00f3rg\u00e3os ambientais municipais em todo o Brasil passam a ter um <strong>prazo m\u00e1ximo de 45 dias para responder a pedidos de poda<\/strong> ou corte de \u00e1rvores que apresentem essa condi\u00e7\u00e3o. Caso a prefeitura ou o \u00f3rg\u00e3o ambiental correspondente n\u00e3o se manifeste dentro deste per\u00edodo, o cidad\u00e3o n\u00e3o cometer\u00e1 crime ambiental ao executar o servi\u00e7o de poda ou corte. Agora, o projeto aprovado <strong>segue para san\u00e7\u00e3o presidencial<\/strong>.<\/p>\n<p>A medida <strong>altera a Lei de Crimes Ambientais\u00a0<\/strong>(<a href=\"https:\/\/normas.leg.br\/?urn=urn:lex:br:federal:lei:1998-02-12;9605\" rel=\"noopener\" target=\"_blank\">Lei 9.605, de 1998<\/a>) com a inten\u00e7\u00e3o de <strong>agilizar o processo de cortes de \u00e1rvores\u00a0em locais p\u00fablicos ou propriedades privadas<\/strong> na falta de\u00a0resposta a um pedido de supress\u00e3o vegetal. A proposta tamb\u00e9m permite a contrata\u00e7\u00e3o de profissionais habilitados para realizar esses servi\u00e7os.\u00a0<\/p>\n<p>De autoria do <strong>deputado Vinicius Carvalho (Republicanos-SP)<\/strong>, o projeto\u00a0estabelece que o <strong>risco de acidente dever\u00e1 ser atestado por profissional habilitado<\/strong>, que poder\u00e1 tamb\u00e9m ser contratado para a execu\u00e7\u00e3o do servi\u00e7o. O relator do projeto, o <strong>senador S\u00e9rgio Moro (Uni\u00e3o Brasil-PR)<\/strong> deu o parecer favor\u00e1vel \u00e0 proposta.\u00a0<\/p>\n<h2>Principais mudan\u00e7as<\/h2>\n<ul>\n<li>Maior agilidade na remo\u00e7\u00e3o de \u00e1rvores que representam risco de acidente<\/li>\n<li>A autoriza\u00e7\u00e3o ser\u00e1 considerada autom\u00e1tica ap\u00f3s 45 dias sem resposta do \u00f3rg\u00e3o ambiental<\/li>\n<li>Facilidade para propriet\u00e1rios e gestores de \u00e1reas p\u00fablicas em contratar profissionais qualificados para realizar a poda ou corte de \u00e1rvores<\/li>\n<li>Redu\u00e7\u00e3o de burocracia e potencial preven\u00e7\u00e3o de acidentes causados por \u00e1rvores em situa\u00e7\u00e3o de risco<\/li>\n<\/ul>\n<h2>Poss\u00edveis repercuss\u00f5es negativas<\/h2>\n<ul>\n<li>Enfraquecimento das garantias p\u00fablicas de prote\u00e7\u00e3o ambiental<\/li>\n<li>Aumento do desmatamento e degrada\u00e7\u00e3o ambiental<\/li>\n<li>Press\u00e3o sobre \u00f3rg\u00e3os ambientais e poss\u00edvel sobrecarga<\/li>\n<li>Potenciais conflitos sociais e urbanos por menos formalidades e poss\u00edvel\u00a0uso indevido da legisla\u00e7\u00e3o<\/li>\n<\/ul>\n<p>As informa\u00e7\u00f5es s\u00e3o do <a href=\"https:\/\/www12.senado.leg.br\/noticias\" target=\"_blank\" rel=\"noopener\">Senado Not\u00edcias<\/a>.<\/p>\n<p>\u00a0<\/p>\n<p>\t\t\t\t\t\t\t\t\t<img decoding=\"async\" src=\"https:\/\/brasil61.com\/api\/v1\/serve_pixel\/22254\/86235\" alt=\"Pixel Brasil 61\" class=\"b61_pixel\" width=\"0\" height=\"0\"><\/p>\n<div class=\"br61_backlink\">\n<p>\n\t\t\t\tFonte: <a href=\"https:\/\/brasil61.com\/senado-aprova-descriminalizacao-de-poda-de-arvore-em-caso-de-risco-de-acidente-bras2515272\" title=\"Artigo Original: Senado aprova descriminaliza\u00e7\u00e3o de poda de \u00e1rvore em caso de risco de acidente\" target=\"_blank\" rel=\"noopener\">Brasil 61<\/a>\n\t\t\t<\/p>\n<\/p><\/div>\n<input type=\"hidden\" id=\"baseurl\" value=\"https:\/\/noticiasregionais.com.br\"><input type=\"hidden\" id=\"audio_nonce\" value=\"5c13e0637f\">","protected":false},"excerpt":{"rendered":"<p>Prefeituras e \u00f3rg\u00e3os ambientais municipais passam a ter um prazo m\u00e1ximo de 45 dias para responder a pedidos de poda ou corte de \u00e1rvores que apresentem risco de acidente<\/p>\n","protected":false},"author":1,"featured_media":11500,"comment_status":"closed","ping_status":"open","sticky":false,"template":"","format":"standard","meta":{"sfsi_plus_gutenberg_text_before_share":"","sfsi_plus_gutenberg_show_text_before_share":"","sfsi_plus_gutenberg_icon_type":"","sfsi_plus_gutenberg_icon_alignemt":"","sfsi_plus_gutenburg_max_per_row":"","footnotes":""},"categories":[8],"tags":[],"class_list":["post-11480","post","type-post","status-publish","format-standard","has-post-thumbnail","hentry","category-brasil"],"_links":{"self":[{"href":"https:\/\/noticiasregionais.com.br\/index.php?rest_route=\/wp\/v2\/posts\/11480","targetHints":{"allow":["GET"]}}],"collection":[{"href":"https:\/\/noticiasregionais.com.br\/index.php?rest_route=\/wp\/v2\/posts"}],"about":[{"href":"https:\/\/noticiasregionais.com.br\/index.php?rest_route=\/wp\/v2\/types\/post"}],"author":[{"embeddable":true,"href":"https:\/\/noticiasregionais.com.br\/index.php?rest_route=\/wp\/v2\/users\/1"}],"replies":[{"embeddable":true,"href":"https:\/\/noticiasregionais.com.br\/index.php?rest_route=%2Fwp%2Fv2%2Fcomments&post=11480"}],"version-history":[{"count":1,"href":"https:\/\/noticiasregionais.com.br\/index.php?rest_route=\/wp\/v2\/posts\/11480\/revisions"}],"predecessor-version":[{"id":11486,"href":"https:\/\/noticiasregionais.com.br\/index.php?rest_route=\/wp\/v2\/posts\/11480\/revisions\/11486"}],"wp:featuredmedia":[{"embeddable":true,"href":"https:\/\/noticiasregionais.com.br\/index.php?rest_route=\/wp\/v2\/media\/11500"}],"wp:attachment":[{"href":"https:\/\/noticiasregionais.com.br\/index.php?rest_route=%2Fwp%2Fv2%2Fmedia&parent=11480"}],"wp:term":[{"taxonomy":"category","embeddable":true,"href":"https:\/\/noticiasregionais.com.br\/index.php?rest_route=%2Fwp%2Fv2%2Fcategories&post=11480"},{"taxonomy":"post_tag","embeddable":true,"href":"https:\/\/noticiasregionais.com.br\/index.php?rest_route=%2Fwp%2Fv2%2Ftags&post=11480"}],"curies":[{"name":"wp","href":"https:\/\/api.w.org\/{rel}","templated":true}]}}