{"id":11482,"date":"2025-12-05T04:30:00","date_gmt":"2025-12-05T07:30:00","guid":{"rendered":"https:\/\/noticiasregionais.com.br\/?p=11482"},"modified":"2025-12-05T04:30:00","modified_gmt":"2025-12-05T07:30:00","slug":"pesquisa-nacional-revela-aumento-e-aprofundamento-da-violencia-de-genero-no-ambiente-digital","status":"publish","type":"post","link":"https:\/\/noticiasregionais.com.br\/?p=11482","title":{"rendered":"Pesquisa Nacional revela aumento e aprofundamento da viol\u00eancia de g\u00eanero no ambiente digital"},"content":{"rendered":"<p>\t\t\t\t\t\t\t\t\t\t\t<audio controls class=\"b61_audio_player\" data-noticia=\"86248\" src=\"https:\/\/brasil61.com\/rails\/active_storage\/blobs\/eyJfcmFpbHMiOnsibWVzc2FnZSI6IkJBaHBBMy9QQXc9PSIsImV4cCI6bnVsbCwicHVyIjoiYmxvYl9pZCJ9fQ==--910bdc867101c21e978f21647f8045cf6afea564\/BRAS2515275A\"><\/audio><\/p>\n<p>A mais recente edi\u00e7\u00e3o da Pesquisa Nacional de Viol\u00eancia contra a Mulher, realizada pelo DataSenado e pela Nexus, em parceria com o Observat\u00f3rio da Mulher contra a Viol\u00eancia, do Senado Federal, mostra que <strong>8,8 milh\u00f5es de brasileiras<\/strong>, <strong>10% da popula\u00e7\u00e3o feminina<\/strong> com 16 anos ou mais, sofreram algum tipo de <strong>viol\u00eancia digital<\/strong> nos \u00faltimos 12 meses. Esta \u00e9 a primeira vez que o levantamento, em sua 11\u00aa edi\u00e7\u00e3o, aprofunda o monitoramento de agress\u00f5es mediadas por tecnologia, incluindo desde mensagens ofensivas reiteradas\u00a0at\u00e9 invas\u00f5es de contas e uso de imagens \u00edntimas para chantagem.<\/p>\n<\/p>\n<p dir=\"ltr\">As pr\u00e1ticas mais comuns refletem comportamentos j\u00e1 naturalizados no ambiente online. O envio recorrente de mensagens ofensivas ou amea\u00e7adoras foi a agress\u00e3o mais relatada:<strong> 5% das mulheres<\/strong>, cerca de 4,8 milh\u00f5es de brasileiras, passaram por essa situa\u00e7\u00e3o. Tamb\u00e9m aparecem com frequ\u00eancia invas\u00f5es de contas e <strong>dispositivos pessoais (4%) <\/strong>e a divulga\u00e7\u00e3o de mentiras nas <strong>redes sociais (4%)<\/strong>, revelando um cen\u00e1rio amplo e persistente de ass\u00e9dio digital.<\/p>\n<p dir=\"ltr\">O estudo tamb\u00e9m registra aumento significativo no uso de fotos ou v\u00eddeos \u00edntimos para chantagear mulheres: o \u00edndice dobrou em rela\u00e7\u00e3o \u00e0 edi\u00e7\u00e3o anterior, passando de 1% para 2%. Embora pare\u00e7a pequeno, esse percentual representa mais de <strong>1,4 milh\u00e3o de brasileiras<\/strong> submetidas a um tipo de coer\u00e7\u00e3o que combina viol\u00eancia psicol\u00f3gica, sexual e tecnol\u00f3gica.<\/p>\n<p dir=\"ltr\">A pesquisa evidencia que mulheres mais jovens, entre <strong>16 e 29 anos<\/strong>, s\u00e3o as <strong>mais vulner\u00e1veis<\/strong>. Enquanto <strong>10% das brasileiras<\/strong> afirmam ter sofrido viol\u00eancia digital, entre as mais jovens esse \u00edndice chega a 15%. J\u00e1 o envio de mensagens ofensivas e amea\u00e7adoras, que atinge<strong> 5% da popula\u00e7\u00e3o feminina<\/strong>, sobe para <strong>9% nessa faixa et\u00e1ria<\/strong>.<\/p>\n<p dir=\"ltr\">Segundo Maria Teresa Firmino Prado Mauro, coordenadora do Observat\u00f3rio da Mulher contra a Viol\u00eancia, do Senado Federal, a viol\u00eancia digital frequentemente \u00e9 praticada por parceiros \u00edntimos, familiares ou pessoas pr\u00f3ximas. \u201cA tecnologia, em vez de criar um novo agressor, amplia o alcance de viol\u00eancias j\u00e1 existentes\u201d, destaca.<\/p>\n<h2 dir=\"ltr\">Metodologia<\/h2>\n<p dir=\"ltr\">Criada em 2005 para subsidiar a elabora\u00e7\u00e3o da <strong>Lei Maria da Penha<\/strong>, a pesquisa \u00e9 realizada a cada dois anos e, nesta edi\u00e7\u00e3o, ouviu 21.641 mulheres com 16 anos ou mais em todo o pa\u00eds. As amostras do <a href=\"https:\/\/www12.senado.leg.br\/institucional\/datasenado\" target=\"_blank\" rel=\"noopener\">DataSenado<\/a> e da <a href=\"https:\/\/www.nexus.fsb.com.br\/\" target=\"_blank\" rel=\"noopener\">Nexus<\/a> s\u00e3o probabil\u00edsticas, com margem de erro m\u00e9dia de 0,69 ponto percentual e n\u00edvel de confian\u00e7a de 95%. As entrevistas foram feitas por telefone, fixo e m\u00f3vel, com distribui\u00e7\u00e3o uniforme por todas as unidades da Federa\u00e7\u00e3o.<\/p>\n<h2 dir=\"ltr\">Sobre o DataSenado<\/h2>\n<p dir=\"ltr\">Com mais de 20 anos de atua\u00e7\u00e3o, o Instituto de Pesquisa <a href=\"http:\/\/www12.senado.leg.br\/institucional\/datasenado\" target=\"_blank\" rel=\"noopener\">DataSenado <\/a>produz estudos que subsidiam a representa\u00e7\u00e3o parlamentar. A pesquisa integra uma s\u00e9rie hist\u00f3rica iniciada em 2005 e re\u00fane dados sobre desigualdade de g\u00eanero e viol\u00eancia contra mulheres. Todas as pesquisas est\u00e3o dispon\u00edveis no site do <a href=\"http:\/\/www12.senado.leg.br\/institucional\/datasenado\" target=\"_blank\" rel=\"noopener\">DataSenado<\/a>.<\/p>\n<h2 dir=\"ltr\">Sobre o Observat\u00f3rio da Mulher contra a Viol\u00eancia<\/h2>\n<p dir=\"ltr\">Criado em 2016 pelo Senado Federal, o Observat\u00f3rio re\u00fane, analisa e divulga informa\u00e7\u00f5es sobre viol\u00eancia de g\u00eanero no Brasil. Em parceria com o <a href=\"http:\/\/www12.senado.leg.br\/institucional\/datasenado\" target=\"_blank\" rel=\"noopener\">DataSenado<\/a>, produz dados estrat\u00e9gicos que orientam pol\u00edticas p\u00fablicas e fortalecem o enfrentamento \u00e0 viol\u00eancia contra mulheres.<\/p>\n<p>\t\t\t\t\t\t\t\t\t\t<img decoding=\"async\" src=\"https:\/\/brasil61.com\/api\/v1\/serve_pixel\/22254\/86248\" alt=\"Pixel Brasil 61\" class=\"b61_pixel\" width=\"0\" height=\"0\"><\/p>\n<div class=\"br61_backlink\">\n<p>\n\t\t\t\tFonte: <a href=\"https:\/\/brasil61.com\/pesquisa-nacional-revela-aumento-e-aprofundamento-da-violencia-de-genero-no-ambiente-digital-bras2515275\" title=\"Artigo Original: Pesquisa Nacional revela aumento e aprofundamento da viol\u00eancia de g\u00eanero no ambiente digital\" target=\"_blank\" rel=\"noopener\">Brasil 61<\/a>\n\t\t\t<\/p>\n<\/p><\/div>\n<input type=\"hidden\" id=\"baseurl\" value=\"https:\/\/noticiasregionais.com.br\"><input type=\"hidden\" id=\"audio_nonce\" value=\"5c13e0637f\">","protected":false},"excerpt":{"rendered":"<p>Levantamento do DataSenado e da Nexus detalha, de forma ampla, a viol\u00eancia digital contra mulheres. Em 12 meses, 8,8 milh\u00f5es de brasileiras foram v\u00edtimas de agress\u00f5es mediadas por tecnologia<\/p>\n","protected":false},"author":1,"featured_media":11483,"comment_status":"","ping_status":"open","sticky":false,"template":"","format":"standard","meta":{"sfsi_plus_gutenberg_text_before_share":"","sfsi_plus_gutenberg_show_text_before_share":"","sfsi_plus_gutenberg_icon_type":"","sfsi_plus_gutenberg_icon_alignemt":"","sfsi_plus_gutenburg_max_per_row":"","footnotes":""},"categories":[8],"tags":[],"class_list":["post-11482","post","type-post","status-publish","format-standard","has-post-thumbnail","hentry","category-brasil"],"_links":{"self":[{"href":"https:\/\/noticiasregionais.com.br\/index.php?rest_route=\/wp\/v2\/posts\/11482","targetHints":{"allow":["GET"]}}],"collection":[{"href":"https:\/\/noticiasregionais.com.br\/index.php?rest_route=\/wp\/v2\/posts"}],"about":[{"href":"https:\/\/noticiasregionais.com.br\/index.php?rest_route=\/wp\/v2\/types\/post"}],"author":[{"embeddable":true,"href":"https:\/\/noticiasregionais.com.br\/index.php?rest_route=\/wp\/v2\/users\/1"}],"replies":[{"embeddable":true,"href":"https:\/\/noticiasregionais.com.br\/index.php?rest_route=%2Fwp%2Fv2%2Fcomments&post=11482"}],"version-history":[{"count":0,"href":"https:\/\/noticiasregionais.com.br\/index.php?rest_route=\/wp\/v2\/posts\/11482\/revisions"}],"wp:featuredmedia":[{"embeddable":true,"href":"https:\/\/noticiasregionais.com.br\/index.php?rest_route=\/wp\/v2\/media\/11483"}],"wp:attachment":[{"href":"https:\/\/noticiasregionais.com.br\/index.php?rest_route=%2Fwp%2Fv2%2Fmedia&parent=11482"}],"wp:term":[{"taxonomy":"category","embeddable":true,"href":"https:\/\/noticiasregionais.com.br\/index.php?rest_route=%2Fwp%2Fv2%2Fcategories&post=11482"},{"taxonomy":"post_tag","embeddable":true,"href":"https:\/\/noticiasregionais.com.br\/index.php?rest_route=%2Fwp%2Fv2%2Ftags&post=11482"}],"curies":[{"name":"wp","href":"https:\/\/api.w.org\/{rel}","templated":true}]}}