{"id":11484,"date":"2025-12-05T04:55:00","date_gmt":"2025-12-05T07:55:00","guid":{"rendered":"https:\/\/noticiasregionais.com.br\/?p=11484"},"modified":"2025-12-06T22:31:19","modified_gmt":"2025-12-07T01:31:19","slug":"premio-iel-de-talentos-anuncia-os-campeoes-de-2025","status":"publish","type":"post","link":"https:\/\/noticiasregionais.com.br\/?p=11484","title":{"rendered":"Pr\u00eamio IEL de Talentos anuncia os campe\u00f5es de 2025"},"content":{"rendered":"<p>\t\t\t\t\t\t\t\t\t\t<audio controls class=\"b61_audio_player\" data-noticia=\"86249\" src=\"https:\/\/brasil61.com\/rails\/active_storage\/blobs\/eyJfcmFpbHMiOnsibWVzc2FnZSI6IkJBaHBBM0RQQXc9PSIsImV4cCI6bnVsbCwicHVyIjoiYmxvYl9pZCJ9fQ==--8e088ce9d09d429bb7c7033f130fc742baa08bb5\/PIND254702A\"><\/audio><\/p>\n<p><strong>O <a href=\"https:\/\/iel.portaldaindustria.com.br\/institucional\/premio-iel-de-talentos\" target=\"_blank\" rel=\"noopener\">Pr\u00eamio IEL de Talentos<\/a> j\u00e1 tem os campe\u00f5es de 2025<\/strong>. Ao todo, a iniciativa \u2014 que reconhece projetos de destaque nas \u00e1reas de <strong>educa\u00e7\u00e3o, inova\u00e7\u00e3o e desenvolvimento profissional<\/strong> \u2014 recebeu <strong>757 projetos<\/strong> inscritos de empresas, institui\u00e7\u00f5es de ensino, n\u00facleos regionais do IEL e jovens talentos de <strong>21 estados<\/strong>, um recorde de participantes entre as edi\u00e7\u00f5es anteriores.<\/p>\n<p>A cerim\u00f4nia de premia\u00e7\u00e3o ocorreu na noite da \u00faltima quarta-feira (3), nos jardins do Instituto Ricardo Brennand, em Recife (PE). Durante o evento, o vice-presidente da <a href=\"https:\/\/cni.portaldaindustria.com.br\/\" target=\"_blank\" rel=\"noopener\">Confedera\u00e7\u00e3o Nacional da Ind\u00fastria (CNI)<\/a>, <strong>Ricardo Essinger<\/strong>, destacou que a inova\u00e7\u00e3o \u00e9 condi\u00e7\u00e3o essencial para o futuro do setor industrial.<\/p>\n<p>\u201cVivemos tempos desafiadores, em que a inova\u00e7\u00e3o deixou de ser uma op\u00e7\u00e3o e passou a ser essencial para impulsionar a competitividade da ind\u00fastria no mercado global. <strong>Ideias ousadas, solu\u00e7\u00f5es arrojadas e processos modernos s\u00e3o as chaves para aumentar a produtividade<\/strong> das empresas e <strong>agregar valor <\/strong>aos nossos produtos.\u201d<\/p>\n<h2>60 inscri\u00e7\u00f5es s\u00f3 de Pernambuco<\/h2>\n<p>Tamb\u00e9m presente na cerim\u00f4nia, o presidente da <a href=\"https:\/\/fiepe.org.br\/\" target=\"_blank\" rel=\"noopener\">Federa\u00e7\u00e3o das Ind\u00fastrias do Estado de Pernambuco (Fiepe)<\/a> e diretor regional do <a href=\"https:\/\/iel.portaldaindustria.com.br\/\" target=\"_blank\" rel=\"noopener\">Instituto Euvaldo Lodi (IEL)<\/a>, <strong>Bruno Veloso<\/strong>, ressaltou o protagonismo do estado, que contou com<strong> 60 projetos<\/strong> inscritos nesta edi\u00e7\u00e3o. Segundo ele, o resultado reflete o trabalho consistente realizado pela equipe do instituto.<\/p>\n<p>\u201cJunto com o SESI, as a\u00e7\u00f5es do IEL impactam mais de <strong>11 mil alunos<\/strong>. J\u00e1 com o <a href=\"https:\/\/www.senai.portaldaindustria.com.br\/pt\/\" target=\"_blank\" rel=\"noopener\">SENAI<\/a>, o IEL atendeu mais de <strong>9.700 estudantes<\/strong> e realizou capacita\u00e7\u00f5es que resultaram na qualifica\u00e7\u00e3o de mais de <strong>mil colaboradores <\/strong>dessa institui\u00e7\u00e3o. At\u00e9 agora, n\u00f3s j\u00e1 inserimos mais de<strong> 7.500 estagi\u00e1rios<\/strong> no mundo profissional. Esses n\u00fameros mostram com muita clareza que a forma\u00e7\u00e3o profissional e a inova\u00e7\u00e3o n\u00e3o acontecem de forma isolada.\u201d<\/p>\n<h2>Os vencedores<\/h2>\n<p>Ao todo, <strong>34 projetos<\/strong> foram premiados nas categorias <strong>IEL Est\u00e1gio<\/strong> \u2014 que engloba as subcategorias <em>Estagi\u00e1rio Inovador<\/em>, <em>Est\u00e1gio Inovador<\/em> e <em>Educa\u00e7\u00e3o Inovadora <\/em>\u2014; <strong>Inova Talentos<\/strong> \u2014 com as subcategorias <em>Artigo Inovador<\/em> e<em> Projetos Inovadores<\/em> \u2014 e <strong>Sistema S<\/strong>, que reconheceu iniciativas nas subcategorias <em>Est\u00e1gio Inovador<\/em>, <em>Educa\u00e7\u00e3o Inovadora<\/em> e <em>Projeto Inovador<\/em>.<\/p>\n<p>Confira os ganhadores do Pr\u00eamio IEL de Talentos 2025.<\/p>\n<p><u><strong>IEL Est\u00e1gio<\/strong><\/u><\/p>\n<p><strong>Estagi\u00e1rio Inovador<\/strong><\/p>\n<p><strong>Grande Porte<\/strong><\/p>\n<ul>\n<li>1\u00ba \u2013 SENAI \u2013 RPA Inteligente para Monitoramento A\u00e9reo<\/li>\n<li>2\u00ba \u2013 Albras \u2013 Albras 4.0 &#8211; Conectando o Futuro e a Excel\u00eancia Operacional<\/li>\n<li>2\u00ba \u2013 Dois A Engenharia \u2013 Processo de Desmobiliza\u00e7\u00e3o de Obras<\/li>\n<li>3\u00ba \u2013 CEDISA \u2013 Portal de Fornecedores<\/li>\n<\/ul>\n<p><strong>M\u00e9dio Porte<\/strong><\/p>\n<ul>\n<li>1\u00ba \u2013 Brose \u2013 Brose Twin Digital<\/li>\n<li>2\u00ba \u2013 Evolua Energia \u2013 Evolua Involt<\/li>\n<li>3\u00ba \u2013 IPQ Tecnologia \u2013 \u00a0IA na seguran\u00e7a p\u00fablica: predi\u00e7\u00e3o de criminalidade<\/li>\n<\/ul>\n<p><strong>Micro e Pequeno Porte<\/strong><\/p>\n<ul>\n<li>1\u00ba \u2013 SYMC IA \u2013 Exporta\u00e7\u00e3o de SaaS (Software as Service): conectando inova\u00e7\u00e3o nacional com resultados globais<\/li>\n<li>2\u00ba \u2013 ICAS \u2013 Do Campo \u00e0 Ci\u00eancia: Est\u00e1gio em Conserva\u00e7\u00e3o Aplicada<\/li>\n<li>3\u00ba \u2013 Instituto SENAI de Tecnologia \u2013 QUICK BUY &#8211; A IA Generativa que Transforma a Gest\u00e3o de Compras<\/li>\n<\/ul>\n<p><strong>Est\u00e1gio Inovador<\/strong><\/p>\n<p><strong>Grande Porte<\/strong><\/p>\n<ul>\n<li>1\u00ba \u2013 Acumuladores Moura \u2013 Projeto: Academia de Est\u00e1gio Moura<\/li>\n<li>2\u00ba \u2013 Brose do Brasil \u2013 Projeto: Programa Internacional de Est\u00e1gio<\/li>\n<li>3\u00ba \u2013 CEDISA \u2013 Projeto: TalentA\u00c7O 2.0<\/li>\n<\/ul>\n<p><strong>M\u00e9dio Porte<\/strong><\/p>\n<ul>\n<li>1\u00ba \u2013 Am\u00eandoas do Brasil \u2013 Programa de Estagi\u00e1rios &#8211; Futuro ADB<\/li>\n<li>2\u00ba \u2013 Sousa Andrade Construtora \u2013 Acelerando na Carreira: Trilha de Est\u00e1gio S.A<\/li>\n<li>3\u00ba \u2013 TUTIPLAST \u2013 Rock Teams<\/li>\n<\/ul>\n<p><strong>Micro e Pequeno Porte<\/strong><\/p>\n<ul>\n<li>1\u00ba \u2013 Softagon Sistemas \u2013 Intelig\u00eancia Artificial na Prepara\u00e7\u00e3o do Estagi\u00e1rio Inovador<\/li>\n<li>2\u00ba \u2013 4Feedstock \u2013 Est\u00e1gio 4Feedstock<\/li>\n<li>3\u00ba \u2013 GMPR Advogados \u2013 GMPR Experience<\/li>\n<\/ul>\n<p><strong>Educa\u00e7\u00e3o Inovadora<\/strong><\/p>\n<p><strong>Superior<\/strong><\/p>\n<ul>\n<li>1\u00ba \u2013 Unochapec\u00f3<\/li>\n<li>2\u00ba \u2013 PUC Minas\u00a0<\/li>\n<li>3\u00ba \u2013 PUCPR\u00a0<\/li>\n<\/ul>\n<p><strong>T\u00e9cnico<\/strong><\/p>\n<ul>\n<li>1\u00ba \u2013 Centro de Ensino M\u00e9dio e Profissionalizante do Maranh\u00e3o\u00a0<\/li>\n<li>2\u00ba \u2013 RCF Cursos T\u00e9cnicos Grau T\u00e9cnico \u2013 Unidade Boa Vista\u00a0<\/li>\n<li>3\u00ba \u2013 IFRN\u00a0<\/li>\n<\/ul>\n<p><strong>Inova Talentos\u00a0<\/strong><\/p>\n<p><strong>Artigo Inovador<\/strong><\/p>\n<ul>\n<li>1\u00ba \u2013 Ford \u2013 Artigo: Sistemas encapsulados por emuls\u00e3o Pickering para revestimentos inteligentes anticorrosivos de autorreparo<\/li>\n<li>2\u00ba \u2013 Banco Bradesco \u2013 Artigo: Modelagem Preditiva de Valores Transacionados via Pix<\/li>\n<li>3\u00ba \u2013 Instituto Herc\u00edlio Randon \u2013 Artigo: Determina\u00e7\u00e3o da Ades\u00e3o Interfacial por Ensaio de Arrancamento em Comp\u00f3sitos de Polipropileno Refor\u00e7ado via Sobreinje\u00e7\u00e3o<\/li>\n<\/ul>\n<p><strong>Projeto Inovador<\/strong><\/p>\n<ul>\n<li>1\u00ba \u2013 Natura \u2013 Projeto: Metodologia iP&amp;L (Integrated Profit and Loss \/ Perdas e Lucros Integrados) da Natura.<\/li>\n<li>2\u00ba \u2013 CO-LOG \u2013 Projeto: Desenvolvimento de produtos para agricultura a partir da economia circular dos est\u00e9reis provenientes da minera\u00e7\u00e3o de ferro das minas da Vale<\/li>\n<li>3\u00ba \u2013 Banco do Nordeste \u2013 Projeto: O poder do cr\u00e9dito: FNE Rural e a transforma\u00e7\u00e3o do setor agropecu\u00e1rio<\/li>\n<\/ul>\n<p><strong>Sistema S<\/strong><\/p>\n<p><strong>Est\u00e1gio Inovador<\/strong><\/p>\n<ul>\n<li>1\u00ba \u2013 SESI MS<\/li>\n<\/ul>\n<p><strong>Educa\u00e7\u00e3o Inovadora<\/strong><\/p>\n<ul>\n<li>1\u00ba \u2013 SENAI SC \u2013 S\u00e3o Francisco do Sul<\/li>\n<\/ul>\n<p><strong>Projeto Inovador<\/strong><\/p>\n<ul>\n<li>1\u00ba \u2013 Projeto: An\u00e1lise estrat\u00e9gica de dados abertos da Educa\u00e7\u00e3o na Bahia: Gera\u00e7\u00e3o de insights e solu\u00e7\u00f5es inovadoras para o SESI e o Setor P\u00fablico<\/li>\n<\/ul>\n<p><strong><a href=\"https:\/\/brasil61.com\/n\/inscricoes-do-premio-nacional-de-inovacao-vao-ate-5-de-dezembro-pind254696\" target=\"_blank\" rel=\"noopener\">Inscri\u00e7\u00f5es do Pr\u00eamio Nacional de Inova\u00e7\u00e3o v\u00e3o at\u00e9 5 de dezembro<\/a><\/strong><\/p>\n<p><strong><a href=\"https:\/\/brasil61.com\/n\/brasil-mais-produtivo-aumenta-em-28-a-produtividade-das-empresas-atendidas-pind254695\" target=\"_blank\" rel=\"noopener\">Brasil Mais Produtivo aumenta em 28% a produtividade das empresas atendidas<\/a><\/strong><\/p>\n<h2>Novidades para 2026<\/h2>\n<p>Ao final do evento, a superintendente do IEL Nacional, <strong>Sarah Saldanha<\/strong>, anunciou uma novidade para o <strong>Pr\u00eamio IEL de Talentos 2026<\/strong>, que ser\u00e1 realizado no <strong>Paran\u00e1<\/strong>. A partir da pr\u00f3xima edi\u00e7\u00e3o, os finalistas tamb\u00e9m disputar\u00e3o um reconhecimento internacional concedido pelo <strong>Global Innovation Management Institute (GIMI)<\/strong>, organiza\u00e7\u00e3o refer\u00eancia mundial em padr\u00f5es globais de gest\u00e3o da inova\u00e7\u00e3o.\u00a0<\/p>\n<p>\u201cMuito mais do que uma premia\u00e7\u00e3o al\u00e9m da nossa fronteira, trata-se do reconhecimento de que a inova\u00e7\u00e3o abre portas para a ind\u00fastria brasileira e para jovens. O que queremos trazer \u00e9 mais visibilidade, mais rigor, mais credibilidade e mais aproxima\u00e7\u00e3o da nossa inova\u00e7\u00e3o com os padr\u00f5es internacionais\u201d, afirmou.<\/p>\n<p>Para assistir a cerim\u00f4nia completa de premia\u00e7\u00e3o do Pr\u00eamio IEL 2025, acesse o <a href=\"https:\/\/www.youtube.com\/live\/PBEeslLe9g8?si=CBRRPxUTW41wrHp6\" target=\"_blank\" rel=\"noopener\">canal do IEL no Youtube<\/a>.<\/p>\n<p>\t\t\t\t\t\t\t\t\t<img decoding=\"async\" src=\"https:\/\/brasil61.com\/api\/v1\/serve_pixel\/22254\/86249\" alt=\"Pixel Brasil 61\" class=\"b61_pixel\" width=\"0\" height=\"0\"><\/p>\n<div class=\"br61_backlink\">\n<p>\n\t\t\t\tFonte: <a href=\"https:\/\/brasil61.com\/premio-iel-de-talentos-anuncia-os-campeoes-de-2025-pind254702\" title=\"Artigo Original: Pr\u00eamio IEL de Talentos anuncia os campe\u00f5es de 2025\" target=\"_blank\" rel=\"noopener\">Brasil 61<\/a>\n\t\t\t<\/p>\n<\/p><\/div>\n<input type=\"hidden\" id=\"baseurl\" value=\"https:\/\/noticiasregionais.com.br\"><input type=\"hidden\" id=\"audio_nonce\" value=\"5c13e0637f\">","protected":false},"excerpt":{"rendered":"<p>Edi\u00e7\u00e3o bate recorde com 757 projetos inscritos e premia iniciativas de inova\u00e7\u00e3o e desenvolvimento profissional<\/p>\n","protected":false},"author":1,"featured_media":11502,"comment_status":"closed","ping_status":"open","sticky":false,"template":"","format":"standard","meta":{"sfsi_plus_gutenberg_text_before_share":"","sfsi_plus_gutenberg_show_text_before_share":"","sfsi_plus_gutenberg_icon_type":"","sfsi_plus_gutenberg_icon_alignemt":"","sfsi_plus_gutenburg_max_per_row":"","footnotes":""},"categories":[8],"tags":[],"class_list":["post-11484","post","type-post","status-publish","format-standard","has-post-thumbnail","hentry","category-brasil"],"_links":{"self":[{"href":"https:\/\/noticiasregionais.com.br\/index.php?rest_route=\/wp\/v2\/posts\/11484","targetHints":{"allow":["GET"]}}],"collection":[{"href":"https:\/\/noticiasregionais.com.br\/index.php?rest_route=\/wp\/v2\/posts"}],"about":[{"href":"https:\/\/noticiasregionais.com.br\/index.php?rest_route=\/wp\/v2\/types\/post"}],"author":[{"embeddable":true,"href":"https:\/\/noticiasregionais.com.br\/index.php?rest_route=\/wp\/v2\/users\/1"}],"replies":[{"embeddable":true,"href":"https:\/\/noticiasregionais.com.br\/index.php?rest_route=%2Fwp%2Fv2%2Fcomments&post=11484"}],"version-history":[{"count":1,"href":"https:\/\/noticiasregionais.com.br\/index.php?rest_route=\/wp\/v2\/posts\/11484\/revisions"}],"predecessor-version":[{"id":11501,"href":"https:\/\/noticiasregionais.com.br\/index.php?rest_route=\/wp\/v2\/posts\/11484\/revisions\/11501"}],"wp:featuredmedia":[{"embeddable":true,"href":"https:\/\/noticiasregionais.com.br\/index.php?rest_route=\/wp\/v2\/media\/11502"}],"wp:attachment":[{"href":"https:\/\/noticiasregionais.com.br\/index.php?rest_route=%2Fwp%2Fv2%2Fmedia&parent=11484"}],"wp:term":[{"taxonomy":"category","embeddable":true,"href":"https:\/\/noticiasregionais.com.br\/index.php?rest_route=%2Fwp%2Fv2%2Fcategories&post=11484"},{"taxonomy":"post_tag","embeddable":true,"href":"https:\/\/noticiasregionais.com.br\/index.php?rest_route=%2Fwp%2Fv2%2Ftags&post=11484"}],"curies":[{"name":"wp","href":"https:\/\/api.w.org\/{rel}","templated":true}]}}