{"id":11488,"date":"2025-12-05T16:00:00","date_gmt":"2025-12-05T19:00:00","guid":{"rendered":"https:\/\/noticiasregionais.com.br\/?p=11488"},"modified":"2025-12-07T22:31:47","modified_gmt":"2025-12-08T01:31:47","slug":"premiacao-da-apexbrasil-e-revista-exame-reconhece-melhores-empresas-exportadoras-de-2025-confira-as-vencedoras","status":"publish","type":"post","link":"https:\/\/noticiasregionais.com.br\/?p=11488","title":{"rendered":"Premia\u00e7\u00e3o da ApexBrasil e Revista Exame reconhece melhores empresas exportadoras de 2025; confira as vencedoras"},"content":{"rendered":"<p>\t\t\t\t\t\t\t\t\t\t<audio controls class=\"b61_audio_player\" data-noticia=\"86259\" src=\"https:\/\/brasil61.com\/rails\/active_storage\/blobs\/eyJfcmFpbHMiOnsibWVzc2FnZSI6IkJBaHBBeFhRQXc9PSIsImV4cCI6bnVsbCwicHVyIjoiYmxvYl9pZCJ9fQ==--8b930c48b99f08b8c414d3448b588aab36f9cc8f\/APEX250089B\"><\/audio><\/p>\n<p>Empresas brasileiras dos mais variados setores foram reconhecidas pela relev\u00e2ncia da atua\u00e7\u00e3o no mercado global ao conquistarem o Pr\u00eamio ApexBrasil-Exame: Melhores dos Neg\u00f3cios Internacionais 2025. Ao todo, 19 categorias foram analisadas.<\/p>\n<p>O evento, realizado no Teatro B32, em S\u00e3o Paulo, contou com a presen\u00e7a de empres\u00e1rios, gestores p\u00fablicos e investidores. A celebra\u00e7\u00e3o foi realizada na quarta-feira (3) e organizada pela Ag\u00eancia Brasileira de Promo\u00e7\u00e3o de Exporta\u00e7\u00f5es e Investimentos <a href=\"https:\/\/apexbrasil.com.br\/\" target=\"_blank\" rel=\"noopener\">(ApexBrasil)<\/a>, em parceria com a Revista Exame.<\/p>\n<p>Al\u00e9m de reunir lideran\u00e7as empresariais e especialistas em com\u00e9rcio exterior, o evento tamb\u00e9m contou com a presen\u00e7a do vice-presidente e ministro do Desenvolvimento, Ind\u00fastria, Com\u00e9rcio e Servi\u00e7os, Geraldo Alckmin; e do presidente da ApexBrasil, Jorge Viana, que enalteceu o trabalho desempenhado pelos empreendedores.<\/p>\n<p>\u201cN\u00f3s tivemos mais de 350 empresas inscritas, gra\u00e7as tamb\u00e9m a essa sinergia criada com quem trabalha, com as empresas, com os empreendedores, com o Brasil voltando a ter protagonismo no mundo. A ApexBrasil talvez seja a m\u00e9trica de que as coisas aconteceram. A Apex nunca trabalhou com 20 mil empresas por ano. Ano passado alcan\u00e7amos, mas este ano, antes do ano terminar, j\u00e1 temos quase 21 mil empresas apoiadas\u201d, pontuou.<\/p>\n<h2>Confira a lista completa das empresas premiadas por categoria<\/h2>\n<ul>\n<li>Empresa Exportadora do Ano (Micro, Pequenas ou M\u00e9dias Empresas) &#8211; 100% Amaz\u00f4nia<\/li>\n<li>Empresa Exportadora do Ano (Grandes Empresas) &#8211; Marfrig<\/li>\n<li>Promo\u00e7\u00e3o da Sociobiodiversidade &#8211; Ybyr\u00e1 Biodesign da Amaz\u00f4nia<\/li>\n<li>Desenvolvimento Regional &#8211; Cooperativa Mista dos Apicultores da Microrregi\u00e3o de Simpl\u00edcio Mendes (Comapi)<\/li>\n<li>Lideran\u00e7a e Diversidade &#8211; Plot Kids<\/li>\n<li>Cooperativismo de Pequeno e M\u00e9dio Porte &#8211; Cooperativa Central de Comercializa\u00e7\u00e3o Extrativista do Acre (Cooperacre)<\/li>\n<li>Cooperativismo de Grande Porte &#8211; Cooperativa Regional de Cafeicultores em Guaxup\u00e9<\/li>\n<li>Ind\u00fastria (Micro, Pequenas ou M\u00e9dias Empresas) &#8211; Vasap Design<\/li>\n<li>Ind\u00fastria (Grandes Empresas) &#8211; Intelbras<\/li>\n<li>Comerciais Exportadoras &#8211; MasterInt Group<\/li>\n<li>Servi\u00e7os (Micro, Pequenas ou M\u00e9dias Empresas) &#8211; Capyba<\/li>\n<li>Servi\u00e7os (Grandes Empresas) &#8211; Stefanini Group<\/li>\n<li>Agro (Micro, Pequenas ou M\u00e9dias Empresas) &#8211; Zebuembryo<\/li>\n<li>Agro (Grandes Empresas) &#8211; Grupo 3 Cora\u00e7\u00f5es<\/li>\n<li>Promo\u00e7\u00e3o Digital &#8211; Diagnext<\/li>\n<li>Startup &#8211; Twiggy<\/li>\n<li>Investimento Estrangeiro &#8211; Engie<\/li>\n<li>Projeto Setorial Agro &#8211; Uni\u00e3o Nacional do Etanol de Milho (Unem)<\/li>\n<li>Projeto Setorial Ind\u00fastria e Servi\u00e7os &#8211; Associa\u00e7\u00e3o Brasileira das Ind\u00fastrias de Cal\u00e7ados (Abical\u00e7ados)<\/li>\n<\/ul>\n<p>De acordo com a ApexBrasil, a premia\u00e7\u00e3o concentrou iniciativas nacionais com elevado grau de maturidade institucional, arquitetura t\u00e9cnica robusta e impacto mensur\u00e1vel sobre a inser\u00e7\u00e3o global dos setores representados.<\/p>\n<p>Entre as companhias premiadas, est\u00e1 a Uni\u00e3o Nacional do Etanol de Milho <a href=\"https:\/\/etanoldemilho.com.br\/\" target=\"_blank\" rel=\"noopener\">(UNEM)<\/a>, que conquistou o Pr\u00eamio na categoria Destaque Projeto Setorial Agro. A diretora de Rela\u00e7\u00f5es Internacionais e Comunica\u00e7\u00e3o da UNEM, Andr\u00e9a Ver\u00edssimo, agradeceu pelo reconhecimento e afirmou que a premia\u00e7\u00e3o \u00e9 um incentivo \u00e0 manuten\u00e7\u00e3o do trabalho feito pela companhia.<\/p>\n<p>\u201cA recente continuidade da nossa parceria com a ApexBrasil, agora com um investimento 40% maior, evidencia o quanto a ag\u00eancia valoriza a relev\u00e2ncia desse setor para a seguran\u00e7a energ\u00e9tica e alimentar do Brasil e do mundo. Esse novo ciclo abre perspectivas de desenvolvimento cont\u00ednuo para um segmento em plena expans\u00e3o, que j\u00e1 contribui de forma significativa para a bioeconomia brasileira\u201d, destacou.<\/p>\n<p>A categoria Destaque Projeto Setorial Agro \u00e9 exclusiva para entidades setoriais e reuniu projetos voltados \u00e0 promo\u00e7\u00e3o comercial, constru\u00e7\u00e3o de reputa\u00e7\u00e3o internacional e abertura de mercados para o agroneg\u00f3cio brasileiro.<\/p>\n<h2>Parceria desde 2023<\/h2>\n<p>A trajet\u00f3ria que levou \u00e0 conquista do pr\u00eamio pela UNEM parte da assinatura, em 2023, de um conv\u00eanio de lan\u00e7amento do Projeto Setorial de Promo\u00e7\u00e3o das Exporta\u00e7\u00f5es de Farelo de Milho DDG\/DDGS \u2013 2023-2025.<\/p>\n<p>O intuito dessa parceria era promover o farelo de milho, chamado de \u201cBrazilian Distillers Grains\u201d no exterior. Trata-se de um coproduto da cadeia de etanol de milho e componente com valor nutricional da alimenta\u00e7\u00e3o animal.<\/p>\n<p><a href=\"https:\/\/brasil61.com\/n\/brasil-amplia-presenca-global-do-agro-com-abertura-de-400-novos-mercados-apex250087\" target=\"_blank\" rel=\"noopener\">Brasil amplia presen\u00e7a global do agro com abertura de 400 novos mercados<\/a><\/p>\n<p><a href=\"https:\/\/brasil61.com\/n\/exporta-mais-brasil-chega-a-40-edicao-com-movimentacao-de-r-665-milhoes-em-expectativa-de-negocios-apex250072\" target=\"_blank\" rel=\"noopener\">Exporta Mais Brasil chega \u00e0 40\u00aa edi\u00e7\u00e3o com movimenta\u00e7\u00e3o de R$ 665 milh\u00f5es em expectativa de neg\u00f3cios<\/a><\/p>\n<p>Por meio do conv\u00eanio, foi poss\u00edvel estruturar a\u00e7\u00f5es para ampliar as exporta\u00e7\u00f5es, com o alcance de 27 mercados importadores de DDG\/DDGS. Entre 2017 e 2024, o valor das exporta\u00e7\u00f5es aumentou de aproximadamente US$3,5 milh\u00f5es para mais de US$190 milh\u00f5es.<\/p>\n<h2>Renova\u00e7\u00e3o do conv\u00eanio<\/h2>\n<p>Em novembro de 2025, a ApexBrasil inaugurou um novo escrit\u00f3rio em Cuiab\u00e1 (MT). No evento de inaugura\u00e7\u00e3o, foi formalizada a renova\u00e7\u00e3o do conv\u00eanio com a UNEM como parte de um pacote de acordos que somaram R$42,62 milh\u00f5es.<\/p>\n<p>O acordo tamb\u00e9m integra a Associa\u00e7\u00e3o Brasileira dos Produtos de Algod\u00e3o (ABRAPA) e o Instituto Brasileiro de Feij\u00e3o e Pulses (IBRAFE). O valor ser\u00e1 aplicado na promo\u00e7\u00e3o de exporta\u00e7\u00f5es e intelig\u00eancia de mercado para cadeias estrat\u00e9gicas do agroneg\u00f3cio.<\/p>\n<h2>Men\u00e7\u00e3o honrosa<\/h2>\n<p>Durante o evento, ainda foi destacada uma Men\u00e7\u00e3o Honrosa a outras duas empresas. A InputPost recebeu o reconhecimento pela promo\u00e7\u00e3o da diversidade racial nos neg\u00f3cios internacionais. J\u00e1 a Lotus foi premiada pela excel\u00eancia de concep\u00e7\u00e3o e implementa\u00e7\u00e3o do projeto Lotus 903, premiado pelo Iconis Awards 2025 e German Design Awards 2025.<br \/>\n\u00a0<\/p>\n<p>\t\t\t\t\t\t\t\t\t<img decoding=\"async\" src=\"https:\/\/brasil61.com\/api\/v1\/serve_pixel\/22254\/86259\" alt=\"Pixel Brasil 61\" class=\"b61_pixel\" width=\"0\" height=\"0\"><\/p>\n<div class=\"br61_backlink\">\n<p>\n\t\t\t\tFonte: <a href=\"https:\/\/brasil61.com\/premiacao-da-apexbrasil-e-revista-exame-reconhece-melhores-empresas-exportadoras-de-2025-confira-as-vencedoras-apex250089\" title=\"Artigo Original: Premia\u00e7\u00e3o da ApexBrasil e Revista Exame reconhece melhores empresas exportadoras de 2025; confira as vencedoras\" target=\"_blank\" rel=\"noopener\">Brasil 61<\/a>\n\t\t\t<\/p>\n<\/p><\/div>\n<input type=\"hidden\" id=\"baseurl\" value=\"https:\/\/noticiasregionais.com.br\"><input type=\"hidden\" id=\"audio_nonce\" value=\"5c13e0637f\">","protected":false},"excerpt":{"rendered":"<p>Ao todo, 19 empresas foram homenageadas. Entre elas est\u00e3o UNEM, Marfrig, Plot Kids, Cooperacre, Guaxup\u00e9, Intelbras, Grupo 3 Cora\u00e7\u00f5es e Abical\u00e7ados<\/p>\n","protected":false},"author":1,"featured_media":11509,"comment_status":"closed","ping_status":"open","sticky":false,"template":"","format":"standard","meta":{"sfsi_plus_gutenberg_text_before_share":"","sfsi_plus_gutenberg_show_text_before_share":"","sfsi_plus_gutenberg_icon_type":"","sfsi_plus_gutenberg_icon_alignemt":"","sfsi_plus_gutenburg_max_per_row":"","footnotes":""},"categories":[8],"tags":[],"class_list":["post-11488","post","type-post","status-publish","format-standard","has-post-thumbnail","hentry","category-brasil"],"_links":{"self":[{"href":"https:\/\/noticiasregionais.com.br\/index.php?rest_route=\/wp\/v2\/posts\/11488","targetHints":{"allow":["GET"]}}],"collection":[{"href":"https:\/\/noticiasregionais.com.br\/index.php?rest_route=\/wp\/v2\/posts"}],"about":[{"href":"https:\/\/noticiasregionais.com.br\/index.php?rest_route=\/wp\/v2\/types\/post"}],"author":[{"embeddable":true,"href":"https:\/\/noticiasregionais.com.br\/index.php?rest_route=\/wp\/v2\/users\/1"}],"replies":[{"embeddable":true,"href":"https:\/\/noticiasregionais.com.br\/index.php?rest_route=%2Fwp%2Fv2%2Fcomments&post=11488"}],"version-history":[{"count":1,"href":"https:\/\/noticiasregionais.com.br\/index.php?rest_route=\/wp\/v2\/posts\/11488\/revisions"}],"predecessor-version":[{"id":11492,"href":"https:\/\/noticiasregionais.com.br\/index.php?rest_route=\/wp\/v2\/posts\/11488\/revisions\/11492"}],"wp:featuredmedia":[{"embeddable":true,"href":"https:\/\/noticiasregionais.com.br\/index.php?rest_route=\/wp\/v2\/media\/11509"}],"wp:attachment":[{"href":"https:\/\/noticiasregionais.com.br\/index.php?rest_route=%2Fwp%2Fv2%2Fmedia&parent=11488"}],"wp:term":[{"taxonomy":"category","embeddable":true,"href":"https:\/\/noticiasregionais.com.br\/index.php?rest_route=%2Fwp%2Fv2%2Fcategories&post=11488"},{"taxonomy":"post_tag","embeddable":true,"href":"https:\/\/noticiasregionais.com.br\/index.php?rest_route=%2Fwp%2Fv2%2Ftags&post=11488"}],"curies":[{"name":"wp","href":"https:\/\/api.w.org\/{rel}","templated":true}]}}