{"id":11496,"date":"2025-12-06T04:15:00","date_gmt":"2025-12-06T07:15:00","guid":{"rendered":"https:\/\/noticiasregionais.com.br\/?p=11496"},"modified":"2025-12-07T22:31:52","modified_gmt":"2025-12-08T01:31:52","slug":"agro-apresenta-agenda-positiva-2025-a-lula-com-foco-em-sustentabilidade-e-inovacao","status":"publish","type":"post","link":"https:\/\/noticiasregionais.com.br\/?p=11496","title":{"rendered":"Agro apresenta Agenda Positiva 2025 a Lula com foco em sustentabilidade e inova\u00e7\u00e3o"},"content":{"rendered":"<p>\t\t\t\t\t\t\t\t\t\t<audio controls class=\"b61_audio_player\" data-noticia=\"86257\" src=\"https:\/\/brasil61.com\/rails\/active_storage\/blobs\/eyJfcmFpbHMiOnsibWVzc2FnZSI6IkJBaHBBNURQQXc9PSIsImV4cCI6bnVsbCwicHVyIjoiYmxvYl9pZCJ9fQ==--a83c54f7f4deb527130584fa7b5ca88e24346e57\/MAPA250023A\"><\/audio><\/p>\n<p><strong>O ministro da <a href=\"https:\/\/www.gov.br\/agricultura\/pt-br\" target=\"_blank\" rel=\"noopener\">Agricultura e Pecu\u00e1ria<\/a>, Carlos F\u00e1varo, entregou<\/strong> nesta quinta-feira (4) <strong>ao presidente Luiz In\u00e1cio Lula da Silva a <a href=\"https:\/\/heyzine.com\/flip-book\/89bf1437ce.html#page\/4\" target=\"_blank\" rel=\"noopener\">Agenda Positiva do Agro 2025<\/a><\/strong>, durante a 6\u00aa Reuni\u00e3o Plen\u00e1ria do Conselho de Desenvolvimento Econ\u00f4mico Social e Sustent\u00e1vel (<a href=\"https:\/\/www.gov.br\/sri\/pt-br\/cdess\" target=\"_blank\" rel=\"noopener\">CDESS<\/a>), o chamado Conselh\u00e3o da Presid\u00eancia da Rep\u00fablica, realizada no Pal\u00e1cio do Itamaraty, em Bras\u00edlia.<\/p>\n<p>O documento, elaborado no \u00e2mbito do Conselh\u00e3o, <strong>re\u00fane pr\u00e1ticas e solu\u00e7\u00f5es que refletem a contribui\u00e7\u00e3o do setor produtivo para um modelo de desenvolvimento sustent\u00e1vel, inovador e inclusivo<\/strong>. Entre os destaques, est\u00e3o a\u00e7\u00f5es voltadas para:<\/p>\n<ul>\n<li>redu\u00e7\u00e3o de emiss\u00f5es de carbono;<\/li>\n<li>aumento da produtividade com preserva\u00e7\u00e3o ambiental;<\/li>\n<li>rastreabilidade socioambiental;<\/li>\n<li>abertura de novos mercados;<\/li>\n<li>expans\u00e3o de tecnologias que aproximam produ\u00e7\u00e3o; e<\/li>\n<li>conserva\u00e7\u00e3o e gera\u00e7\u00e3o de empregos.<\/li>\n<\/ul>\n<p>Segundo F\u00e1varo, o conjunto de iniciativas<strong> refor\u00e7a o compromisso do Brasil com uma produ\u00e7\u00e3o respons\u00e1vel<\/strong>. \u201cO Brasil tem todas as condi\u00e7\u00f5es de seguir liderando a produ\u00e7\u00e3o de alimentos de forma respons\u00e1vel. Esta agenda mostra, com transpar\u00eancia e compromisso, que o agro brasileiro \u00e9 parte essencial das solu\u00e7\u00f5es que o pa\u00eds apresenta ao mundo\u201d, afirmou o ministro.<\/p>\n<p>Para o presidente Lula, \u00e9 fundamental <strong>conciliar crescimento econ\u00f4mico com sustentabilidade<\/strong>. \u201cN\u00f3s queremos que a nossa produ\u00e7\u00e3o seja cada vez maior, mas cada vez mais sustent\u00e1vel e mais limpa. Eu n\u00e3o quero um mundo limpo s\u00f3 para mim. A gente quer um mundo limpo para todo mundo\u201d.<\/p>\n<p>O chefe de Estado acrescentou que \u201cn\u00e3o tem que tratar este pa\u00eds como pequeno, como se a gente fosse insignificante ou um pa\u00eds de terceiro mundo. Este pa\u00eds tem que andar com o respeito de um pa\u00eds que tem um povo capaz, trabalhador, que tem uma base intelectual muito forte, que tem uma universidade s\u00f3lida e que tem gente que quer vencer\u201d.<\/p>\n<h2>Agenda Positiva do Agro 2025<\/h2>\n<p>A publica\u00e7\u00e3o re\u00fane dez experi\u00eancias de grande impacto, com <strong>pr\u00e1ticas e tecnologias consolidadas<\/strong> por empresas, institui\u00e7\u00f5es de pesquisa, governos e organiza\u00e7\u00f5es setoriais. Entre as <strong>\u00e1reas contempladas<\/strong> est\u00e3o:<\/p>\n<ul>\n<li>fruticultura;<\/li>\n<li>pecu\u00e1ria;<\/li>\n<li>cafeicultura;<\/li>\n<li>etanol de milho;\u00a0<\/li>\n<li>cana-de-a\u00e7\u00facar;<\/li>\n<li>bioeconomia na Amaz\u00f4nia;<\/li>\n<li>mapeamento florestal inteligente;<\/li>\n<li>manejo digital de florestas.\u00a0<\/li>\n<\/ul>\n<p>As iniciativas evidenciam a evolu\u00e7\u00e3o tecnol\u00f3gica do campo e a capacidade de ampliar a efici\u00eancia produtiva, reduzir emiss\u00f5es e fortalecer a adapta\u00e7\u00e3o \u00e0s mudan\u00e7as clim\u00e1ticas.<\/p>\n<h2>Apresenta\u00e7\u00e3o<\/h2>\n<p>A apresenta\u00e7\u00e3o da agenda foi conduzida pelo CDESS e contou com a participa\u00e7\u00e3o de representantes da <a href=\"https:\/\/www.embrapa.br\/\" target=\"_blank\" rel=\"noopener\">Embrapa<\/a>, <a href=\"http:\/\/www.finep.gov.br\/\" target=\"_blank\" rel=\"noopener\">Finep<\/a>, setor produtivo, sociedade civil e organismos internacionais. O Conselh\u00e3o destacou que a sistematiza\u00e7\u00e3o dessas experi\u00eancias amplia a troca de conhecimento e apoia a formula\u00e7\u00e3o de pol\u00edticas p\u00fablicas voltadas ao desenvolvimento sustent\u00e1vel.<\/p>\n<p>\t\t\t\t\t\t\t\t\t<img decoding=\"async\" src=\"https:\/\/brasil61.com\/api\/v1\/serve_pixel\/22254\/86257\" alt=\"Pixel Brasil 61\" class=\"b61_pixel\" width=\"0\" height=\"0\"><\/p>\n<div class=\"br61_backlink\">\n<p>\n\t\t\t\tFonte: <a href=\"https:\/\/brasil61.com\/agro-apresenta-agenda-positiva-2025-a-lula-com-foco-em-sustentabilidade-e-inovacao-mapa250023\" title=\"Artigo Original: Agro apresenta Agenda Positiva 2025 a Lula com foco em sustentabilidade e inova\u00e7\u00e3o\" target=\"_blank\" rel=\"noopener\">Brasil 61<\/a>\n\t\t\t<\/p>\n<\/p><\/div>\n<input type=\"hidden\" id=\"baseurl\" value=\"https:\/\/noticiasregionais.com.br\"><input type=\"hidden\" id=\"audio_nonce\" value=\"533fbb67b1\">","protected":false},"excerpt":{"rendered":"<p>Documento do Conselh\u00e3o re\u00fane pr\u00e1ticas consolidadas para reduzir emiss\u00f5es, ampliar produtividade e abrir novos mercados<\/p>\n","protected":false},"author":1,"featured_media":11513,"comment_status":"closed","ping_status":"open","sticky":false,"template":"","format":"standard","meta":{"sfsi_plus_gutenberg_text_before_share":"","sfsi_plus_gutenberg_show_text_before_share":"","sfsi_plus_gutenberg_icon_type":"","sfsi_plus_gutenberg_icon_alignemt":"","sfsi_plus_gutenburg_max_per_row":"","footnotes":""},"categories":[8],"tags":[],"class_list":["post-11496","post","type-post","status-publish","format-standard","has-post-thumbnail","hentry","category-brasil"],"_links":{"self":[{"href":"https:\/\/noticiasregionais.com.br\/index.php?rest_route=\/wp\/v2\/posts\/11496","targetHints":{"allow":["GET"]}}],"collection":[{"href":"https:\/\/noticiasregionais.com.br\/index.php?rest_route=\/wp\/v2\/posts"}],"about":[{"href":"https:\/\/noticiasregionais.com.br\/index.php?rest_route=\/wp\/v2\/types\/post"}],"author":[{"embeddable":true,"href":"https:\/\/noticiasregionais.com.br\/index.php?rest_route=\/wp\/v2\/users\/1"}],"replies":[{"embeddable":true,"href":"https:\/\/noticiasregionais.com.br\/index.php?rest_route=%2Fwp%2Fv2%2Fcomments&post=11496"}],"version-history":[{"count":1,"href":"https:\/\/noticiasregionais.com.br\/index.php?rest_route=\/wp\/v2\/posts\/11496\/revisions"}],"predecessor-version":[{"id":11512,"href":"https:\/\/noticiasregionais.com.br\/index.php?rest_route=\/wp\/v2\/posts\/11496\/revisions\/11512"}],"wp:featuredmedia":[{"embeddable":true,"href":"https:\/\/noticiasregionais.com.br\/index.php?rest_route=\/wp\/v2\/media\/11513"}],"wp:attachment":[{"href":"https:\/\/noticiasregionais.com.br\/index.php?rest_route=%2Fwp%2Fv2%2Fmedia&parent=11496"}],"wp:term":[{"taxonomy":"category","embeddable":true,"href":"https:\/\/noticiasregionais.com.br\/index.php?rest_route=%2Fwp%2Fv2%2Fcategories&post=11496"},{"taxonomy":"post_tag","embeddable":true,"href":"https:\/\/noticiasregionais.com.br\/index.php?rest_route=%2Fwp%2Fv2%2Ftags&post=11496"}],"curies":[{"name":"wp","href":"https:\/\/api.w.org\/{rel}","templated":true}]}}