{"id":11498,"date":"2025-12-06T04:40:00","date_gmt":"2025-12-06T07:40:00","guid":{"rendered":"https:\/\/noticiasregionais.com.br\/?p=11498"},"modified":"2025-12-07T22:31:54","modified_gmt":"2025-12-08T01:31:54","slug":"aviacao-cresce-no-nordeste-e-movimenta-17-milhao-de-passageiros-em-outubro","status":"publish","type":"post","link":"https:\/\/noticiasregionais.com.br\/?p=11498","title":{"rendered":"Avia\u00e7\u00e3o cresce no Nordeste e movimenta 1,7 milh\u00e3o de passageiros em outubro"},"content":{"rendered":"<p>\t\t\t\t\t\t\t\t\t\t<audio controls class=\"b61_audio_player\" data-noticia=\"86255\" src=\"https:\/\/brasil61.com\/rails\/active_storage\/blobs\/eyJfcmFpbHMiOnsibWVzc2FnZSI6IkJBaHBBNC9QQXc9PSIsImV4cCI6bnVsbCwicHVyIjoiYmxvYl9pZCJ9fQ==--da8ce6ae33f27db3eacf910ef6805534a1fff5d3\/MPOR250151A\"><\/audio><\/p>\n<p><strong>A avia\u00e7\u00e3o civil no Nordeste encerrou outubro em expans\u00e3o<\/strong>. Segundo dados do Minist\u00e9rio de Porto e Aeroportos (<a href=\"https:\/\/www.gov.br\/portos-e-aeroportos\/pt-br\" target=\"_blank\" rel=\"noopener\">MPor<\/a>), os <strong>terminais da regi\u00e3o registraram 1.760.444 passageiros no m\u00eas<\/strong>, entre voos nacionais e internacionais. Do total, 1.688.447 viajantes circularam em rotas dom\u00e9sticas, <strong>alta de 5,5% em rela\u00e7\u00e3o ao mesmo per\u00edodo de 2024<\/strong>. No segmento internacional, foram contabilizados 71.997 passageiros.<\/p>\n<p>O <a href=\"https:\/\/www.aenabrasil.com.br\/pt\/aeroportos\/aeroporto-internacional-do-recife-guararapes-gilberto-freyre\/index.html\" target=\"_blank\" rel=\"noopener\">Aeroporto de <strong>Recife<\/strong><\/a><strong> lidera a movimenta\u00e7\u00e3o de viajantes<\/strong> no d\u00e9cimo m\u00eas do ano. <strong>Respons\u00e1vel por cerca de um quarto de todo o fluxo a\u00e9reo nordestino<\/strong>, o terminal pernambucano aparece \u00e0 frente de Salvador e Fortaleza, que tamb\u00e9m registraram crescimento no per\u00edodo.<\/p>\n<table>\n<tbody>\n<tr>\n<th>Aeroporto (UF)<\/th>\n<th>Passageiros (Outubro\/2025)<\/th>\n<th>Crescimento em rela\u00e7\u00e3o a 2024<\/th>\n<\/tr>\n<tr>\n<td>Recife (PE)<\/td>\n<td>857.013<\/td>\n<td>+2,4%<\/td>\n<\/tr>\n<tr>\n<td>Salvador (BA)<\/td>\n<td>676.712<\/td>\n<td>+7,6%<\/td>\n<\/tr>\n<tr>\n<td>Fortaleza (CE)<\/td>\n<td>516.708<\/td>\n<td>+6,2%<\/td>\n<\/tr>\n<tr>\n<td>Macei\u00f3\/Rio Largo (AL)<\/td>\n<td>244.773<\/td>\n<td>+5,8%<\/td>\n<\/tr>\n<tr>\n<td>Porto Seguro (BA)<\/td>\n<td>216.129<\/td>\n<td>+22,7%<\/td>\n<\/tr>\n<\/tbody>\n<\/table>\n<p><a href=\"https:\/\/www.gov.br\/portos-e-aeroportos\/pt-br\/assuntos\/noticias\/2025\/12\/aeroportos-do-nordeste-movimentam-1-7-milhao-de-passageiros-em-outubro\" target=\"_blank\" rel=\"noopener\"><em><span style=\"font-size:10px\">Fonte: MPor<\/span><\/em><\/a><\/p>\n<p>Para o ministro de Portos e Aeroportos, Silvio Costa Filho, os resultados confirmam o papel estrat\u00e9gico da regi\u00e3o na malha a\u00e9rea brasileira.<\/p>\n<p>\u201cOs aeroportos do Nordeste v\u00eam apresentando um crescimento consistente e sustent\u00e1vel ao longo de 2025, impulsionado pelo turismo, pela retomada econ\u00f4mica e pelas a\u00e7\u00f5es de moderniza\u00e7\u00e3o da infraestrutura aeroportu\u00e1ria conduzidas pelo Governo Federal. O desempenho de outubro mostra que a avia\u00e7\u00e3o brasileira vive um dos melhores momentos da hist\u00f3ria, com recordes regionais e nacionais de circula\u00e7\u00e3o de passageiros\u201d, destacou.<\/p>\n<h2>Acumulado do ano<\/h2>\n<p>De janeiro a outubro de 2025, <strong>mais de 19,2 milh\u00f5es de passageiros embarcaram na Regi\u00e3o Nordeste <\/strong>em voos dom\u00e9sticos e internacionais. O resultado foi <strong>impulsionado especialmente pelo desempenho de seis aeroportos<\/strong>, que em conjunto registraram a <strong>maior movimenta\u00e7\u00e3o da \u00faltima d\u00e9cada no per\u00edodo<\/strong>:<\/p>\n<ul>\n<li>Recife (PE);<\/li>\n<li>Macei\u00f3 (AL);<\/li>\n<li>Porto Seguro (BA);<\/li>\n<li>S\u00e3o Lu\u00eds (MA);<\/li>\n<li>Jo\u00e3o Pessoa (PB); e\u00a0<\/li>\n<li>Aracaju (SE).<\/li>\n<\/ul>\n<p>Segundo o secret\u00e1rio de Avia\u00e7\u00e3o Civil, Daniel Longo, \u201cesses n\u00fameros confirmam o dinamismo da nossa economia e a for\u00e7a da infraestrutura aeroportu\u00e1ria que estamos fortalecendo ao longo de 2025\u201d.<\/p>\n<p><strong>VEJA MAIS:<\/strong><\/p>\n<ul>\n<li><a href=\"https:\/\/brasil61.com\/n\/sudeste-registra-recorde-mensal-de-passageiros-e-reforca-papel-estrategico-na-aviacao-brasileira-mpor250143\" target=\"_blank\" rel=\"noopener\">Sudeste registra recorde mensal de passageiros e refor\u00e7a papel estrat\u00e9gico na avia\u00e7\u00e3o brasileira<\/a><\/li>\n<li><a href=\"https:\/\/brasil61.com\/n\/aeroportos-do-brasil-superam-106-milhoes-de-passageiros-em-2025-mpor250133\" target=\"_blank\" rel=\"noopener\">Aeroportos do Brasil superam 106 milh\u00f5es de passageiros em 2025<\/a><\/li>\n<\/ul>\n<p>\t\t\t\t\t\t\t\t\t<img decoding=\"async\" src=\"https:\/\/brasil61.com\/api\/v1\/serve_pixel\/22254\/86255\" alt=\"Pixel Brasil 61\" class=\"b61_pixel\" width=\"0\" height=\"0\"><\/p>\n<div class=\"br61_backlink\">\n<p>\n\t\t\t\tFonte: <a href=\"https:\/\/brasil61.com\/aviacao-cresce-no-nordeste-e-movimenta-1-7-milhao-de-passageiros-em-outubro-mpor250151\" title=\"Artigo Original: Avia\u00e7\u00e3o cresce no Nordeste e movimenta 1,7 milh\u00e3o de passageiros em outubro\" target=\"_blank\" rel=\"noopener\">Brasil 61<\/a>\n\t\t\t<\/p>\n<\/p><\/div>\n<input type=\"hidden\" id=\"baseurl\" value=\"https:\/\/noticiasregionais.com.br\"><input type=\"hidden\" id=\"audio_nonce\" value=\"533fbb67b1\">","protected":false},"excerpt":{"rendered":"<p>Recife lidera o fluxo a\u00e9reo regional, seguida por Salvador e Fortaleza; acumulado do ano j\u00e1 supera 19,2 milh\u00f5es de viajantes<\/p>\n","protected":false},"author":1,"featured_media":11515,"comment_status":"closed","ping_status":"open","sticky":false,"template":"","format":"standard","meta":{"sfsi_plus_gutenberg_text_before_share":"","sfsi_plus_gutenberg_show_text_before_share":"","sfsi_plus_gutenberg_icon_type":"","sfsi_plus_gutenberg_icon_alignemt":"","sfsi_plus_gutenburg_max_per_row":"","footnotes":""},"categories":[8],"tags":[],"class_list":["post-11498","post","type-post","status-publish","format-standard","has-post-thumbnail","hentry","category-brasil"],"_links":{"self":[{"href":"https:\/\/noticiasregionais.com.br\/index.php?rest_route=\/wp\/v2\/posts\/11498","targetHints":{"allow":["GET"]}}],"collection":[{"href":"https:\/\/noticiasregionais.com.br\/index.php?rest_route=\/wp\/v2\/posts"}],"about":[{"href":"https:\/\/noticiasregionais.com.br\/index.php?rest_route=\/wp\/v2\/types\/post"}],"author":[{"embeddable":true,"href":"https:\/\/noticiasregionais.com.br\/index.php?rest_route=\/wp\/v2\/users\/1"}],"replies":[{"embeddable":true,"href":"https:\/\/noticiasregionais.com.br\/index.php?rest_route=%2Fwp%2Fv2%2Fcomments&post=11498"}],"version-history":[{"count":1,"href":"https:\/\/noticiasregionais.com.br\/index.php?rest_route=\/wp\/v2\/posts\/11498\/revisions"}],"predecessor-version":[{"id":11514,"href":"https:\/\/noticiasregionais.com.br\/index.php?rest_route=\/wp\/v2\/posts\/11498\/revisions\/11514"}],"wp:featuredmedia":[{"embeddable":true,"href":"https:\/\/noticiasregionais.com.br\/index.php?rest_route=\/wp\/v2\/media\/11515"}],"wp:attachment":[{"href":"https:\/\/noticiasregionais.com.br\/index.php?rest_route=%2Fwp%2Fv2%2Fmedia&parent=11498"}],"wp:term":[{"taxonomy":"category","embeddable":true,"href":"https:\/\/noticiasregionais.com.br\/index.php?rest_route=%2Fwp%2Fv2%2Fcategories&post=11498"},{"taxonomy":"post_tag","embeddable":true,"href":"https:\/\/noticiasregionais.com.br\/index.php?rest_route=%2Fwp%2Fv2%2Ftags&post=11498"}],"curies":[{"name":"wp","href":"https:\/\/api.w.org\/{rel}","templated":true}]}}