{"id":11503,"date":"2025-12-07T04:00:00","date_gmt":"2025-12-07T07:00:00","guid":{"rendered":"https:\/\/noticiasregionais.com.br\/?p=11503"},"modified":"2025-12-07T04:00:00","modified_gmt":"2025-12-07T07:00:00","slug":"infogripe-alta-nos-casos-de-vsr-reforca-importancia-da-vacinacao","status":"publish","type":"post","link":"https:\/\/noticiasregionais.com.br\/?p=11503","title":{"rendered":"InfoGripe: alta nos casos de VSR refor\u00e7a import\u00e2ncia da vacina\u00e7\u00e3o"},"content":{"rendered":"<p>\t\t\t\t\t\t\t\t\t\t\t<audio controls class=\"b61_audio_player\" data-noticia=\"86260\" src=\"https:\/\/brasil61.com\/rails\/active_storage\/blobs\/eyJfcmFpbHMiOnsibWVzc2FnZSI6IkJBaHBBdzdRQXc9PSIsImV4cCI6bnVsbCwicHVyIjoiYmxvYl9pZCJ9fQ==--ce1e63eb38a460b281d86295b6a431ebec34cfad\/BRAS2515280A\"><\/audio><\/p>\n<p>O mais recente <a href=\"https:\/\/agencia.fiocruz.br\/sites\/agencia.fiocruz.br\/files\/Resumo_InfoGripe_2025_48.pdf\" target=\"_blank\" rel=\"noopener\">Boletim InfoGripe<\/a>, divulgado nesta sexta-feira (5) pela <strong><a href=\"https:\/\/fiocruz.br\/\" target=\"_blank\" rel=\"noopener\">Funda\u00e7\u00e3o Oswaldo Cruz (Fiocruz)<\/a><\/strong>, aponta que, <strong>em 2025, foram registrados 43,7 mil casos de S\u00edndrome Respirat\u00f3ria Aguda Grave (SRAG) associados ao V\u00edrus Sincicial Respirat\u00f3rio (VSR)<\/strong>. Desse total, <strong>82% ocorreram em crian\u00e7as menores de dois anos<\/strong>.\u00a0<\/p>\n<p>Diante deste cen\u00e1rio, a pesquisadora do Programa de Computa\u00e7\u00e3o Cient\u00edfica (Procc\/Fiocruz) e do InfoGripe, Tatiana Portella, refor\u00e7a a import\u00e2ncia da vacina\u00e7\u00e3o contra o VSR \u2014 <a href=\"https:\/\/brasil61.com\/n\/vacina-contra-o-virus-sincicial-respiratorio-comeca-a-ser-distribuida-em-todo-o-pais-bras2515263\" target=\"_blank\" rel=\"noopener\">agora dispon\u00edvel no Sistema \u00danico de Sa\u00fade (SUS)<\/a> \u2014 para reduzir as interna\u00e7\u00f5es pelo v\u00edrus no pr\u00f3ximo ano.\u00a0<\/p>\n<p>\u201c\u00c9 fundamental que as gestantes, a partir da 28\u00aa semana de gravidez, vacinem-se contra o VSR, garantindo que seus filhos fiquem protegidos. Gr\u00e1vidas fazem parte do grupo priorit\u00e1rio. A recomenda\u00e7\u00e3o \u00e9 tomar a dose \u00fanica a cada gesta\u00e7\u00e3o\u201d, explica.<\/p>\n<h2>Vacina j\u00e1 est\u00e1 sendo distribu\u00edda em todo o pa\u00eds<\/h2>\n<p>O <a href=\"https:\/\/www.gov.br\/saude\/pt-br\" target=\"_blank\" rel=\"noopener\">Minist\u00e9rio da Sa\u00fade<\/a> iniciou a distribui\u00e7\u00e3o nacional da <strong>vacina contra o VSR, v\u00edrus respons\u00e1vel pela maior parte dos casos de bronquiolite em beb\u00eas<\/strong>. O primeiro lote, com <strong>673 mil doses<\/strong>, j\u00e1 chegou aos estados e ao Distrito Federal, permitindo o <strong>in\u00edcio imediato da imuniza\u00e7\u00e3o de gestantes a partir da 28\u00aa semana<\/strong>. A estrat\u00e9gia busca <strong>proteger rec\u00e9m-nascidos nos primeiros meses de vida<\/strong>, per\u00edodo em que o risco de complica\u00e7\u00f5es respirat\u00f3rias \u00e9 mais elevado.<\/p>\n<p>A oferta gratuita pelo <a href=\"https:\/\/www.gov.br\/saude\/pt-br\/sus\" target=\"_blank\" rel=\"noopener\">SUS<\/a> representa um avan\u00e7o importante, j\u00e1 que o imunizante pode <strong>custar at\u00e9 R$ 1,5 mil na rede privada<\/strong>. A chegada da vacina \u00e9 resultado de uma parceria entre o <a href=\"https:\/\/butantan.gov.br\/\" target=\"_blank\" rel=\"noopener\">Instituto Butantan<\/a> e o laborat\u00f3rio fabricante, que far\u00e1 a transfer\u00eancia da tecnologia para produ\u00e7\u00e3o nacional.\u00a0<\/p>\n<p>Estudos cl\u00ednicos mostram que a <strong>vacina\u00e7\u00e3o materna reduz em mais de 80% os casos graves de VSR em beb\u00eas <\/strong>nos primeiros 90 dias ap\u00f3s o nascimento.\u00a0<\/p>\n<p><strong><a href=\"https:\/\/brasil61.com\/n\/vacina-contra-o-virus-sincicial-respiratorio-comeca-a-ser-distribuida-em-todo-o-pais-bras2515263\" target=\"_blank\" rel=\"noopener\">Vacina contra o v\u00edrus sincicial respirat\u00f3rio come\u00e7a a ser distribu\u00edda em todo o pa\u00eds<\/a><\/strong><\/p>\n<h2>Queda nos casos de SRAG<\/h2>\n<p>Em n\u00edvel nacional, os <strong>casos de SRAG apresentam tend\u00eancia <\/strong>de queda tanto no longo prazo (\u00faltimas seis semanas) quanto no curto prazo (\u00faltimas tr\u00eas semanas). Apenas <strong>Roraima e Rond\u00f4nia registram incid\u00eancia em n\u00edveis de alerta<\/strong>, risco ou alto risco nas \u00faltimas duas semanas,<strong> com sinal de crescimento<\/strong> no longo prazo.<\/p>\n<p>Embora os casos graves por <strong>influenza A<\/strong> tenham <strong>diminu\u00eddo significativamente no Centro-Oeste<\/strong> e mostrem sinais de <strong>in\u00edcio de queda em boa parte do Sudeste e na Bahia<\/strong>, o v\u00edrus segue como a <strong>principal causa de SRAG entre jovens e adultos de 15 a 49 anos<\/strong>. Entre <strong>idosos<\/strong>, continua sendo uma das <strong>principais causas de hospitaliza\u00e7\u00e3o por SRAG<\/strong>, ao lado da<strong> Covid-19<\/strong>.<\/p>\n<h2>Estados e capitais<\/h2>\n<p>Sete estados apresentam n\u00edveis de incid\u00eancia de SRAG classificados como alerta, risco ou alto risco, embora sem tend\u00eancia de crescimento no longo prazo: <strong>Amazonas, Esp\u00edrito Santo, Mato Grosso do Sul, Par\u00e1, Rio de Janeiro, Santa Catarina e Sergipe.<\/strong><\/p>\n<p>Entre as capitais, apenas <strong>Aracaj\u00fa (Sergipe), Porto Velho (Rond\u00f4nia) <\/strong>e<strong> Boa Vista (Roraima)<\/strong> registram n\u00edveis de atividade de SRAG em alerta, risco ou alto risco.<\/p>\n<h2>Casos e \u00f3bitos\u00a0<\/h2>\n<p>Nas \u00faltimas quatro semanas epidemiol\u00f3gicas, entre os casos positivos de SRAG, a preval\u00eancia foi de:<\/p>\n<ul>\n<li><strong>38,4% <\/strong>\u2013 rinov\u00edrus<\/li>\n<li><strong>24,3%<\/strong> \u2013 influenza A<\/li>\n<li><strong>13,8% <\/strong>\u2013 Covid-19<\/li>\n<li><strong>5,6%<\/strong> \u2013 v\u00edrus sincicial respirat\u00f3rio (VSR)<\/li>\n<li><strong>2,5%<\/strong> \u2013 influenza B<\/li>\n<\/ul>\n<p>Entre os \u00f3bitos confirmados no per\u00edodo, os n\u00fameros indicam:<\/p>\n<ul>\n<li><strong>40,1%<\/strong> \u2013 Covid-19<\/li>\n<li><strong>28,9% <\/strong>\u2013 influenza A<\/li>\n<li><strong>16,2%<\/strong> \u2013 rinov\u00edrus<\/li>\n<li><strong>3,6%<\/strong> \u2013 VSR<\/li>\n<li><strong>2,5%<\/strong> \u2013 influenza B<\/li>\n<\/ul>\n<p>O levantamento do <strong>InfoGripe<\/strong> tem como base os dados inseridos no Sistema de Informa\u00e7\u00e3o da Vigil\u00e2ncia Epidemiol\u00f3gica da Gripe, atualizados at\u00e9 29 de novembro, e \u00e9 referente \u00e0 Semana Epidemiol\u00f3gica (SE) 48. Confira outros detalhes no <a href=\"https:\/\/fiocruz.br\/noticia\/2025\/12\/infogripe-ressalta-importancia-da-vacina-contra-o-vsr\" target=\"_blank\" rel=\"noopener\">link<\/a>.<\/p>\n<p>\t\t\t\t\t\t\t\t\t\t<img decoding=\"async\" src=\"https:\/\/brasil61.com\/api\/v1\/serve_pixel\/22254\/86260\" alt=\"Pixel Brasil 61\" class=\"b61_pixel\" width=\"0\" height=\"0\"><\/p>\n<div class=\"br61_backlink\">\n<p>\n\t\t\t\tFonte: <a href=\"https:\/\/brasil61.com\/infogripe-alta-nos-casos-de-vsr-reforca-importancia-da-vacinacao-bras2515280\" title=\"Artigo Original: InfoGripe: alta nos casos de VSR refor\u00e7a import\u00e2ncia da vacina\u00e7\u00e3o\" target=\"_blank\" rel=\"noopener\">Brasil 61<\/a>\n\t\t\t<\/p>\n<\/p><\/div>\n<input type=\"hidden\" id=\"baseurl\" value=\"https:\/\/noticiasregionais.com.br\"><input type=\"hidden\" id=\"audio_nonce\" value=\"5c13e0637f\">","protected":false},"excerpt":{"rendered":"<p>Boletim da Fiocruz aponta 43,7 mil casos de SRAG por V\u00edrus Sincicial Respirat\u00f3rio em 2025, sendo 82% em crian\u00e7as menores de dois anos<\/p>\n","protected":false},"author":1,"featured_media":11504,"comment_status":"","ping_status":"open","sticky":false,"template":"","format":"standard","meta":{"sfsi_plus_gutenberg_text_before_share":"","sfsi_plus_gutenberg_show_text_before_share":"","sfsi_plus_gutenberg_icon_type":"","sfsi_plus_gutenberg_icon_alignemt":"","sfsi_plus_gutenburg_max_per_row":"","footnotes":""},"categories":[8],"tags":[],"class_list":["post-11503","post","type-post","status-publish","format-standard","has-post-thumbnail","hentry","category-brasil"],"_links":{"self":[{"href":"https:\/\/noticiasregionais.com.br\/index.php?rest_route=\/wp\/v2\/posts\/11503","targetHints":{"allow":["GET"]}}],"collection":[{"href":"https:\/\/noticiasregionais.com.br\/index.php?rest_route=\/wp\/v2\/posts"}],"about":[{"href":"https:\/\/noticiasregionais.com.br\/index.php?rest_route=\/wp\/v2\/types\/post"}],"author":[{"embeddable":true,"href":"https:\/\/noticiasregionais.com.br\/index.php?rest_route=\/wp\/v2\/users\/1"}],"replies":[{"embeddable":true,"href":"https:\/\/noticiasregionais.com.br\/index.php?rest_route=%2Fwp%2Fv2%2Fcomments&post=11503"}],"version-history":[{"count":0,"href":"https:\/\/noticiasregionais.com.br\/index.php?rest_route=\/wp\/v2\/posts\/11503\/revisions"}],"wp:featuredmedia":[{"embeddable":true,"href":"https:\/\/noticiasregionais.com.br\/index.php?rest_route=\/wp\/v2\/media\/11504"}],"wp:attachment":[{"href":"https:\/\/noticiasregionais.com.br\/index.php?rest_route=%2Fwp%2Fv2%2Fmedia&parent=11503"}],"wp:term":[{"taxonomy":"category","embeddable":true,"href":"https:\/\/noticiasregionais.com.br\/index.php?rest_route=%2Fwp%2Fv2%2Fcategories&post=11503"},{"taxonomy":"post_tag","embeddable":true,"href":"https:\/\/noticiasregionais.com.br\/index.php?rest_route=%2Fwp%2Fv2%2Ftags&post=11503"}],"curies":[{"name":"wp","href":"https:\/\/api.w.org\/{rel}","templated":true}]}}