{"id":11505,"date":"2025-12-07T04:55:00","date_gmt":"2025-12-07T07:55:00","guid":{"rendered":"https:\/\/noticiasregionais.com.br\/?p=11505"},"modified":"2025-12-07T04:55:00","modified_gmt":"2025-12-07T07:55:00","slug":"jornada-nacional-de-inovacao-avanca-pelo-pais-e-reforca-potencial-regional-da-industria","status":"publish","type":"post","link":"https:\/\/noticiasregionais.com.br\/?p=11505","title":{"rendered":"Jornada Nacional de Inova\u00e7\u00e3o avan\u00e7a pelo pa\u00eds e refor\u00e7a potencial regional da ind\u00fastria"},"content":{"rendered":"<p>\t\t\t\t\t\t\t\t\t\t\t<audio controls class=\"b61_audio_player\" data-noticia=\"86291\" src=\"https:\/\/brasil61.com\/rails\/active_storage\/blobs\/eyJfcmFpbHMiOnsibWVzc2FnZSI6IkJBaHBBNFBRQXc9PSIsImV4cCI6bnVsbCwicHVyIjoiYmxvYl9pZCJ9fQ==--36fd49575f843120b48e4a5a2814096fe01aa8b2\/PIND254705A\"><\/audio><\/p>\n<p><strong>A Jornada Nacional de Inova\u00e7\u00e3o da Ind\u00fastria se aproxima do fim do ano com perspectivas positivas. Iniciado em julho de 2025, o movimento j\u00e1 percorreu cidades das regi\u00f5es Sul, Centro-Oeste e Nordeste. At\u00e9 o primeiro semestre de 2026, ainda est\u00e3o previstos encontros em munic\u00edpios do Norte e do Sudeste.<\/strong><\/p>\n<p>A iniciativa \u00e9 desenvolvida pela Confedera\u00e7\u00e3o Nacional da Ind\u00fastria <a href=\"https:\/\/cni.portaldaindustria.com.br\/pt\/\" target=\"_blank\" rel=\"noopener\">(CNI)<\/a>, em parceria com o Servi\u00e7o Brasileiro de Apoio \u00e0s Micro e Pequenas Empresas <a href=\"https:\/\/sebrae.com.br\/sites\/PortalSebrae\/\" target=\"_blank\" rel=\"noopener\">(Sebrae)<\/a>.<\/p>\n<p>Segundo o superintendente de Projetos de Inova\u00e7\u00e3o da CNI, Carlos Bork, a Jornada tem garantido contato direto com os empreendimentos de cada regi\u00e3o, permitindo resultados mais assertivos. Para ele, trata-se de um mecanismo relevante para o desenvolvimento empresarial do pa\u00eds.<\/p>\n<p>&#8220;Em cada um dos estados identificamos coisas fant\u00e1sticas, desde o levantamento da bionatureza dos recifes at\u00e9 o desenvolvimento de processos para terras raras. Nesse contato com os ecossistemas de inova\u00e7\u00e3o, vemos que as oportunidades est\u00e3o a\u00ed \u2013 basta atacarmos os grandes desafios\u201d, destaca.<\/p>\n<p>\u201cE o que ainda n\u00e3o for levantado pode se tornar um desafio a ser superado, com propostas da CNI, do Congresso, do Senado e do governo para pol\u00edticas que incentivem nossas empresas a serem mais criativas, competitivas e eficientes\u201d, complementa.<\/p>\n<h2>Jornada de Inova\u00e7\u00e3o da Ind\u00fastria no Sul<\/h2>\n<p><strong>No Sul do Brasil, a caravana iniciou por S\u00e3o Leopoldo (RS) e percorreu munic\u00edpios como Porto Alegre (RS), Caxias do Sul (RS) e Passo Fundo (RS). Em Santa Catarina, esteve em Crici\u00fama (SC), Joinville (SC) e Chapec\u00f3 (SC); no Paran\u00e1, em Curitiba (PR) e Londrina (PR).<\/strong><\/p>\n<p>No dia 2 de outubro, especialistas, empres\u00e1rios e autoridades dos tr\u00eas estados se reuniram em Florian\u00f3polis (SC) para fazer um balan\u00e7o da passagem do projeto pela regi\u00e3o. A ideia era levantar as principais oportunidades e desafios das empresas em torno das transi\u00e7\u00f5es ecol\u00f3gica e digital.<\/p>\n<p><a href=\"https:\/\/brasil61.com\/n\/infraestrutura-projetos-de-transportes-precisam-passar-por-teste-de-viabilidade-e-integracao-recomenda-cni-pind254684\" target=\"_blank\" rel=\"noopener\">INFRAESTRUTURA: projetos de transportes precisam passar por teste de viabilidade e integra\u00e7\u00e3o, recomenda CNI<\/a><\/p>\n<p><a href=\"https:\/\/brasil61.com\/n\/estudo-da-cni-apresenta-acoes-para-destravar-us-1-3-trilhao-em-financiamento-climatico-pind254678\" target=\"_blank\" rel=\"noopener\">Estudo apresenta a\u00e7\u00f5es para destravar US$ 1,3 trilh\u00e3o em financiamento clim\u00e1tico<\/a><\/p>\n<p>Foram elencados dez temas de relev\u00e2ncia e observadas quantas vezes cada um se destacou percentualmente.<\/p>\n<p>Para tr\u00eas temas importantes (incentivo a a\u00e7\u00f5es sustent\u00e1veis, colabora\u00e7\u00e3o entre universidade, ind\u00fastria e governo; e fortalecimento de gest\u00e3o e pol\u00edticas p\u00fablicas), houve consensos acerca de super\u00e1-los, no sentido de alavancar incentivos e aprimorar pol\u00edticas de inova\u00e7\u00e3o. O resultado obtido foi o seguinte:<\/p>\n<ul>\n<li>Incentivar a\u00e7\u00f5es sustent\u00e1veis e de economia circular (19%) &#8211; elabora\u00e7\u00e3o de benef\u00edcios fiscais e diretos, como a redu\u00e7\u00e3o do IPI para produtos reciclados, transforma\u00e7\u00e3o de res\u00edduos em produtos de alto valor agregado, regular o mercado de carbono e fomentar cadeias de valor sustent\u00e1veis.<\/li>\n<li>Fomentar a colabora\u00e7\u00e3o entre academia, ind\u00fastria e governo (17%) &#8211; fortalecimento do di\u00e1logo, incentivo do uso do Marco Legal da Inova\u00e7\u00e3o, incentivo dos arranjos em cadeias produtivas, atualiza\u00e7\u00e3o dos planos estrat\u00e9gicos nacionais, como o PNCT&amp;I e fortalecer Conselhos Municipais de Inova\u00e7\u00e3o.<\/li>\n<li>Fortalecer a gest\u00e3o p\u00fablica e as pol\u00edticas de Estado (12%) &#8211; incentivar a moderniza\u00e7\u00e3o e maior digitaliza\u00e7\u00e3o da administra\u00e7\u00e3o p\u00fablica em todos os n\u00edveis e todas as recomenda\u00e7\u00f5es do item anterior.<\/li>\n<\/ul>\n<p>Entre as empresas que foram destaque na Jornada, em meio ao circuito no Rio Grande do Sul, est\u00e1 a <a href=\"https:\/\/globuselectronics.com\/?utm_source=google&amp;utm_medium=cpc&amp;utm_campaign=22531851768&amp;gad_source=1&amp;gad_campaignid=23276386023&amp;gbraid=0AAAAA-F4pWbrZ0bjbOcgrLkiV-mNjL38H&amp;gclid=Cj0KCQiAosrJBhD0ARIsAHebCNq-Epw1QDsLEF2_lWAYrBqGhVGDon2FG8Gw9cTJwZU6yWGCYehEHsIaAi1bEALw_wcB\" target=\"_blank\" rel=\"noopener\">Globus Eletronics<\/a>. Com sede em S\u00e3o Leopoldo, a companhia \u00e9 l\u00edder em controladores para ve\u00edculos de grande porte e solu\u00e7\u00f5es inteligentes para o mercado automotivo B2B.<\/p>\n<p><strong>A empresa conta com uma base de mais de 2,2 mil clientes em 45 pa\u00edses, mas o principal mercado est\u00e1 concentrado na Am\u00e9rica do Norte. <\/strong>As tecnologias da Globus t\u00eam aplica\u00e7\u00f5es para ve\u00edculos comerciais, aeronaves, barcos, vans, \u00f4nibus, caminh\u00f5es, motorhomes, trens, ambul\u00e2ncias, ve\u00edculos de resgate, militares e m\u00e1quinas agr\u00edcolas e de constru\u00e7\u00e3o.<\/p>\n<h2>Jornada de Inova\u00e7\u00e3o da Ind\u00fastria no Centro-Oeste<\/h2>\n<p><strong>No Centro-Oeste brasileiro, a Jornada passou pelas quatro unidades da federa\u00e7\u00e3o. Em Mato Grosso, as apresenta\u00e7\u00f5es foram feitas em cidades como Sinop (MT) e Cuiab\u00e1 (MT). Em Goi\u00e1s, a caravana passou por Rio Verde (GO), An\u00e1polis (GO) e Goi\u00e2nia (GO). J\u00e1 em Mato Grosso Sul, o evento foi realizado em Campo Grande (MS). Bras\u00edlia (DF) tamb\u00e9m recebeu o movimento.<\/strong><\/p>\n<p>De acordo com a CNI, boa parte do potencial inovador da regi\u00e3o est\u00e1 ligado \u00e0 agroind\u00fastria. Para se ter uma ideia, at\u00e9 2027, o setor deve criar 207 mil empregos, com destaque para segmentos como agritechs, biotechs e nanotechs.<\/p>\n<p>Entre 1996 e 2022, o Centro-Oeste registrou um salto de 173% no Valor de Transforma\u00e7\u00e3o Industrial (VTI) \u2013 a maior taxa do pa\u00eds \u2013 impulsionado pela moderniza\u00e7\u00e3o da agricultura e pecu\u00e1ria.<\/p>\n<h2>Hist\u00f3ria de sucesso<\/h2>\n<p><strong>A programa\u00e7\u00e3o do Centro-Oeste tamb\u00e9m revelou casos de sucesso na regi\u00e3o, como o da <a href=\"https:\/\/www.nutribrasalimentos.com.br\/\" target=\"_blank\" rel=\"noopener\">Nutribras Alimentos<\/a> \u2013 empresa mato-grossense que come\u00e7ou com a suinocultura, mas evoluiu para a produ\u00e7\u00e3o agr\u00edcola, frigor\u00edfica e gera\u00e7\u00e3o de energia.<\/strong><\/p>\n<p>A partir de 2011, implantou um ciclo autossustent\u00e1vel de produ\u00e7\u00e3o, incluindo biodigestores para tratamento de dejetos e gera\u00e7\u00e3o de biog\u00e1s.<\/p>\n<p><strong>Hoje, a empresa tem mais de 1,7 mil funcion\u00e1rios, abate 600 mil animais ao ano e exporta 10% de sua produ\u00e7\u00e3o para Am\u00e9rica do Sul, \u00c1sia e Leste Europeu. Tamb\u00e9m reutiliza biofertilizantes e iniciou a produ\u00e7\u00e3o de biometano para uso veicular \u2013 incluindo o primeiro caminh\u00e3o a biometano da suinocultura. <\/strong>O desafio atual \u00e9 converter toda a produ\u00e7\u00e3o de biog\u00e1s (30 mil m\u00b3\/dia) em combust\u00edvel sustent\u00e1vel.<\/p>\n<h2>Centro-Oeste: desafios e oportunidades<\/h2>\n<p>O Centro-Oeste tamb\u00e9m conta com desafios que, ao fim da etapa regional da Jornada, foram divididos em cinco tem\u00e1ticas:<\/p>\n<ul>\n<li>Superar escassez de capital humano qualificado (34,6%);<\/li>\n<li>Vencer resist\u00eancia cultural e baixa maturidade digital (24,5%);<\/li>\n<li>Mitigar burocracia e regula\u00e7\u00e3o excessivas (20,3%);<\/li>\n<li>Valorizar biodiversidade e ci\u00eancia nacional (16,6%);<\/li>\n<li>Reduzir custos de infraestrutura e ado\u00e7\u00e3o tecnol\u00f3gica (16,6%).<\/li>\n<\/ul>\n<p>O resultado mostrou equil\u00edbrio em rela\u00e7\u00e3o \u00e0s oportunidades:<\/p>\n<ul>\n<li>Impulsionar transi\u00e7\u00e3o digital para ganhos de competitividade (34,6%);<\/li>\n<li>Acessar fomento e viabilizar a inova\u00e7\u00e3o (23,1%);<\/li>\n<li>Gerar ganhos em efici\u00eancia e continuidade de neg\u00f3cios (16,9%);<\/li>\n<li>Fortalecer ecossistemas e fomentar inova\u00e7\u00e3o aberta (14,3%);<\/li>\n<li>Explorar a biodiversidade estrategicamente e promover a economia circular (11,1%).<\/li>\n<\/ul>\n<h2>\u00a0<br \/>\nJornada de Inova\u00e7\u00e3o da Ind\u00fastria no Nordeste<\/h2>\n<p><strong>A Jornada tamb\u00e9m revelou as potencialidades do Nordeste nas transi\u00e7\u00f5es ecol\u00f3gica e digital. Segundo a CNI, a regi\u00e3o concentra 93% da capacidade e\u00f3lica e 20% da capacidade solar instalada do Brasil.<\/strong><\/p>\n<p>O potencial e\u00f3lico offshore \u00e9 estimado em 700 GW, equivalente a 3,6 vezes a capacidade instalada do pa\u00eds.<br \/>\nA caravana tamb\u00e9m mostrou que o Nordeste se destaca no cen\u00e1rio nacional em outras \u00e1reas estrat\u00e9gicas:<\/p>\n<ul>\n<li>A regi\u00e3o se destaca pelo desenvolvimento de biocombust\u00edveis, n\u00e3o s\u00f3 com etanol da cana-de-a\u00e7\u00facar, mas tamb\u00e9m com agave, palma e outros insumos nativos;<\/li>\n<li>Investimentos de R$1,81 bilh\u00e3o em pesquisa e desenvolvimento em minerais estrat\u00e9gicos na regi\u00e3o entre 2019 e 2023, que correspondem a 40% do total do Brasil;<\/li>\n<li>Os estados do Nordeste t\u00eam 30% dos projetos de hidrog\u00eanio verde atualmente em curso no Brasil, com potencial derivado da capacidade e\u00f3lica e solar;<\/li>\n<li>Segunda regi\u00e3o em n\u00famero de startups, com crescimento de 43% ao ano entre 2015 e 2025.<\/li>\n<\/ul>\n<p><strong>Entre as empresas da regi\u00e3o que se destacaram na Jornada est\u00e1 a <a href=\"https:\/\/lbmg.cb.ufrn.br\/startup\/index.html\" target=\"_blank\" rel=\"noopener\">Microciclo<\/a>, deep tech fundada em agosto de 2019, em Natal (RN), voltada para a \u00e1rea de biotecnologia. A miss\u00e3o da companhia, \u00e9 ajudar as ind\u00fastrias a terem um tratamento mais sustent\u00e1vel para os res\u00edduos oleosos, como explica a CEO da empresa, Carolina Minnicelli.<\/strong><\/p>\n<p>Segundo Carolina, iniciativas como a Jornada contribuem para o fortalecimento do empreendedorismo, pois ajudam a identificar os principais desafios e como super\u00e1-los.<\/p>\n<p>\u201cA visibilidade que esse tipo de evento gera para nossa empresa \u00e9 muito importante. Mas, mais importante s\u00e3o os contatos que a gente faz, as conex\u00f5es que a gente faz. Tomamos conhecimento dos nossos parceiros locais e nacionais, compartilhamos dificuldades e desafios que a gente vive, e poss\u00edveis solu\u00e7\u00f5es. Eventos como esse s\u00e3o essenciais para fomentar o empreendedorismo e a inova\u00e7\u00e3o\u201d, avalia.<\/p>\n<p>Para reduzir a carga de \u00f3leo, a empresa usa biorremediadores, que s\u00e3o produtos compostos por bact\u00e9rias n\u00e3o patog\u00eanicas e degradadoras de fra\u00e7\u00f5es do petr\u00f3leo. A solu\u00e7\u00e3o \u00e9 mais econ\u00f4mica e ambientalmente respons\u00e1vel para tratamento direto dos efluentes, como tamb\u00e9m reduz a depend\u00eancia de transporte dos res\u00edduos para descarte.<\/p>\n<p>A hist\u00f3ria da Microciclo come\u00e7ou com uma equipe multidisciplinar do laborat\u00f3rio de Biologia Molecular e Gen\u00f4mica (LBMG) da Universidade Federal do Rio Grande do Norte que, por 15 anos, esteve dedicada a desenvolver novas t\u00e9cnicas de gen\u00e9tica ambiental, microbiologia de petr\u00f3leo, biologia molecular, bioqu\u00edmica e bioinform\u00e1tica.<\/p>\n<p>Ao longo de seis anos, a companhia conquistou oito programas de acelera\u00e7\u00e3o\/editais, R$ 800 mil de investimento e quatro pr\u00eamios, sendo tr\u00eas internacionais. Al\u00e9m disso, a empresa validou a solu\u00e7\u00e3o com 15 diferentes tipos de res\u00edduos.<\/p>\n<p><strong>No Nordeste, os eventos da Jornada foram realizados nas cidades baianas de Vit\u00f3ria da Conquista (BA) e Salvador (BA). No Piau\u00ed, a programa\u00e7\u00e3o ocorreu em Teresina (PI) e Parna\u00edba (PI). No Maranh\u00e3o, a caravana passou por S\u00e3o Lu\u00eds (MA), enquanto no Rio Grande do Norte e na Para\u00edba, passou por Natal (RN) e Jo\u00e3o Pessoa (PB), respectivamente. Outras duas cidades que contaram com o movimento foram Aracaju (SE) e Recife (PE). \u00a0<\/strong><\/p>\n<h2>Congresso de Inova\u00e7\u00e3o da Ind\u00fastria<\/h2>\n<p>Ap\u00f3s a passagem da Jornada por todas as regi\u00f5es do pa\u00eds, os organizadores v\u00e3o apresentar o resultado do trabalho no 11\u00ba Congresso de Inova\u00e7\u00e3o da Ind\u00fastria, previsto para mar\u00e7o de 2026, em S\u00e3o Paulo. \u00a0<\/p>\n<p>\u201cA expectativa \u00e9 que consigamos trabalhar projetos estruturantes a partir dos insumos que sa\u00edram da Jornada por estados e regi\u00f5es e deixar um legado real da Jornada. Al\u00e9m dos aprendizados e conex\u00f5es, teremos uma plataforma digital que vai reunir solu\u00e7\u00f5es, desafios e oportunidades identificadas ao longo do percurso\u201d, projeta a analista de desenvolvimento industrial da CNI, Marilene Castro.<\/p>\n<p>O objetivo da Jornada \u00e9 promover a articula\u00e7\u00e3o do ecossistema de inova\u00e7\u00e3o em torno dos temas intelig\u00eancia artificial, economia circular, transi\u00e7\u00e3o energ\u00e9tica e deep techs.<br \/>\n\u00a0<\/p>\n<p>\t\t\t\t\t\t\t\t\t\t<img decoding=\"async\" src=\"https:\/\/brasil61.com\/api\/v1\/serve_pixel\/22254\/86291\" alt=\"Pixel Brasil 61\" class=\"b61_pixel\" width=\"0\" height=\"0\"><\/p>\n<div class=\"br61_backlink\">\n<p>\n\t\t\t\tFonte: <a href=\"https:\/\/brasil61.com\/jornada-nacional-de-inovacao-avanca-pelo-pais-e-reforca-potencial-regional-da-industria-pind254705\" title=\"Artigo Original: Jornada Nacional de Inova\u00e7\u00e3o avan\u00e7a pelo pa\u00eds e refor\u00e7a potencial regional da ind\u00fastria\" target=\"_blank\" rel=\"noopener\">Brasil 61<\/a>\n\t\t\t<\/p>\n<\/p><\/div>\n<input type=\"hidden\" id=\"baseurl\" value=\"https:\/\/noticiasregionais.com.br\"><input type=\"hidden\" id=\"audio_nonce\" value=\"5c13e0637f\">","protected":false},"excerpt":{"rendered":"<p>Iniciativa da CNI e do Sebrae destaca oportunidades em transi\u00e7\u00e3o digital, sustentabilidade e novos polos tecnol\u00f3gicos<\/p>\n","protected":false},"author":1,"featured_media":11506,"comment_status":"","ping_status":"open","sticky":false,"template":"","format":"standard","meta":{"sfsi_plus_gutenberg_text_before_share":"","sfsi_plus_gutenberg_show_text_before_share":"","sfsi_plus_gutenberg_icon_type":"","sfsi_plus_gutenberg_icon_alignemt":"","sfsi_plus_gutenburg_max_per_row":"","footnotes":""},"categories":[8],"tags":[],"class_list":["post-11505","post","type-post","status-publish","format-standard","has-post-thumbnail","hentry","category-brasil"],"_links":{"self":[{"href":"https:\/\/noticiasregionais.com.br\/index.php?rest_route=\/wp\/v2\/posts\/11505","targetHints":{"allow":["GET"]}}],"collection":[{"href":"https:\/\/noticiasregionais.com.br\/index.php?rest_route=\/wp\/v2\/posts"}],"about":[{"href":"https:\/\/noticiasregionais.com.br\/index.php?rest_route=\/wp\/v2\/types\/post"}],"author":[{"embeddable":true,"href":"https:\/\/noticiasregionais.com.br\/index.php?rest_route=\/wp\/v2\/users\/1"}],"replies":[{"embeddable":true,"href":"https:\/\/noticiasregionais.com.br\/index.php?rest_route=%2Fwp%2Fv2%2Fcomments&post=11505"}],"version-history":[{"count":0,"href":"https:\/\/noticiasregionais.com.br\/index.php?rest_route=\/wp\/v2\/posts\/11505\/revisions"}],"wp:featuredmedia":[{"embeddable":true,"href":"https:\/\/noticiasregionais.com.br\/index.php?rest_route=\/wp\/v2\/media\/11506"}],"wp:attachment":[{"href":"https:\/\/noticiasregionais.com.br\/index.php?rest_route=%2Fwp%2Fv2%2Fmedia&parent=11505"}],"wp:term":[{"taxonomy":"category","embeddable":true,"href":"https:\/\/noticiasregionais.com.br\/index.php?rest_route=%2Fwp%2Fv2%2Fcategories&post=11505"},{"taxonomy":"post_tag","embeddable":true,"href":"https:\/\/noticiasregionais.com.br\/index.php?rest_route=%2Fwp%2Fv2%2Ftags&post=11505"}],"curies":[{"name":"wp","href":"https:\/\/api.w.org\/{rel}","templated":true}]}}