{"id":11507,"date":"2025-12-07T04:50:00","date_gmt":"2025-12-07T07:50:00","guid":{"rendered":"https:\/\/noticiasregionais.com.br\/?p=11507"},"modified":"2025-12-07T04:50:00","modified_gmt":"2025-12-07T07:50:00","slug":"programa-ampliar-aeroportos-regionais-da-bahia-terao-investimentos-de-r-1864-milhoes","status":"publish","type":"post","link":"https:\/\/noticiasregionais.com.br\/?p=11507","title":{"rendered":"Programa AmpliAR: aeroportos regionais da Bahia ter\u00e3o investimentos de R$ 186,4 milh\u00f5es"},"content":{"rendered":"<p>\t\t\t\t\t\t\t\t\t\t\t<audio controls class=\"b61_audio_player\" data-noticia=\"86289\" src=\"https:\/\/brasil61.com\/rails\/active_storage\/blobs\/eyJfcmFpbHMiOnsibWVzc2FnZSI6IkJBaHBBMzdRQXc9PSIsImV4cCI6bnVsbCwicHVyIjoiYmxvYl9pZCJ9fQ==--a89a3afa20b3a8ba453b4ad1c0471045dcc74b7b\/MPOR250153A\"><\/audio><\/p>\n<p><strong>Dois aeroportos regionais da Bahia (<a href=\"https:\/\/www.ba.gov.br\/\" target=\"_blank\" rel=\"noopener\">BA<\/a>) receber\u00e3o R$186,4 milh\u00f5es em investimentos para obras de moderniza\u00e7\u00e3o<\/strong>. O aporte foi garantido pelo <a href=\"https:\/\/www.gov.br\/portos-e-aeroportos\/pt-br\/ampliar\" target=\"_blank\" rel=\"noopener\">Programa AmpliAR<\/a>, iniciativa do Minist\u00e9rio de Portos e Aeroportos (<a href=\"https:\/\/www.gov.br\/portos-e-aeroportos\/pt-br\" target=\"_blank\" rel=\"noopener\">MPor<\/a>), em <a href=\"http:\/\/brasil61.com\/n\/programa-ampliar-leilao-assegura-r-731-milhoes-para-modernizacao-de-13-aeroportos-estrategicos-mpor250140\" target=\"_blank\" rel=\"noopener\">leil\u00e3o<\/a> realizado na <a href=\"https:\/\/www.b3.com.br\/\" target=\"_blank\" rel=\"noopener\">B3<\/a> no dia 27 de novembro.<\/p>\n<p>Os terminais de <a href=\"https:\/\/pauloafonso.ba.gov.br\/\" target=\"_blank\" rel=\"noopener\"><strong>Paulo Afonso<\/strong><\/a> e <a href=\"https:\/\/www.lencois.ba.gov.br\/\" target=\"_blank\" rel=\"noopener\"><strong>Len\u00e7\u00f3is<\/strong><\/a><strong> foram arrematados pela concession\u00e1ria <a href=\"https:\/\/www.gru.com.br\/pt\" target=\"_blank\" rel=\"noopener\">GRU Airport<\/a><\/strong>, respons\u00e1vel pela administra\u00e7\u00e3o do Aeroporto Internacional de Guarulhos, o maior do pa\u00eds. De acordo com a Pasta, as melhorias previstas devem elevar o padr\u00e3o de atendimento ao passageiro, ampliar a seguran\u00e7a das opera\u00e7\u00f5es e fortalecer a conex\u00e3o de regi\u00f5es com grande voca\u00e7\u00e3o tur\u00edstica e econ\u00f4mica.<\/p>\n<p>O ministro Silvio Costa Filho ressaltou que o fortalecimento dos aeroportos regionais \u00e9 prioridade para o Governo Federal: \u201co AmpliAr impulsiona as economias locais, gera emprego, movimenta o turismo e prepara o Brasil para um ciclo mais moderno e acess\u00edvel de transporte a\u00e9reo\u201d.<\/p>\n<h2>Paulo Afonso<\/h2>\n<p>Entre os 13 aer\u00f3dromos licitados pelo programa, o <strong>Aeroporto de Paulo Afonso ser\u00e1 contemplado com o maior volume de investimentos da concess\u00e3o: R$106,2 milh\u00f5es<\/strong>. As interven\u00e7\u00f5es permitir\u00e3o ampliar a capacidade para receber aeronaves de maior porte, aumentar a oferta de voos e garantir opera\u00e7\u00f5es mais seguras e eficientes. O projeto prev\u00ea:<\/p>\n<ul>\n<li>moderniza\u00e7\u00e3o completa do terminal de passageiros, com amplia\u00e7\u00e3o das \u00e1reas de embarque e desembarque;<\/li>\n<li>readequa\u00e7\u00e3o das pistas e p\u00e1tios;<\/li>\n<li>nova sinaliza\u00e7\u00e3o;<\/li>\n<li>melhorias no balizamento noturno.<\/li>\n<li>atualiza\u00e7\u00e3o dos sistemas de seguran\u00e7a operacional; e\u00a0<\/li>\n<li>renova\u00e7\u00e3o da infraestrutura tecnol\u00f3gica.\u00a0<\/li>\n<\/ul>\n<p>Localizada na divisa entre Bahia, Sergipe, Alagoas e Pernambuco, a regi\u00e3o de Paulo Afonso re\u00fane atrativos tur\u00edsticos como os Canyons do S\u00e3o Francisco e se destaca tamb\u00e9m pelas atividades econ\u00f4micas ligadas ao setor energ\u00e9tico, ao com\u00e9rcio regional e aos servi\u00e7os.\u00a0<\/p>\n<p>Para o prefeito M\u00e1rio Galinho, \u201cPaulo Afonso tem um potencial gigantesco, e com o AmpliAR esse desenvolvimento finalmente ganha condi\u00e7\u00f5es reais para avan\u00e7ar.\u201d<\/p>\n<h2>Len\u00e7\u00f3is\u00a0<\/h2>\n<p>O <strong>Aeroporto de Len\u00e7\u00f3is<\/strong>, porta de entrada da Chapada Diamantina, <strong>contar\u00e1 com R$ 80,2 milh\u00f5es para ampliar a capacidade e atrair novas rotas<\/strong>. A concession\u00e1ria modernizar\u00e1 o terminal, a pista e os sistemas operacionais para garantir mais seguran\u00e7a e efici\u00eancia.\u00a0<\/p>\n<p>Com a moderniza\u00e7\u00e3o, o munic\u00edpio poder\u00e1 receber mais visitantes, estimular novos investimentos e fortalecer a posi\u00e7\u00e3o entre os principais destinos tur\u00edsticos do pa\u00eds. Segundo a prefeita Vanessa Senna, \u201ca moderniza\u00e7\u00e3o do aeroporto \u00e9 um avan\u00e7o fundamental para o desenvolvimento de Len\u00e7\u00f3is e consolida a Chapada da Diamantina como destino estrat\u00e9gico para o pa\u00eds.\u201d<\/p>\n<h2>Programa AmpliAR<\/h2>\n<p>O <strong>Programa AmpliAR<\/strong>, idealizado pelo MPor, <strong>possibilita que concession\u00e1rias privadas assumam a gest\u00e3o de aeroportos regionais deficit\u00e1rios mediante ajustes contratuais<\/strong>, como redu\u00e7\u00e3o de outorgas ou extens\u00e3o dos prazos de concess\u00e3o.<\/p>\n<p>A iniciativa tem como objetivo modernizar a infraestrutura aeroportu\u00e1ria, assegurar a estabilidade das opera\u00e7\u00f5es e viabilizar novas rotas regionais.<\/p>\n<p><strong>VEJA MAIS:<\/strong><\/p>\n<ul>\n<li><a href=\"https:\/\/brasil61.com\/n\/programa-ampliar-leilao-assegura-r-731-milhoes-para-modernizacao-de-13-aeroportos-estrategicos-mpor250140\" target=\"_blank\" rel=\"noopener\">Programa AmpliAR: leil\u00e3o assegura R$ 731 milh\u00f5es para moderniza\u00e7\u00e3o de 13 aeroportos estrat\u00e9gicos<\/a><\/li>\n<li><a href=\"https:\/\/brasil61.com\/n\/programa-ampliar-aeroportos-regionais-de-pernambuco-terao-investimentos-de-r-82-2-mi-mpor250152\" target=\"_blank\" rel=\"noopener\">Programa AmpliAR: Aeroportos regionais de Pernambuco ter\u00e3o investimentos de R$ 82,2 mi<\/a><\/li>\n<\/ul>\n<p>\t\t\t\t\t\t\t\t\t\t<img decoding=\"async\" src=\"https:\/\/brasil61.com\/api\/v1\/serve_pixel\/22254\/86289\" alt=\"Pixel Brasil 61\" class=\"b61_pixel\" width=\"0\" height=\"0\"><\/p>\n<div class=\"br61_backlink\">\n<p>\n\t\t\t\tFonte: <a href=\"https:\/\/brasil61.com\/programa-ampliar-aeroportos-regionais-da-bahia-terao-investimentos-de-r-186-4-milhoes-mpor250153\" title=\"Artigo Original: Programa AmpliAR: aeroportos regionais da Bahia ter\u00e3o investimentos de R$ 186,4 milh\u00f5es\" target=\"_blank\" rel=\"noopener\">Brasil 61<\/a>\n\t\t\t<\/p>\n<\/p><\/div>\n<input type=\"hidden\" id=\"baseurl\" value=\"https:\/\/noticiasregionais.com.br\"><input type=\"hidden\" id=\"audio_nonce\" value=\"5c13e0637f\">","protected":false},"excerpt":{"rendered":"<p>Paulo Afonso e Len\u00e7\u00f3is receber\u00e3o obras de amplia\u00e7\u00e3o e melhorias de seguran\u00e7a para impulsionar a economia local. A concess\u00e3o foi arrematada pela GRU Airport<\/p>\n","protected":false},"author":1,"featured_media":11508,"comment_status":"","ping_status":"open","sticky":false,"template":"","format":"standard","meta":{"sfsi_plus_gutenberg_text_before_share":"","sfsi_plus_gutenberg_show_text_before_share":"","sfsi_plus_gutenberg_icon_type":"","sfsi_plus_gutenberg_icon_alignemt":"","sfsi_plus_gutenburg_max_per_row":"","footnotes":""},"categories":[8],"tags":[],"class_list":["post-11507","post","type-post","status-publish","format-standard","has-post-thumbnail","hentry","category-brasil"],"_links":{"self":[{"href":"https:\/\/noticiasregionais.com.br\/index.php?rest_route=\/wp\/v2\/posts\/11507","targetHints":{"allow":["GET"]}}],"collection":[{"href":"https:\/\/noticiasregionais.com.br\/index.php?rest_route=\/wp\/v2\/posts"}],"about":[{"href":"https:\/\/noticiasregionais.com.br\/index.php?rest_route=\/wp\/v2\/types\/post"}],"author":[{"embeddable":true,"href":"https:\/\/noticiasregionais.com.br\/index.php?rest_route=\/wp\/v2\/users\/1"}],"replies":[{"embeddable":true,"href":"https:\/\/noticiasregionais.com.br\/index.php?rest_route=%2Fwp%2Fv2%2Fcomments&post=11507"}],"version-history":[{"count":0,"href":"https:\/\/noticiasregionais.com.br\/index.php?rest_route=\/wp\/v2\/posts\/11507\/revisions"}],"wp:featuredmedia":[{"embeddable":true,"href":"https:\/\/noticiasregionais.com.br\/index.php?rest_route=\/wp\/v2\/media\/11508"}],"wp:attachment":[{"href":"https:\/\/noticiasregionais.com.br\/index.php?rest_route=%2Fwp%2Fv2%2Fmedia&parent=11507"}],"wp:term":[{"taxonomy":"category","embeddable":true,"href":"https:\/\/noticiasregionais.com.br\/index.php?rest_route=%2Fwp%2Fv2%2Fcategories&post=11507"},{"taxonomy":"post_tag","embeddable":true,"href":"https:\/\/noticiasregionais.com.br\/index.php?rest_route=%2Fwp%2Fv2%2Ftags&post=11507"}],"curies":[{"name":"wp","href":"https:\/\/api.w.org\/{rel}","templated":true}]}}