{"id":1154,"date":"2023-11-12T11:22:12","date_gmt":"2023-11-12T14:22:12","guid":{"rendered":"https:\/\/noticiasregionais.com.br\/?p=1154"},"modified":"2023-11-12T11:22:15","modified_gmt":"2023-11-12T14:22:15","slug":"campanha-de-multivacinacao-do-governo-de-sp-entra-na-reta-final","status":"publish","type":"post","link":"https:\/\/noticiasregionais.com.br\/?p=1154","title":{"rendered":"Campanha de Multivacina\u00e7\u00e3o do Governo de SP entra na reta final"},"content":{"rendered":"\n<p class=\"has-text-align-center\"><strong>Mais de 117 mil crian\u00e7as e adolescentes menores de 15 anos se vacinaram somente na primeira semana de novembro<\/strong><\/p>\n\n\n\n<p>Desde o fim de setembro, o Governo de S\u00e3o Paulo j\u00e1 vacinou mais de 747 mil crian\u00e7as e adolescentes por meio da Campanha de Multivacina\u00e7\u00e3o. Somente na primeira semana deste m\u00eas, ap\u00f3s a prorroga\u00e7\u00e3o da a\u00e7\u00e3o, mais de 117 mil receberam todas as doses de vacinas necess\u00e1rias do calend\u00e1rio b\u00e1sico nacional.<\/p>\n\n\n\n<p>A iniciativa, que termina na pr\u00f3xima quarta-feira (15), tamb\u00e9m verificou a carteira de vacina\u00e7\u00e3o de mais de 1,2 milh\u00e3o menores de 15 anos de idade em todos os 645 munic\u00edpios paulistas.<\/p>\n\n\n\n<p>\u201cA campanha ainda est\u00e1 acontecendo! \u00c9 importante que voc\u00ea que ainda n\u00e3o levou seu filho, neto ou sobrinho para se vacinar que leve-os, para que as carteirinhas sejam checadas e, caso haja alguma dose faltante, seja aplicada. Procurem os postos e vacinem-se!\u201d, ressalta a diretora do Centro de Vigil\u00e2ncia Epidemiol\u00f3gica da SES-SP, Tatiana Lang.<\/p>\n\n\n\n<p>S\u00e3o disponibilizadas vacinas para Poliomielite, Meningoc\u00f3ccica C Conjugada, Tr\u00edplice Viral (Sarampo, Caxumba e Rub\u00e9ola), Febre amarela, Pentavalente (difteria, t\u00e9tano, coqueluche, hepatite B e doen\u00e7as invasivas causadas pelo Haemophilus influenzae b), HPV (entre 9 e 14 anos de idade), BCG (tuberculose) e Covid-19.<\/p>\n\n\n\n<p>A campanha j\u00e1 checou a carteira de 276,3 mil beb\u00eas com menos de um ano e vacinou 221,1 mil deles. Entre crian\u00e7as de 1 a 4 anos de idade, 362 mil compareceram aos postos de vacina\u00e7\u00e3o e 199,8 mil foram imunizadas. 260,5 mil crian\u00e7as entre 5 e 8 anos tiveram suas carteiras verificadas e 94,5 mil delas receberam doses das diversas vacinas oferecidas.<\/p>\n\n\n\n<p>Na faixa et\u00e1ria entre 9 e 14 anos, 366,5 mil jovens foram aos postos e 232,3 mil receberam as vacinas. Entre as vacinas ministradas exclusivamente a crian\u00e7as entre 9 e 14 anos, que incluem a vacina para HPV e Meningo ACWY, mais de 397,8 mil doses foram aplicadas.<\/p>\n\n\n\n<p>Como parte da campanha, os munic\u00edpios recebem todo o apoio para oferecer as vacinas e fazer a checagem das carteiras de vacina\u00e7\u00e3o em escolas e outros locais de alta circula\u00e7\u00e3o ou em \u00e1reas rurais, al\u00e9m dos 5 mil pontos de vacina\u00e7\u00e3o j\u00e1 existentes no estado. A pasta de sa\u00fade estadual esclarece que cada munic\u00edpio tem a sua pr\u00f3pria estrat\u00e9gia e \u00e9 respons\u00e1vel pela vacina\u00e7\u00e3o.<\/p>\n\n\n\n<p><strong>Vacina 100 D\u00favidas<\/strong><\/p>\n\n\n\n<p>O site&nbsp;<a href=\"https:\/\/www.vacina100duvidas.sp.gov.br\/\" target=\"_blank\" rel=\"noreferrer noopener\">Vacina 100 D\u00favidas<\/a>, do Governo de S\u00e3o Paulo, re\u00fane as 100 d\u00favidas mais frequentes sobre as vacinas nos buscadores da internet. Este \u00e9 um espa\u00e7o com informa\u00e7\u00f5es claras para desmistificar fake news com rela\u00e7\u00e3o \u00e0 imuniza\u00e7\u00e3o, garantindo assim a prote\u00e7\u00e3o de toda a popula\u00e7\u00e3o.<\/p>\n<input type=\"hidden\" id=\"baseurl\" value=\"https:\/\/noticiasregionais.com.br\"><input type=\"hidden\" id=\"audio_nonce\" value=\"9ddf44ba02\">","protected":false},"excerpt":{"rendered":"<p>Mais de 117 mil crian\u00e7as e adolescentes menores de 15 anos se vacinaram somente na primeira semana de novembro Desde&hellip;<\/p>\n","protected":false},"author":1,"featured_media":1155,"comment_status":"closed","ping_status":"open","sticky":false,"template":"","format":"standard","meta":{"sfsi_plus_gutenberg_text_before_share":"","sfsi_plus_gutenberg_show_text_before_share":"","sfsi_plus_gutenberg_icon_type":"","sfsi_plus_gutenberg_icon_alignemt":"","sfsi_plus_gutenburg_max_per_row":"","footnotes":""},"categories":[6,10,1],"tags":[],"class_list":["post-1154","post","type-post","status-publish","format-standard","has-post-thumbnail","hentry","category-sao_paulo","category-destaques","category-noticias"],"_links":{"self":[{"href":"https:\/\/noticiasregionais.com.br\/index.php?rest_route=\/wp\/v2\/posts\/1154","targetHints":{"allow":["GET"]}}],"collection":[{"href":"https:\/\/noticiasregionais.com.br\/index.php?rest_route=\/wp\/v2\/posts"}],"about":[{"href":"https:\/\/noticiasregionais.com.br\/index.php?rest_route=\/wp\/v2\/types\/post"}],"author":[{"embeddable":true,"href":"https:\/\/noticiasregionais.com.br\/index.php?rest_route=\/wp\/v2\/users\/1"}],"replies":[{"embeddable":true,"href":"https:\/\/noticiasregionais.com.br\/index.php?rest_route=%2Fwp%2Fv2%2Fcomments&post=1154"}],"version-history":[{"count":1,"href":"https:\/\/noticiasregionais.com.br\/index.php?rest_route=\/wp\/v2\/posts\/1154\/revisions"}],"predecessor-version":[{"id":1156,"href":"https:\/\/noticiasregionais.com.br\/index.php?rest_route=\/wp\/v2\/posts\/1154\/revisions\/1156"}],"wp:featuredmedia":[{"embeddable":true,"href":"https:\/\/noticiasregionais.com.br\/index.php?rest_route=\/wp\/v2\/media\/1155"}],"wp:attachment":[{"href":"https:\/\/noticiasregionais.com.br\/index.php?rest_route=%2Fwp%2Fv2%2Fmedia&parent=1154"}],"wp:term":[{"taxonomy":"category","embeddable":true,"href":"https:\/\/noticiasregionais.com.br\/index.php?rest_route=%2Fwp%2Fv2%2Fcategories&post=1154"},{"taxonomy":"post_tag","embeddable":true,"href":"https:\/\/noticiasregionais.com.br\/index.php?rest_route=%2Fwp%2Fv2%2Ftags&post=1154"}],"curies":[{"name":"wp","href":"https:\/\/api.w.org\/{rel}","templated":true}]}}