{"id":1157,"date":"2023-11-12T11:29:15","date_gmt":"2023-11-12T14:29:15","guid":{"rendered":"https:\/\/noticiasregionais.com.br\/?p=1157"},"modified":"2023-11-12T11:29:18","modified_gmt":"2023-11-12T14:29:18","slug":"vestibulinho-das-etecs-inscricoes-para-o-primeiro-semestre-de-2024-terminam-amanha","status":"publish","type":"post","link":"https:\/\/noticiasregionais.com.br\/?p=1157","title":{"rendered":"Vestibulinho das Etecs: inscri\u00e7\u00f5es para o primeiro semestre de 2024 terminam amanh\u00e3"},"content":{"rendered":"\n<p class=\"has-text-align-center\"><strong>Interessado tem at\u00e9 as 15h desta segunda-feira (13) para se candidatar no processo seletivo das Escolas T\u00e9cnicas Estaduais<\/strong><\/p>\n\n\n\n<p>O per\u00edodo de inscri\u00e7\u00f5es do Vestibulinho das Escolas T\u00e9cnicas Estaduais (Etecs) para o primeiro semestre de 2024 vai at\u00e9 as 15h desta segunda-feira (13) pela&nbsp;<a href=\"https:\/\/www.vestibulinhoetec.com.br\/home\/\" target=\"_blank\" rel=\"noreferrer noopener\">internet<\/a>. Esta \u00e9 uma oportunidade para ter acesso a um ensino de qualidade, de forma gratuita. A prova ser\u00e1 aplicada em 10 de dezembro. O valor da taxa de inscri\u00e7\u00e3o no processo seletivo \u00e9 de R$ 34<\/p>\n\n\n\n<p>As Etecs oferecem&nbsp;91.913 vagas&nbsp;para Cursos T\u00e9cnicos, Ensino M\u00e9dio Integrado ao T\u00e9cnico, Ensino M\u00e9dio em diferentes itiner\u00e1rios formativos, Articula\u00e7\u00e3o da Forma\u00e7\u00e3o Profissional M\u00e9dia e Superior (AMS), Especializa\u00e7\u00f5es T\u00e9cnicas e vagas remanescentes de segundo m\u00f3dulo. O detalhamento dos cursos, vagas e unidades participantes est\u00e3o dispon\u00edveis no site&nbsp;<a href=\"https:\/\/www.vestibulinhoetec.com.br\/unidades-cursos\/\" target=\"_blank\" rel=\"noreferrer noopener\">www.vestibulinhoetec.com.br<\/a>.<\/p>\n\n\n\n<p><strong>Inscri\u00e7\u00f5es<\/strong><\/p>\n\n\n\n<p>Para participar do Vestibulinho das Etecs \u00e9 preciso preencher a ficha dispon\u00edvel no menu \u201c\u00c1rea do candidato\u201d e, em seguida, pagar a taxa de inscri\u00e7\u00e3o. O valor deve ser pago em dinheiro em qualquer ag\u00eancia banc\u00e1ria ou via internet, por meio de aplicativo banc\u00e1rio, ou ainda por meio da ferramenta Getnet dispon\u00edvel no&nbsp;<a href=\"https:\/\/www.vestibulinhoetec.com.br\/home\/\" target=\"_blank\" rel=\"noreferrer noopener\">site oficial<\/a>&nbsp;do processo seletivo, com cart\u00e3o de cr\u00e9dito, at\u00e9 o dia 13 de novembro, \u00e0s 15h.<\/p>\n\n\n\n<p>O preenchimento dos dados \u00e9 de responsabilidade do candidato ou de seu representante legal, quando menor de 16 anos. Mais informa\u00e7\u00f5es sobre o processo de inscri\u00e7\u00e3o e a documenta\u00e7\u00e3o necess\u00e1ria podem ser conferidas na Portaria do Vestibulinho e no Manual do Candidato, dispon\u00edveis na&nbsp;<a href=\"https:\/\/www.vestibulinhoetec.com.br\/home\/\" target=\"_blank\" rel=\"noreferrer noopener\">internet<\/a>.<\/p>\n\n\n\n<p>As Etecs oferecem acesso \u00e0 internet e a computadores para quem deseja fazer a inscri\u00e7\u00e3o. O interessado deve entrar em contato com a unidade para agendar datas e hor\u00e1rios dispon\u00edveis.<\/p>\n\n\n\n<p><strong>Conhe\u00e7a o total de vagas e os requisitos para cada modalidade:<\/strong><\/p>\n\n\n\n<p><strong>Cursos T\u00e9cnicos<\/strong><\/p>\n\n\n\n<p>Para o Ensino T\u00e9cnico (presencial, semipresencial e online), est\u00e3o dispon\u00edveis&nbsp;45.156&nbsp;vagas, destinadas \u00e0s Etecs&nbsp;e \u00e0s classes descentralizadas (unidades que funcionam com um ou mais cursos, sob a administra\u00e7\u00e3o de uma Etec), por meio de parcerias com as prefeituras do interior e da Capital (aulas nos CEUs) e com a Secretaria Estadual da Educa\u00e7\u00e3o para oferta do Ensino T\u00e9cnico em salas de escolas estaduais.<\/p>\n\n\n\n<p>Para concorrer a uma das vagas \u00e9 preciso:<\/p>\n\n\n\n<ul class=\"wp-block-list\">\n<li>Ter conclu\u00eddo ou estar cursando o Ensino M\u00e9dio apresentando o Certificado de Conclus\u00e3o ou a declara\u00e7\u00e3o de que est\u00e1 matriculado a partir da segunda s\u00e9rie do Ensino M\u00e9dio;<\/li>\n\n\n\n<li>Ter conclu\u00eddo ou estar cursando a Educa\u00e7\u00e3o de Jovens e Adultos (EJA) ou o Exame Nacional para Certifica\u00e7\u00e3o de Compet\u00eancias de Jovens e Adultos (Encceja). Neste caso, o candidato deve ter o Certificado de Conclus\u00e3o do Ensino M\u00e9dio ou a declara\u00e7\u00e3o de que est\u00e1 matriculado, a partir do segundo termo da EJA ou dois certificados de aprova\u00e7\u00e3o em \u00e1reas de estudos da EJA\/CEEJA. Ou ainda o Boletim de Aprova\u00e7\u00e3o do Encceja enviado pelo MEC ou o Certificado de aprova\u00e7\u00e3o do Encceja em duas \u00e1reas de estudos avaliadas;<\/li>\n\n\n\n<li>Para o candidato que tenha realizado o Exame Nacional do Ensino M\u00e9dio (Enem), at\u00e9 a edi\u00e7\u00e3o de 2016, \u00e9 preciso apresentar o Certificado ou a Declara\u00e7\u00e3o de Conclus\u00e3o do Ensino M\u00e9dio, expedido por \u00f3rg\u00e3o competente.<\/li>\n<\/ul>\n\n\n\n<p><strong>Ensino M\u00e9dio Integrado ao T\u00e9cnico<\/strong><\/p>\n\n\n\n<p>O processo seletivo disponibiliza&nbsp;40.715 vagas, incluindo as op\u00e7\u00f5es nos per\u00edodos da manh\u00e3, tarde, noite (M-Tec) e integral (M-Tec-PI).<\/p>\n\n\n\n<p><strong>Articula\u00e7\u00e3o da Forma\u00e7\u00e3o Profissional M\u00e9dia e Superior (AMS)<\/strong><\/p>\n\n\n\n<p>A modalidade AMS permite que o estudante conclua o Ensino M\u00e9dio, T\u00e9cnico e Superior em um per\u00edodo de cinco anos. As&nbsp;1.927&nbsp;vagas est\u00e3o dispon\u00edveis em 37 unidades do Estado.<\/p>\n\n\n\n<p><strong>Ensino M\u00e9dio com itiner\u00e1rios formativos<\/strong><\/p>\n\n\n\n<p>S\u00e3o ofertadas 2.580 vagas para o Ensino M\u00e9dio com Itiner\u00e1rios formativos em: Linguagens e suas Tecnologias, Ci\u00eancias Humanas e Sociais Aplicadas; Ci\u00eancias da Natureza e suas Tecnologias; e Matem\u00e1tica e suas Tecnologias.<\/p>\n\n\n\n<p><strong>Requisito para ingresso nos diversos formatos do Ensino M\u00e9dio:<\/strong><\/p>\n\n\n\n<p>O candidato precisa ter certificado de conclus\u00e3o do Ensino Fundamental ou a Declara\u00e7\u00e3o de Conclus\u00e3o, assinada por agente escolar da escola de origem, ou ainda o Exame Nacional para Certifica\u00e7\u00e3o de Compet\u00eancias de Jovens e Adultos (Encceja).<\/p>\n\n\n\n<p><strong>Especializa\u00e7\u00f5es T\u00e9cnicas de N\u00edvel M\u00e9dio<\/strong><\/p>\n\n\n\n<p>Nesta modalidade, o Vestibulinho das Etecs oferece&nbsp;1.535 vagas<strong>,<\/strong>&nbsp;sendo 615 para cursos presenciais e 920 para a modalidade EaD, destinadas ao curso de Especializa\u00e7\u00e3o T\u00e9cnica em Gest\u00e3o de Projetos.<\/p>\n\n\n\n<p>Para concorrer nesta op\u00e7\u00e3o, nos cursos presenciais, \u00e9 preciso ter cursado integralmente e conclu\u00eddo, at\u00e9 10 de janeiro de 2024, o Ensino T\u00e9cnico associado ao Curso de Especializa\u00e7\u00e3o pretendido, conforme rela\u00e7\u00e3o dispon\u00edvel na internet. Para concorrer a uma vaga do curso online, o candidato deve ter cursado integralmente qualquer curso T\u00e9cnico ou Superior at\u00e9 10 de janeiro do pr\u00f3ximo ano.<\/p>\n\n\n\n<p><strong>Vagas remanescentes de segundo m\u00f3dulo<\/strong><\/p>\n\n\n\n<p>Est\u00e3o dispon\u00edveis para os seguintes cursos: Administra\u00e7\u00e3o; Administra\u00e7\u00e3o (EaD); Contabilidade; Desenvolvimento de Sistemas; Desenvolvimento de Sistemas (EaD); Eletroeletr\u00f4nica; Eletr\u00f4nica; Eletrot\u00e9cnica; Guia de Turismo; Guia de Turismo (EaD); Inform\u00e1tica para Internet; Log\u00edstica; Mec\u00e2nica; Recursos Humanos; Seguran\u00e7a do Trabalho.<\/p>\n\n\n\n<p>Para disputar uma vaga o interessado deve estar cursando o terceiro ano do Ensino M\u00e9dio, ou conclu\u00eddo a s\u00e9rie, e comprovar experi\u00eancia profissional na \u00e1rea do curso, por meio de avalia\u00e7\u00e3o e certifica\u00e7\u00e3o de compet\u00eancias referentes ao primeiro m\u00f3dulo.<\/p>\n\n\n\n<p><strong>Inclus\u00e3o Social<\/strong><\/p>\n\n\n\n<p>O&nbsp;Sistema de Pontua\u00e7\u00e3o Acrescida do Centro Paula Souza&nbsp;concede b\u00f4nus de 3% a estudantes afrodescendentes e de 10% a candidatos que tenham cursado integralmente o Ensino Fundamental 2, ou equivalente, integralmente na rede p\u00fablica. Caso o aluno esteja nas duas situa\u00e7\u00f5es, recebe 13% de b\u00f4nus.<\/p>\n\n\n\n<p>\u00c9 preciso verificar na portaria quem tem direito \u00e0 pontua\u00e7\u00e3o acrescida, porque a matr\u00edcula n\u00e3o poder\u00e1 ser realizada e a vaga ser\u00e1 perdida se as informa\u00e7\u00f5es n\u00e3o atenderem \u00e0s condi\u00e7\u00f5es estabelecidas em sua totalidade.<\/p>\n\n\n\n<p>O candidato com defici\u00eancia dever\u00e1 indicar na Ficha de Inscri\u00e7\u00e3o eletr\u00f4nica que necessita de condi\u00e7\u00f5es especiais para realizar a prova e encaminhar o laudo m\u00e9dico, emitido por especialista, descrevendo o tipo e o grau da necessidade, atrav\u00e9s de link espec\u00edfico na ficha dispon\u00edvel na&nbsp;<a href=\"https:\/\/www.vestibulinhoetec.com.br\/home\/\" target=\"_blank\" rel=\"noreferrer noopener\">internet<\/a>, impreterivelmente, at\u00e9 as 15h do dia 13 de novembro.<\/p>\n\n\n\n<p>O&nbsp;candidato transg\u00eanero&nbsp;que desejar ser tratado pelo nome social dever\u00e1 indicar essa informa\u00e7\u00e3o no ato da inscri\u00e7\u00e3o, no campo espec\u00edfico, sem abrevia\u00e7\u00f5es. Tamb\u00e9m \u00e9 preciso enviar durante o per\u00edodo de inscri\u00e7\u00e3o, via&nbsp;<em>upload<\/em>, imagem do RG (frente e verso) e uma foto 3\u00d74 recente.<\/p>\n\n\n\n<p>O calend\u00e1rio completo do Vestibulinho das Etecs est\u00e1 dispon\u00edvel no&nbsp;<a href=\"https:\/\/www.vestibulinhoetec.com.br\/calendario\/\" target=\"_blank\" rel=\"noreferrer noopener\">site<\/a>.<\/p>\n\n\n\n<p>Outras informa\u00e7\u00f5es pelo telefone 0800-772 2829 e pelo site\u00a0<a href=\"http:\/\/www.vestibulinhoetec.com.br\/\" target=\"_blank\" rel=\"noreferrer noopener\">www.vestibulinhoetec.com.br<\/a><\/p>\n\n\n\n<p>Siga o canal \u201cGoverno de S\u00e3o Paulo\u201d no WhatsApp: <a href=\"https:\/\/bit.ly\/govspnozap\" target=\"_blank\" rel=\"noreferrer noopener\">https:\/\/bit.ly\/govspnozap<\/a><\/p>\n<input type=\"hidden\" id=\"baseurl\" value=\"https:\/\/noticiasregionais.com.br\"><input type=\"hidden\" id=\"audio_nonce\" value=\"533fbb67b1\">","protected":false},"excerpt":{"rendered":"<p>Interessado tem at\u00e9 as 15h desta segunda-feira (13) para se candidatar no processo seletivo das Escolas T\u00e9cnicas Estaduais O per\u00edodo&hellip;<\/p>\n","protected":false},"author":1,"featured_media":1159,"comment_status":"closed","ping_status":"open","sticky":false,"template":"","format":"standard","meta":{"sfsi_plus_gutenberg_text_before_share":"","sfsi_plus_gutenberg_show_text_before_share":"","sfsi_plus_gutenberg_icon_type":"","sfsi_plus_gutenberg_icon_alignemt":"","sfsi_plus_gutenburg_max_per_row":"","footnotes":""},"categories":[6,10,1],"tags":[],"class_list":["post-1157","post","type-post","status-publish","format-standard","has-post-thumbnail","hentry","category-sao_paulo","category-destaques","category-noticias"],"_links":{"self":[{"href":"https:\/\/noticiasregionais.com.br\/index.php?rest_route=\/wp\/v2\/posts\/1157","targetHints":{"allow":["GET"]}}],"collection":[{"href":"https:\/\/noticiasregionais.com.br\/index.php?rest_route=\/wp\/v2\/posts"}],"about":[{"href":"https:\/\/noticiasregionais.com.br\/index.php?rest_route=\/wp\/v2\/types\/post"}],"author":[{"embeddable":true,"href":"https:\/\/noticiasregionais.com.br\/index.php?rest_route=\/wp\/v2\/users\/1"}],"replies":[{"embeddable":true,"href":"https:\/\/noticiasregionais.com.br\/index.php?rest_route=%2Fwp%2Fv2%2Fcomments&post=1157"}],"version-history":[{"count":1,"href":"https:\/\/noticiasregionais.com.br\/index.php?rest_route=\/wp\/v2\/posts\/1157\/revisions"}],"predecessor-version":[{"id":1160,"href":"https:\/\/noticiasregionais.com.br\/index.php?rest_route=\/wp\/v2\/posts\/1157\/revisions\/1160"}],"wp:featuredmedia":[{"embeddable":true,"href":"https:\/\/noticiasregionais.com.br\/index.php?rest_route=\/wp\/v2\/media\/1159"}],"wp:attachment":[{"href":"https:\/\/noticiasregionais.com.br\/index.php?rest_route=%2Fwp%2Fv2%2Fmedia&parent=1157"}],"wp:term":[{"taxonomy":"category","embeddable":true,"href":"https:\/\/noticiasregionais.com.br\/index.php?rest_route=%2Fwp%2Fv2%2Fcategories&post=1157"},{"taxonomy":"post_tag","embeddable":true,"href":"https:\/\/noticiasregionais.com.br\/index.php?rest_route=%2Fwp%2Fv2%2Ftags&post=1157"}],"curies":[{"name":"wp","href":"https:\/\/api.w.org\/{rel}","templated":true}]}}