{"id":1161,"date":"2023-11-12T11:53:51","date_gmt":"2023-11-12T14:53:51","guid":{"rendered":"https:\/\/noticiasregionais.com.br\/?p=1161"},"modified":"2023-11-12T11:54:03","modified_gmt":"2023-11-12T14:54:03","slug":"butantan-estuda-molecula-modificada-que-pode-combater-o-alzheimer","status":"publish","type":"post","link":"https:\/\/noticiasregionais.com.br\/?p=1161","title":{"rendered":"Butantan estuda mol\u00e9cula modificada que pode combater o Alzheimer"},"content":{"rendered":"\n<p class=\"has-text-align-center\"><strong>Modificada em laborat\u00f3rio a partir de prote\u00edna encontrada na merluza, a mol\u00e9cula inibiu a principal enzima que causa a doen\u00e7a<\/strong><\/p>\n\n\n\n<p>Uma parceria entre o&nbsp;<a href=\"https:\/\/butantan.gov.br\/institucional\/o-instituto\" target=\"_blank\" rel=\"noreferrer noopener\">Instituto Butantan<\/a>&nbsp;e a Universidade S\u00e3o Francisco (USF) resultou no desenvolvimento de um pept\u00eddeo que pode se tornar um aliado no tratamento do Alzheimer, conforme estudo publicado na Frontiers in Pharmacology.<\/p>\n\n\n\n<p>Modificada em laborat\u00f3rio a partir de uma prote\u00edna encontrada na merluza (Merluccius productus), a mol\u00e9cula inibiu a principal enzima que causa a doen\u00e7a, a BACE-1. O Alzheimer representa 70% dos casos de dem\u00eancia no mundo, com 40 milh\u00f5es pessoas acometidas, segundo a Organiza\u00e7\u00e3o Mundial da Sa\u00fade (OMS). A dem\u00eancia \u00e9 a s\u00e9tima principal causa de morte.<\/p>\n\n\n\n<p>Um dos diferenciais do pept\u00eddeo \u00e9 que ele foi capaz de chegar ao c\u00e9rebro de modelos animais. Nos testes no vidro com neur\u00f4nios afetados pelo Alzheimer, a subst\u00e2ncia bloqueou a atividade da enzima BACE-1. \u201cCom isso, o pept\u00eddeo reduziu a quantidade de beta-amiloides, prote\u00ednas t\u00f3xicas respons\u00e1veis pela doen\u00e7a, mostrando-se um bom candidato para tratamento\u201d, afirma a bi\u00f3loga Juliana Mozer Sciani, orientadora colaboradora do Programa de P\u00f3s-Gradua\u00e7\u00e3o em Toxinologia do Butantan e pesquisadora da Universidade S\u00e3o Francisco.<\/p>\n\n\n\n<p>Juliana, que trabalha com subst\u00e2ncias de animais marinhos h\u00e1 mais de 10 anos, coordenou o trabalho e foi respons\u00e1vel por fazer diversas modifica\u00e7\u00f5es na sequ\u00eancia do pept\u00eddeo e simula\u00e7\u00f5es, utilizando ferramentas de bioinform\u00e1tica, at\u00e9 chegar \u00e0 vers\u00e3o com maior potencial contra a BACE-1. A prote\u00edna original do peixe foi descoberta por pesquisadores da \u00c1sia em 2019 e sua sequ\u00eancia foi disponibilizada em banco de dados.<\/p>\n\n\n\n<p>O novo pept\u00eddeo desenvolvido demonstrou alta estabilidade e possibilidade de chegar ao alvo. Tamb\u00e9m se mostrou seguro e sem toxicidade, de acordo com ensaios em animais saud\u00e1veis feitos no Butantan pelos pesquisadores Bianca Cestari Zychar, respons\u00e1vel pela plataforma multiusu\u00e1rio de Microscopia Intravital, e Lu\u00eds Roberto Gon\u00e7alves, diretor do Laborat\u00f3rio de Fisiopatologia.<\/p>\n\n\n\n<p>Nos modelos animais, duas horas ap\u00f3s sua administra\u00e7\u00e3o, o composto chegou ao c\u00e9rebro. Ele passou pelo pulm\u00e3o, p\u00e2ncreas, ba\u00e7o e f\u00edgado (onde foi metabolizado), mas n\u00e3o se acumulou em nenhum \u00f3rg\u00e3o: depois de seis horas, se concentrou no rim para ser eliminado pela urina. Todos os \u00f3rg\u00e3os ficaram intactos e sem sinal de inflama\u00e7\u00e3o ou danos nas c\u00e9lulas.<\/p>\n\n\n\n<p>\u201cEsse estudo, chamado de farmacocin\u00e9tica, mostra como a subst\u00e2ncia se desloca no organismo. Por que tomamos alguns rem\u00e9dios de 6 em 6 horas, e outros de 12 em 12, por exemplo? Porque foi feita uma an\u00e1lise de como o f\u00e1rmaco se distribui no corpo, para saber quanto tempo leva para ter a a\u00e7\u00e3o e quanto tempo ele demora para sair\u201d, explica Bianca.<\/p>\n\n\n\n<p>Conhecendo o comportamento do pept\u00eddeo em um organismo vivo e sua a\u00e7\u00e3o nos neur\u00f4nios, os cientistas agora ir\u00e3o test\u00e1-lo como um tratamento em modelos animais com a doen\u00e7a de Alzheimer para avaliar a sua efic\u00e1cia.<\/p>\n\n\n\n<p>Ainda h\u00e1 um longo caminho at\u00e9 que o composto possa ser testado em pacientes e transformado em um produto, mas o pept\u00eddeo possui uma s\u00e9rie de vantagens em rela\u00e7\u00e3o a outros semelhantes j\u00e1 descritos. Al\u00e9m de ser est\u00e1vel e conseguir agir durante horas, ele \u00e9 um inibidor revers\u00edvel.<\/p>\n\n\n\n<p>\u201cIsso significa que ele \u2018liga e desliga\u2019 a enzima, enquanto outros a bloqueiam completamente. A inibi\u00e7\u00e3o total pode causar efeitos adversos, j\u00e1 que essa enzima tamb\u00e9m tem um papel fisiol\u00f3gico na neuromodula\u00e7\u00e3o\u201d, destaca Juliana.<\/p>\n\n\n\n<p>Hoje, existem dois grupos de medicamentos aprovados para tratar o Alzheimer, que ajudam a aumentar a expectativa de vida e amenizar sintomas, mas n\u00e3o curam. Eles provocam uma s\u00e9rie de efeitos adversos, como n\u00e1useas, diarreia, alergia, perda de apetite, dor de cabe\u00e7a, confus\u00e3o, tontura e quedas, segundo o Instituto Nacional do Envelhecimento (NIA) dos Estados Unidos.<\/p>\n\n\n\n<p><strong>Compostos de \u00e1gua-viva e an\u00eamona j\u00e1 mostraram a\u00e7\u00e3o contra a doen\u00e7a<\/strong><\/p>\n\n\n\n<p>A bi\u00f3loga Juliana Mozer j\u00e1 descreveu outras subst\u00e2ncias extra\u00eddas da fauna marinha que apresentaram potencial contra&nbsp;doen\u00e7as que atacam o sistema nervoso em trabalhos feitos em colabora\u00e7\u00e3o com o Butantan, com as pesquisadoras Vanessa Zambelli e Gisele Picolo, do Laborat\u00f3rio de Dor e Sinaliza\u00e7\u00e3o, e o ent\u00e3o p\u00f3s-doutorando Hugo Vigerelli, do Laborat\u00f3rio de Gen\u00e9tica, hoje especialista de laborat\u00f3rio.<\/p>\n\n\n\n<p>Em 2021, os cientistas identificaram compostos da \u00e1gua-viva que melhoram a conex\u00e3o entre os neur\u00f4nios. Eles aumentam os neuritos das c\u00e9lulas neuronais, facilitando a conex\u00e3o entre elas.<\/p>\n\n\n\n<p>Em outro estudo, publicado em 2022, foram descobertas mol\u00e9culas na an\u00eamona do mar capazes de reduzir a atividade de uma enzima relacionada \u00e0 neuroinflama\u00e7\u00e3o, a catepsina B. Outro composto da \u00e1gua-viva bloqueou a caspase-1, prote\u00edna tamb\u00e9m importante no desenvolvimento de neuroinflama\u00e7\u00e3o do Alzheimer.<\/p>\n\n\n\n<p>\u201cVenenos e secre\u00e7\u00f5es animais, inclusive os marinhos, s\u00e3o ricos em pept\u00eddeos bioativos, representando um grupo bem sucedido de mol\u00e9culas com alto potencial e que raramente s\u00e3o estudadas e exploradas do ponto de vista farmacol\u00f3gico\u201d, aponta o novo artigo.<\/p>\n\n\n\n<p><strong>Sobre o Alzheimer<\/strong><\/p>\n\n\n\n<p>O Alzheimer \u00e9 uma doen\u00e7a neurodegenerativa multifatorial que acomete mais os idosos. As mudan\u00e7as no c\u00e9rebro podem come\u00e7ar anos antes dos primeiros sintomas aparecerem. No in\u00edcio, ocorre perda de mem\u00f3ria \u2013 que, ao contr\u00e1rio do que muitas pessoas pensam, n\u00e3o \u00e9 algo \u201cnormal\u201d do envelhecimento e precisa ser investigado.<\/p>\n\n\n\n<p>Eventualmente, o paciente pode ter dificuldade de manter uma conversa, responder aos acontecimentos do ambiente e fazer as atividades do dia a dia. Mudan\u00e7as de humor e comportamento s\u00e3o outros sinais. Acredita-se que o Alzheimer tamb\u00e9m tenha um fator gen\u00e9tico, mas que n\u00e3o \u00e9 determinante.<\/p>\n\n\n\n<p>Segundo o Centro de Controle e Preven\u00e7\u00e3o de Doen\u00e7as (CDC) dos Estados Unidos, estudos de longa dura\u00e7\u00e3o sugerem que pr\u00e1ticas saud\u00e1veis, como atividades f\u00edsicas, alimenta\u00e7\u00e3o balanceada e consumo limitado de \u00e1lcool, podem ajudar a reduzir o risco de desenvolver a doen\u00e7a.<\/p>\n\n\n\n<p><sub><strong>fonte: Portal de Governo do Estado de S\u00e3o Paulo<\/strong><\/sub><\/p>\n<input type=\"hidden\" id=\"baseurl\" value=\"https:\/\/noticiasregionais.com.br\"><input type=\"hidden\" id=\"audio_nonce\" value=\"3cdc555a10\">","protected":false},"excerpt":{"rendered":"<p>Modificada em laborat\u00f3rio a partir de prote\u00edna encontrada na merluza, a mol\u00e9cula inibiu a principal enzima que causa a doen\u00e7a&hellip;<\/p>\n","protected":false},"author":1,"featured_media":1162,"comment_status":"closed","ping_status":"open","sticky":false,"template":"","format":"standard","meta":{"sfsi_plus_gutenberg_text_before_share":"","sfsi_plus_gutenberg_show_text_before_share":"","sfsi_plus_gutenberg_icon_type":"","sfsi_plus_gutenberg_icon_alignemt":"","sfsi_plus_gutenburg_max_per_row":"","footnotes":""},"categories":[6,10,1],"tags":[],"class_list":["post-1161","post","type-post","status-publish","format-standard","has-post-thumbnail","hentry","category-sao_paulo","category-destaques","category-noticias"],"_links":{"self":[{"href":"https:\/\/noticiasregionais.com.br\/index.php?rest_route=\/wp\/v2\/posts\/1161","targetHints":{"allow":["GET"]}}],"collection":[{"href":"https:\/\/noticiasregionais.com.br\/index.php?rest_route=\/wp\/v2\/posts"}],"about":[{"href":"https:\/\/noticiasregionais.com.br\/index.php?rest_route=\/wp\/v2\/types\/post"}],"author":[{"embeddable":true,"href":"https:\/\/noticiasregionais.com.br\/index.php?rest_route=\/wp\/v2\/users\/1"}],"replies":[{"embeddable":true,"href":"https:\/\/noticiasregionais.com.br\/index.php?rest_route=%2Fwp%2Fv2%2Fcomments&post=1161"}],"version-history":[{"count":1,"href":"https:\/\/noticiasregionais.com.br\/index.php?rest_route=\/wp\/v2\/posts\/1161\/revisions"}],"predecessor-version":[{"id":1163,"href":"https:\/\/noticiasregionais.com.br\/index.php?rest_route=\/wp\/v2\/posts\/1161\/revisions\/1163"}],"wp:featuredmedia":[{"embeddable":true,"href":"https:\/\/noticiasregionais.com.br\/index.php?rest_route=\/wp\/v2\/media\/1162"}],"wp:attachment":[{"href":"https:\/\/noticiasregionais.com.br\/index.php?rest_route=%2Fwp%2Fv2%2Fmedia&parent=1161"}],"wp:term":[{"taxonomy":"category","embeddable":true,"href":"https:\/\/noticiasregionais.com.br\/index.php?rest_route=%2Fwp%2Fv2%2Fcategories&post=1161"},{"taxonomy":"post_tag","embeddable":true,"href":"https:\/\/noticiasregionais.com.br\/index.php?rest_route=%2Fwp%2Fv2%2Ftags&post=1161"}],"curies":[{"name":"wp","href":"https:\/\/api.w.org\/{rel}","templated":true}]}}