{"id":1164,"date":"2023-11-13T12:04:04","date_gmt":"2023-11-13T15:04:04","guid":{"rendered":"https:\/\/noticiasregionais.com.br\/?p=1164"},"modified":"2023-11-13T12:04:15","modified_gmt":"2023-11-13T15:04:15","slug":"tragedia-em-ribeirao-do-pinhal-pr-jovem-e-morto-a-tiros-em-ataque-noturno","status":"publish","type":"post","link":"https:\/\/noticiasregionais.com.br\/?p=1164","title":{"rendered":"Trag\u00e9dia em Ribeir\u00e3o do Pinhal\/PR: Jovem \u00e9 Morto a Tiros em Ataque Noturno"},"content":{"rendered":"\n<p>Na madrugada de 12 de novembro de 2023, a tranquila cidade de Ribeir\u00e3o do Pinhal foi palco de uma trag\u00e9dia que chocou seus moradores. Por volta da 01h00min, a Pol\u00edcia Militar do Paran\u00e1 (PMPR), atrav\u00e9s do 2\u00ba Comando Regional da Pol\u00edcia Militar (2\u00ba CRPM) e do 2\u00ba Batalh\u00e3o da Pol\u00edcia Militar (2\u00ba BPM), foi acionada para atender a uma ocorr\u00eancia de disparos de arma de fogo na Rua Lizimaco Ferreira da Costa.<\/p>\n\n\n\n<p>Ao chegarem ao local, os policiais depararam-se com uma cena assustadora: estojos de muni\u00e7\u00f5es calibres 9mm e gauge 12 espalhados pela rua, indicando a viol\u00eancia do incidente. A v\u00edtima, um jovem de apenas 18 anos, estava ca\u00edda no ch\u00e3o, v\u00edtima dos disparos.<\/p>\n\n\n\n<p>A equipe do Servi\u00e7o de Atendimento M\u00f3vel de Urg\u00eancia (SAMU) foi acionada e, ao chegar, constatou o \u00f3bito do jovem. A identidade da v\u00edtima n\u00e3o foi divulgada pela pol\u00edcia at\u00e9 o momento desta reportagem.<\/p>\n\n\n\n<p>Segundo informa\u00e7\u00f5es obtidas no local, a m\u00e3e e o irm\u00e3o da v\u00edtima relataram ter avistado tr\u00eas indiv\u00edduos encapuzados efetuando os disparos em dire\u00e7\u00e3o ao jovem, mas n\u00e3o conseguiram fornecer detalhes adicionais sobre os agressores. A motiva\u00e7\u00e3o por tr\u00e1s do ataque ainda \u00e9 desconhecida.<\/p>\n\n\n\n<p>A pol\u00edcia est\u00e1 trabalhando ativamente para esclarecer as circunst\u00e2ncias do crime. Peritos criminais estiveram no local para coletar evid\u00eancias, incluindo os estojos de muni\u00e7\u00e3o, na esperan\u00e7a de encontrar pistas que levem \u00e0 identifica\u00e7\u00e3o e captura dos respons\u00e1veis.<\/p>\n\n\n\n<p>O corpo do jovem foi encaminhado ao Instituto M\u00e9dico Legal (IML) para aut\u00f3psia, enquanto familiares e amigos tentam compreender a trag\u00e9dia que abalou a pacata Ribeir\u00e3o do Pinhal.<\/p>\n\n\n\n<p>Autoridades pedem \u00e0 popula\u00e7\u00e3o que colabore com informa\u00e7\u00f5es que possam ajudar na investiga\u00e7\u00e3o, incentivando quem souber de qualquer detalhe relacionado ao caso a entrar em contato com a Pol\u00edcia Militar atrav\u00e9s do n\u00famero de emerg\u00eancia.<\/p>\n<input type=\"hidden\" id=\"baseurl\" value=\"https:\/\/noticiasregionais.com.br\"><input type=\"hidden\" id=\"audio_nonce\" value=\"533fbb67b1\">","protected":false},"excerpt":{"rendered":"<p>Na madrugada de 12 de novembro de 2023, a tranquila cidade de Ribeir\u00e3o do Pinhal foi palco de uma trag\u00e9dia&hellip;<\/p>\n","protected":false},"author":1,"featured_media":1165,"comment_status":"closed","ping_status":"open","sticky":false,"template":"","format":"standard","meta":{"sfsi_plus_gutenberg_text_before_share":"","sfsi_plus_gutenberg_show_text_before_share":"","sfsi_plus_gutenberg_icon_type":"","sfsi_plus_gutenberg_icon_alignemt":"","sfsi_plus_gutenburg_max_per_row":"","footnotes":""},"categories":[7,12,1],"tags":[],"class_list":["post-1164","post","type-post","status-publish","format-standard","has-post-thumbnail","hentry","category-parana","category-capa","category-noticias"],"_links":{"self":[{"href":"https:\/\/noticiasregionais.com.br\/index.php?rest_route=\/wp\/v2\/posts\/1164","targetHints":{"allow":["GET"]}}],"collection":[{"href":"https:\/\/noticiasregionais.com.br\/index.php?rest_route=\/wp\/v2\/posts"}],"about":[{"href":"https:\/\/noticiasregionais.com.br\/index.php?rest_route=\/wp\/v2\/types\/post"}],"author":[{"embeddable":true,"href":"https:\/\/noticiasregionais.com.br\/index.php?rest_route=\/wp\/v2\/users\/1"}],"replies":[{"embeddable":true,"href":"https:\/\/noticiasregionais.com.br\/index.php?rest_route=%2Fwp%2Fv2%2Fcomments&post=1164"}],"version-history":[{"count":1,"href":"https:\/\/noticiasregionais.com.br\/index.php?rest_route=\/wp\/v2\/posts\/1164\/revisions"}],"predecessor-version":[{"id":1166,"href":"https:\/\/noticiasregionais.com.br\/index.php?rest_route=\/wp\/v2\/posts\/1164\/revisions\/1166"}],"wp:featuredmedia":[{"embeddable":true,"href":"https:\/\/noticiasregionais.com.br\/index.php?rest_route=\/wp\/v2\/media\/1165"}],"wp:attachment":[{"href":"https:\/\/noticiasregionais.com.br\/index.php?rest_route=%2Fwp%2Fv2%2Fmedia&parent=1164"}],"wp:term":[{"taxonomy":"category","embeddable":true,"href":"https:\/\/noticiasregionais.com.br\/index.php?rest_route=%2Fwp%2Fv2%2Fcategories&post=1164"},{"taxonomy":"post_tag","embeddable":true,"href":"https:\/\/noticiasregionais.com.br\/index.php?rest_route=%2Fwp%2Fv2%2Ftags&post=1164"}],"curies":[{"name":"wp","href":"https:\/\/api.w.org\/{rel}","templated":true}]}}