{"id":1167,"date":"2023-11-13T12:33:31","date_gmt":"2023-11-13T15:33:31","guid":{"rendered":"https:\/\/noticiasregionais.com.br\/?p=1167"},"modified":"2023-11-13T12:33:43","modified_gmt":"2023-11-13T15:33:43","slug":"prefeitura-de-ourinhos-oferece-exames-preventivos-contra-o-cancer-de-prostata-em-todas-ubs-e-cta-coas","status":"publish","type":"post","link":"https:\/\/noticiasregionais.com.br\/?p=1167","title":{"rendered":"Prefeitura de Ourinhos oferece exames preventivos contra o c\u00e2ncer de pr\u00f3stata em todas UBS e CTA\/COAS"},"content":{"rendered":"\n<p>A Prefeitura de Ourinhos, por meio da Secretaria Municipal de Sa\u00fade, est\u00e1 realizando a campanha Novembro Azul, com o objetivo de combater o c\u00e2ncer de pr\u00f3stata e promover a conscientiza\u00e7\u00e3o sobre a import\u00e2ncia da preven\u00e7\u00e3o da doen\u00e7a.<\/p>\n\n\n\n<p>A programa\u00e7\u00e3o da campanha oferece coleta de exames de livre demanda, que est\u00e1 sendo realizada em todas as Unidades de Sa\u00fade de Ourinhos. Os hor\u00e1rios para a coleta ocorrem diariamente, das 8h \u00e0s 15h, proporcionando ampla acessibilidade para os interessados em realizar os exames. Essa medida visa eliminar barreiras que possam impedir os homens de buscar a preven\u00e7\u00e3o e identifica\u00e7\u00e3o precoce do c\u00e2ncer de pr\u00f3stata.<\/p>\n\n\n\n<p>Al\u00e9m disso, o CTA\/COAS est\u00e1 estendendo seu hor\u00e1rio de atendimento durante todo o m\u00eas de novembro. Os exames de pr\u00f3stata est\u00e3o dispon\u00edveis das 8h \u00e0s 18h, tornando mais flex\u00edvel o acesso aos servi\u00e7os de sa\u00fade, para que mais homens possam realizar seus exames de preven\u00e7\u00e3o.<\/p>\n\n\n\n<p>A campanha do Novembro Azul visa quebrar estigmas e tabus que muitas vezes impedem os homens de cuidar da pr\u00f3pria sa\u00fade, especialmente no que diz respeito \u00e0 preven\u00e7\u00e3o do c\u00e2ncer de pr\u00f3stata. A conscientiza\u00e7\u00e3o sobre a import\u00e2ncia dos exames regulares, como o PSA (Ant\u00edgeno Prost\u00e1tico Espec\u00edfico) e o toque retal, \u00e9 crucial para a identifica\u00e7\u00e3o precoce da doen\u00e7a, aumentando as chances de tratamento bem-sucedido.<\/p>\n<input type=\"hidden\" id=\"baseurl\" value=\"https:\/\/noticiasregionais.com.br\"><input type=\"hidden\" id=\"audio_nonce\" value=\"533fbb67b1\">","protected":false},"excerpt":{"rendered":"<p>A Prefeitura de Ourinhos, por meio da Secretaria Municipal de Sa\u00fade, est\u00e1 realizando a campanha Novembro Azul, com o objetivo&hellip;<\/p>\n","protected":false},"author":1,"featured_media":1168,"comment_status":"closed","ping_status":"open","sticky":false,"template":"","format":"standard","meta":{"sfsi_plus_gutenberg_text_before_share":"","sfsi_plus_gutenberg_show_text_before_share":"","sfsi_plus_gutenberg_icon_type":"","sfsi_plus_gutenberg_icon_alignemt":"","sfsi_plus_gutenburg_max_per_row":"","footnotes":""},"categories":[5,10,1],"tags":[],"class_list":["post-1167","post","type-post","status-publish","format-standard","has-post-thumbnail","hentry","category-ourinhos","category-destaques","category-noticias"],"_links":{"self":[{"href":"https:\/\/noticiasregionais.com.br\/index.php?rest_route=\/wp\/v2\/posts\/1167","targetHints":{"allow":["GET"]}}],"collection":[{"href":"https:\/\/noticiasregionais.com.br\/index.php?rest_route=\/wp\/v2\/posts"}],"about":[{"href":"https:\/\/noticiasregionais.com.br\/index.php?rest_route=\/wp\/v2\/types\/post"}],"author":[{"embeddable":true,"href":"https:\/\/noticiasregionais.com.br\/index.php?rest_route=\/wp\/v2\/users\/1"}],"replies":[{"embeddable":true,"href":"https:\/\/noticiasregionais.com.br\/index.php?rest_route=%2Fwp%2Fv2%2Fcomments&post=1167"}],"version-history":[{"count":1,"href":"https:\/\/noticiasregionais.com.br\/index.php?rest_route=\/wp\/v2\/posts\/1167\/revisions"}],"predecessor-version":[{"id":1169,"href":"https:\/\/noticiasregionais.com.br\/index.php?rest_route=\/wp\/v2\/posts\/1167\/revisions\/1169"}],"wp:featuredmedia":[{"embeddable":true,"href":"https:\/\/noticiasregionais.com.br\/index.php?rest_route=\/wp\/v2\/media\/1168"}],"wp:attachment":[{"href":"https:\/\/noticiasregionais.com.br\/index.php?rest_route=%2Fwp%2Fv2%2Fmedia&parent=1167"}],"wp:term":[{"taxonomy":"category","embeddable":true,"href":"https:\/\/noticiasregionais.com.br\/index.php?rest_route=%2Fwp%2Fv2%2Fcategories&post=1167"},{"taxonomy":"post_tag","embeddable":true,"href":"https:\/\/noticiasregionais.com.br\/index.php?rest_route=%2Fwp%2Fv2%2Ftags&post=1167"}],"curies":[{"name":"wp","href":"https:\/\/api.w.org\/{rel}","templated":true}]}}