{"id":1170,"date":"2023-11-13T12:43:14","date_gmt":"2023-11-13T15:43:14","guid":{"rendered":"https:\/\/noticiasregionais.com.br\/?p=1170"},"modified":"2023-11-13T12:44:16","modified_gmt":"2023-11-13T15:44:16","slug":"governo-lula-nao-investiu-nem-um-centavo-em-novo-programa-de-alfabetizacao","status":"publish","type":"post","link":"https:\/\/noticiasregionais.com.br\/?p=1170","title":{"rendered":"Governo Lula n\u00e3o investiu nem um centavo em novo programa de alfabetiza\u00e7\u00e3o"},"content":{"rendered":"\n<p class=\"has-text-align-center\"><strong>A promessa era de um investimento de R$ 1 bilh\u00e3o neste ano e mais R$ 2 bilh\u00f5es at\u00e9 2026<\/strong><\/p>\n\n\n\n<p>A menos de dois meses do fim do ano, o MEC (Minist\u00e9rio da Educa\u00e7\u00e3o) patina nos investimentos em duas das principais bandeiras do governo Lula (PT) para educa\u00e7\u00e3o b\u00e1sica: alfabetiza\u00e7\u00e3o e tempo integral.<\/p>\n\n\n\n<p>Para o fomento de escolas de tempo estendido, s\u00f3 41% dos R$ 1 bilh\u00e3o da dota\u00e7\u00e3o prevista foram executados at\u00e9 agora &#8211; a maior parte desta verba n\u00e3o tem rela\u00e7\u00e3o com a nova pol\u00edtica desse tema.<\/p>\n\n\n\n<p>No caso da alfabetiza\u00e7\u00e3o, a situa\u00e7\u00e3o \u00e9 ainda pior.<\/p>\n\n\n\n<p>A pasta n\u00e3o empenhou nenhum centavo dos R$ 801 milh\u00f5es previstos no or\u00e7amento de 2023 para o novo projeto que promete resolver os desafios no aprendizado de leitura e escrita das crian\u00e7as brasileiras. Em junho, o governo lan\u00e7ou, em evento no Pal\u00e1cio do Planalto, o novo Compromisso Nacional Crian\u00e7a Alfabetizada.<\/p>\n\n\n\n<p>A promessa foi de um investimento de R$ 1 bilh\u00e3o neste ano e mais R$ 2 bilh\u00f5es at\u00e9 2026. O governo Lula elegeu a educa\u00e7\u00e3o b\u00e1sica como prioridade, com foco na alfabetiza\u00e7\u00e3o. O ministro da Educa\u00e7\u00e3o, Camilo Santana (PT), chegou \u00e0 pasta amparado no discurso de que o sucesso nas pol\u00edticas da \u00e1rea no Cear\u00e1, estado que governou, seria estendido ao pa\u00eds.<\/p>\n\n\n\n<p>At\u00e9 agora, as redes de ensino estaduais e municipais n\u00e3o receberam nenhum recurso do compromisso. O MEC nem sequer empenhou qualquer valor. O empenho uma reserva do recurso para determinada a\u00e7\u00e3o.<\/p>\n\n\n\n<p>A expectativa era que o dinheiro fosse usado este ano em a\u00e7\u00f5es de forma\u00e7\u00e3o de professores e confec\u00e7\u00e3o de materiais. Escolas tamb\u00e9m receberiam recursos para estruturar cantinhos de leitura nas salas. Nada disso ocorreu.<\/p>\n\n\n\n<p>Dessa forma, qualquer efeito na sala de aula s\u00f3 chegar\u00e1 no pr\u00f3ximo ano. Secret\u00e1rios de Educa\u00e7\u00e3o afirmam que, a depender da libera\u00e7\u00e3o do recurso, o ano letivo de 2024 pode come\u00e7ar sem que iniciativas voltadas para o tema estejam ocorrendo.<\/p>\n\n\n\n<p>Quase 60% das crian\u00e7as brasileiras n\u00e3o sabem ler e escrever ao fim do 2\u00ba ano do ensino fundamental, segundo dados do MEC. O compromisso de Lula e Camilo almeja 100% dos alunos alfabetizados na idade certa. O foco s\u00e3o crian\u00e7as dos dois primeiros anos, cerca de 4 milh\u00f5es de estudantes.<\/p>\n\n\n\n<p>Em nota, o MEC diz que atua no estabelecimento de um pacto federativo e na elabora\u00e7\u00e3o de sistemas operacionais. &#8220;As equipes t\u00e9cnicas do MEC trabalham para viabilizar, da forma mais c\u00e9lere poss\u00edvel, o repasse de recursos \u00e0s redes&#8221;.<\/p>\n\n\n\n<p>Se levado em conta todas as rubricas de alfabetiza\u00e7\u00e3o, que incluem, por exemplo, bolsas para ensino de jovens e adultos, o MEC pagou R$ 20,3 milh\u00f5es \u00e0s redes de ensino no ano. Isso representa 2% do total or\u00e7ado.<\/p>\n\n\n\n<p>No ano passado, \u00faltimo do governo Jair Bolsonaro (PL), as rubricas relacionadas ao tema encerraram o ano com execu\u00e7\u00e3o de R$ 233 milh\u00f5es, em valore atualizado pela infla\u00e7\u00e3o.<\/p>\n\n\n\n<p>Os dados do or\u00e7amento s\u00e3o p\u00fablicos e foram coletados no Siop (Sistema Integrado de Planejamento e Or\u00e7amento), do Minist\u00e9rio do Planejamento.<\/p>\n\n\n\n<p>Houve demora na defini\u00e7\u00e3o da pol\u00edtica de alfabetiza\u00e7\u00e3o. Ela havia sido prometida por Camilo para os primeiros 100 dias de governo, mas s\u00f3 foi anunciada em junho.<\/p>\n\n\n\n<p>Secret\u00e1rios de Educa\u00e7\u00e3o, especialistas e integrantes do governo relataram \u00e0 Folha que h\u00e1 dificuldades de articula\u00e7\u00e3o interna na equipe do MEC, o que tem colaborado com o ritmo da execu\u00e7\u00e3o das a\u00e7\u00f5es.<\/p>\n\n\n\n<p>O aumento de investimentos tem sido central no discurso de realiza\u00e7\u00f5es do governo Lula. A gest\u00e3o aumentou o or\u00e7amento para merenda escolar e ampliou o valor das bolsas de pesquisa, por exemplo.<\/p>\n\n\n\n<p>Com rela\u00e7\u00e3o \u00e0 alfabetiza\u00e7\u00e3o, o trabalho at\u00e9 agora esteve focado em compor uma s\u00e9rie de inst\u00e2ncias de articula\u00e7\u00e3o entre Uni\u00e3o, estados e munic\u00edpios. O compromisso aposta na incid\u00eancia dos estados com os respectivos munic\u00edpios e em inst\u00e2ncias colaborativas de governan\u00e7a &#8211; o que \u00e9 inspirado no Cear\u00e1.<\/p>\n\n\n\n<p>Houve ades\u00e3o de todas as redes estaduais e 97% das prefeituras, segundo o MEC. A escolha de articuladores locais tamb\u00e9m faz parte das a\u00e7\u00f5es em curso.<\/p>\n\n\n\n<p>O presidente da Undime (que representa dirigentes municipais de educa\u00e7\u00e3o), Alessio Costa Lima, diz que uma maior brevidade dos prazos de pagamentos seria positiva, mas ressalta a import\u00e2ncia da constru\u00e7\u00e3o dos arranjos federativos.<\/p>\n\n\n\n<p>&#8220;Foi um ano de estrutura\u00e7\u00e3o da pol\u00edtica e a pactua\u00e7\u00e3o nas tr\u00eas inst\u00e2ncias, ponto central para o sucesso da pol\u00edtica, n\u00e3o \u00e9 algo trivial&#8221;, diz. &#8220;O programa vai ter efetividade, com todas as a\u00e7\u00f5es no ch\u00e3o da escola, em 2024&#8221;.<\/p>\n\n\n\n<p>O secret\u00e1rio de educa\u00e7\u00e3o do estado do Par\u00e1, Rossieli Soares, diz que as pol\u00edticas anunciadas mostram um rumo certo, mas a demora na execu\u00e7\u00e3o or\u00e7ament\u00e1ria \u00e9 um entrave para a organiza\u00e7\u00e3o das redes.<\/p>\n\n\n\n<p>&#8220;\u00c9 importante que as pol\u00edticas se efetivem com os recursos chegando, para que estados e munic\u00edpios consigam organizar o ano letivo. Se o dinheiro chegar muito no fim do ano, prejudica o processo e planejamento do in\u00edcio do ano letivo&#8221;, diz ele, que foi ministro de Educa\u00e7\u00e3o no governo Michel Temer (MDB).<\/p>\n\n\n\n<p>A rede paraense \u00e9 uma das que n\u00e3o recebeu recursos novos para tempo integral. &#8220;\u00c9 fundamental que tenhamos os recursos para reformas, compra de equipamento, para que a gente consiga fazer a escola funcionar com os hor\u00e1rios estendidos&#8221;.<\/p>\n\n\n\n<p>A Uni\u00e3o transferiu R$ 427 milh\u00f5es para fomentar matr\u00edculas de tempo integral at\u00e9 agora. Mais da metade (R$ 242 milh\u00f5es) refere-se ao programa de apoio de tempo integral no ensino m\u00e9dio criado no governo Temer e cujas transfer\u00eancias j\u00e1 foram pactuadas.<\/p>\n\n\n\n<p>O programa do governo Lula visa ampliar?em?1 milh\u00e3o o n\u00famero de matr\u00edculas?de tempo?integral at\u00e9 o ano que vem.<\/p>\n\n\n\n<p>O percentual de alunos em tempo integral \u00e9 de 11% nos anos iniciais do ensino fundamental e 14% no finais, segundo o Censo escolar de 2022. No ensino m\u00e9dio, \u00e9 20,4%.<\/p>\n\n\n\n<p>O MEC afirmou em nota que o novo programa de tempo integral teve ades\u00e3o de todos os estados e 85% dos munic\u00edpios. A promessa \u00e9 um repasse de R$ 4 bilh\u00f5es at\u00e9 o ano que vem.<\/p>\n\n\n\n<p>&#8220;A execu\u00e7\u00e3o do or\u00e7amento ser\u00e1 realizada em sua totalidade, j\u00e1 que a pactua\u00e7\u00e3o atingiu a meta de matr\u00edculas&#8221;, diz a nota. A pasta ressalta que, em respeito ao pacto federativo, atua como articulador das pol\u00edticas implementadas, &#8220;sempre em colabora\u00e7\u00e3o com estados e munic\u00edpios, executores das a\u00e7\u00f5es acordadas&#8221;.<\/p>\n\n\n\n<p><strong><sub>fonte: Sampi \/ Folhapress<\/sub><\/strong><\/p>\n<input type=\"hidden\" id=\"baseurl\" value=\"https:\/\/noticiasregionais.com.br\"><input type=\"hidden\" id=\"audio_nonce\" value=\"533fbb67b1\">","protected":false},"excerpt":{"rendered":"<p>A promessa era de um investimento de R$ 1 bilh\u00e3o neste ano e mais R$ 2 bilh\u00f5es at\u00e9 2026 A&hellip;<\/p>\n","protected":false},"author":1,"featured_media":1171,"comment_status":"closed","ping_status":"open","sticky":false,"template":"","format":"standard","meta":{"sfsi_plus_gutenberg_text_before_share":"","sfsi_plus_gutenberg_show_text_before_share":"","sfsi_plus_gutenberg_icon_type":"","sfsi_plus_gutenberg_icon_alignemt":"","sfsi_plus_gutenburg_max_per_row":"","footnotes":""},"categories":[8,10,1],"tags":[],"class_list":["post-1170","post","type-post","status-publish","format-standard","has-post-thumbnail","hentry","category-brasil","category-destaques","category-noticias"],"_links":{"self":[{"href":"https:\/\/noticiasregionais.com.br\/index.php?rest_route=\/wp\/v2\/posts\/1170","targetHints":{"allow":["GET"]}}],"collection":[{"href":"https:\/\/noticiasregionais.com.br\/index.php?rest_route=\/wp\/v2\/posts"}],"about":[{"href":"https:\/\/noticiasregionais.com.br\/index.php?rest_route=\/wp\/v2\/types\/post"}],"author":[{"embeddable":true,"href":"https:\/\/noticiasregionais.com.br\/index.php?rest_route=\/wp\/v2\/users\/1"}],"replies":[{"embeddable":true,"href":"https:\/\/noticiasregionais.com.br\/index.php?rest_route=%2Fwp%2Fv2%2Fcomments&post=1170"}],"version-history":[{"count":2,"href":"https:\/\/noticiasregionais.com.br\/index.php?rest_route=\/wp\/v2\/posts\/1170\/revisions"}],"predecessor-version":[{"id":1173,"href":"https:\/\/noticiasregionais.com.br\/index.php?rest_route=\/wp\/v2\/posts\/1170\/revisions\/1173"}],"wp:featuredmedia":[{"embeddable":true,"href":"https:\/\/noticiasregionais.com.br\/index.php?rest_route=\/wp\/v2\/media\/1171"}],"wp:attachment":[{"href":"https:\/\/noticiasregionais.com.br\/index.php?rest_route=%2Fwp%2Fv2%2Fmedia&parent=1170"}],"wp:term":[{"taxonomy":"category","embeddable":true,"href":"https:\/\/noticiasregionais.com.br\/index.php?rest_route=%2Fwp%2Fv2%2Fcategories&post=1170"},{"taxonomy":"post_tag","embeddable":true,"href":"https:\/\/noticiasregionais.com.br\/index.php?rest_route=%2Fwp%2Fv2%2Ftags&post=1170"}],"curies":[{"name":"wp","href":"https:\/\/api.w.org\/{rel}","templated":true}]}}