{"id":1174,"date":"2023-11-14T06:43:17","date_gmt":"2023-11-14T09:43:17","guid":{"rendered":"https:\/\/noticiasregionais.com.br\/?p=1174"},"modified":"2023-11-14T06:43:20","modified_gmt":"2023-11-14T09:43:20","slug":"forca-tatica-do-31o-bpmi-prende-individuo-por-trafico-de-drogas-em-santa-cruz-do-rio-pardo","status":"publish","type":"post","link":"https:\/\/noticiasregionais.com.br\/?p=1174","title":{"rendered":"For\u00e7a T\u00e1tica do 31\u00ba BPMI prende indiv\u00edduo por tr\u00e1fico de drogas em Santa Cruz do Rio Pardo"},"content":{"rendered":"\n<p>Na noite desta ter\u00e7a-feira, a equipe de For\u00e7a T\u00e1tica do 31\u00ba Batalh\u00e3o de Pol\u00edcia Militar do Interior realizou uma opera\u00e7\u00e3o bem-sucedida que resultou na pris\u00e3o de um indiv\u00edduo por tr\u00e1fico de drogas no Bairro Divineia, na cidade de Santa Cruz do Rio Pardo.<\/p>\n\n\n\n<p>A a\u00e7\u00e3o teve in\u00edcio durante um patrulhamento t\u00e1tico pela regi\u00e3o, quando os policiais avistaram um indiv\u00edduo em uma motocicleta que, ao perceber a presen\u00e7a policial, tentou empreender fuga pelo bairro. A r\u00e1pida resposta da equipe de For\u00e7a T\u00e1tica resultou na abordagem do suspeito logo \u00e0 frente.<\/p>\n\n\n\n<p>A suspeita em rela\u00e7\u00e3o ao indiv\u00edduo j\u00e1 era refor\u00e7ada por diversas den\u00fancias sobre atividades relacionadas ao tr\u00e1fico de drogas. Diante disso, os policiais questionaram o suspeito sobre a poss\u00edvel presen\u00e7a de entorpecentes em sua resid\u00eancia. O suspeito confirmou a suspeita, indicando que guardava uma quantidade significativa de drogas em sua casa.<\/p>\n\n\n\n<p>Ao realizar a busca na resid\u00eancia do indiv\u00edduo, os policiais encontraram subst\u00e2ncias il\u00edcitas, incluindo crack e coca\u00edna, al\u00e9m de dinheiro e apetrechos relacionados ao tr\u00e1fico de drogas. A confirma\u00e7\u00e3o das den\u00fancias fortaleceu a a\u00e7\u00e3o da equipe da For\u00e7a T\u00e1tica, que conduziu o suspeito e as evid\u00eancias at\u00e9 a Central de Pol\u00edcia Judici\u00e1ria de Ourinhos.<\/p>\n\n\n\n<p>Na delegacia, o indiv\u00edduo permaneceu sob cust\u00f3dia, aguardando as provid\u00eancias legais. A opera\u00e7\u00e3o bem-sucedida da For\u00e7a T\u00e1tica refor\u00e7a o compromisso das for\u00e7as de seguran\u00e7a em combater o tr\u00e1fico de drogas e garantir a seguran\u00e7a da popula\u00e7\u00e3o local.<\/p>\n\n\n\n<p>A Pol\u00edcia Militar ressalta a import\u00e2ncia das den\u00fancias da comunidade, que contribu\u00edram para o sucesso dessa a\u00e7\u00e3o, e refor\u00e7a o compromisso em continuar atuando de maneira eficiente no combate ao crime na regi\u00e3o.<\/p>\n<input type=\"hidden\" id=\"baseurl\" value=\"https:\/\/noticiasregionais.com.br\"><input type=\"hidden\" id=\"audio_nonce\" value=\"533fbb67b1\">","protected":false},"excerpt":{"rendered":"<p>Na noite desta ter\u00e7a-feira, a equipe de For\u00e7a T\u00e1tica do 31\u00ba Batalh\u00e3o de Pol\u00edcia Militar do Interior realizou uma opera\u00e7\u00e3o&hellip;<\/p>\n","protected":false},"author":1,"featured_media":1175,"comment_status":"closed","ping_status":"open","sticky":false,"template":"","format":"standard","meta":{"sfsi_plus_gutenberg_text_before_share":"","sfsi_plus_gutenberg_show_text_before_share":"","sfsi_plus_gutenberg_icon_type":"","sfsi_plus_gutenberg_icon_alignemt":"","sfsi_plus_gutenburg_max_per_row":"","footnotes":""},"categories":[6,10,1],"tags":[],"class_list":["post-1174","post","type-post","status-publish","format-standard","has-post-thumbnail","hentry","category-sao_paulo","category-destaques","category-noticias"],"_links":{"self":[{"href":"https:\/\/noticiasregionais.com.br\/index.php?rest_route=\/wp\/v2\/posts\/1174","targetHints":{"allow":["GET"]}}],"collection":[{"href":"https:\/\/noticiasregionais.com.br\/index.php?rest_route=\/wp\/v2\/posts"}],"about":[{"href":"https:\/\/noticiasregionais.com.br\/index.php?rest_route=\/wp\/v2\/types\/post"}],"author":[{"embeddable":true,"href":"https:\/\/noticiasregionais.com.br\/index.php?rest_route=\/wp\/v2\/users\/1"}],"replies":[{"embeddable":true,"href":"https:\/\/noticiasregionais.com.br\/index.php?rest_route=%2Fwp%2Fv2%2Fcomments&post=1174"}],"version-history":[{"count":1,"href":"https:\/\/noticiasregionais.com.br\/index.php?rest_route=\/wp\/v2\/posts\/1174\/revisions"}],"predecessor-version":[{"id":1176,"href":"https:\/\/noticiasregionais.com.br\/index.php?rest_route=\/wp\/v2\/posts\/1174\/revisions\/1176"}],"wp:featuredmedia":[{"embeddable":true,"href":"https:\/\/noticiasregionais.com.br\/index.php?rest_route=\/wp\/v2\/media\/1175"}],"wp:attachment":[{"href":"https:\/\/noticiasregionais.com.br\/index.php?rest_route=%2Fwp%2Fv2%2Fmedia&parent=1174"}],"wp:term":[{"taxonomy":"category","embeddable":true,"href":"https:\/\/noticiasregionais.com.br\/index.php?rest_route=%2Fwp%2Fv2%2Fcategories&post=1174"},{"taxonomy":"post_tag","embeddable":true,"href":"https:\/\/noticiasregionais.com.br\/index.php?rest_route=%2Fwp%2Fv2%2Ftags&post=1174"}],"curies":[{"name":"wp","href":"https:\/\/api.w.org\/{rel}","templated":true}]}}