{"id":1177,"date":"2023-11-14T08:57:30","date_gmt":"2023-11-14T11:57:30","guid":{"rendered":"https:\/\/noticiasregionais.com.br\/?p=1177"},"modified":"2023-11-14T08:57:34","modified_gmt":"2023-11-14T11:57:34","slug":"prefeitura-de-ourinhos-recebe-resposta-da-cetesb-sobre-intervencoes-no-lago-da-fapi","status":"publish","type":"post","link":"https:\/\/noticiasregionais.com.br\/?p=1177","title":{"rendered":"Prefeitura de Ourinhos recebe resposta da CETESB sobre interven\u00e7\u00f5es no Lago da FAPI"},"content":{"rendered":"\n<p class=\"has-text-align-center\"><strong>Documento autoriza interven\u00e7\u00f5es, mas revela uma s\u00e9rie de desafios para a instala\u00e7\u00e3o de uma praia no local<\/strong><\/p>\n\n\n\n<p>O an\u00fancio feito pelo Prefeito Municipal de Ourinhos, Lucas Pocay Alves da Silva, em 25 de setembro de 2023, de que a cidade contaria com uma praia, gerou muitos questionamentos, elogios e preocupa\u00e7\u00f5es entre uma parcela mais atenta da sociedade.<br>O local escolhido para essa implanta\u00e7\u00e3o foi o Lago do Parque Olavo Ferreira de S\u00e1, que recebe \u00e1gua do c\u00f3rrego das Furnas, o qual possui quatro nascentes em pontos distintos do munic\u00edpio e atravessa alguns bairros antes de chegar ao reservat\u00f3rio.<\/p>\n\n\n<div class=\"wp-block-image\">\n<figure class=\"aligncenter size-full\"><img decoding=\"async\" width=\"714\" height=\"658\" src=\"https:\/\/noticiasregionais.com.br\/wp-content\/uploads\/2023\/11\/Bacia-do-Corrego-Furnas.jpg\" alt=\"\" class=\"wp-image-1182\" srcset=\"https:\/\/noticiasregionais.com.br\/wp-content\/uploads\/2023\/11\/Bacia-do-Corrego-Furnas.jpg 714w, https:\/\/noticiasregionais.com.br\/wp-content\/uploads\/2023\/11\/Bacia-do-Corrego-Furnas-300x276.jpg 300w\" sizes=\"(max-width: 714px) 100vw, 714px\" \/><\/figure>\n<\/div>\n\n\n<p><br><\/p>\n\n\n\n<p>Em 26 de outubro de 2023, a Prefeitura de Ourinhos, por meio de sua Secretaria de Meio Ambiente, enviou um of\u00edcio \u00e0 CETESB (Companhia Ambiental do Estado de S\u00e3o Paulo) consultando sobre a viabilidade de realizar interven\u00e7\u00f5es no lago da FAPI.<\/p>\n\n\n\n<p>No dia 01 de novembro de 2023, a CETESB respondeu por meio do OF\u00cdCIO 142\/2023\/CFS aos questionamentos feitos pela administra\u00e7\u00e3o municipal.<\/p>\n\n\n\n<figure class=\"wp-block-gallery has-nested-images columns-default is-cropped wp-block-gallery-1 is-layout-flex wp-block-gallery-is-layout-flex\">\n<figure class=\"wp-block-image size-large\"><a href=\"https:\/\/noticiasregionais.com.br\/wp-content\/uploads\/2023\/11\/Oficio-Praia-1.jpg\"><img decoding=\"async\" width=\"704\" height=\"645\" data-id=\"1179\" src=\"https:\/\/noticiasregionais.com.br\/wp-content\/uploads\/2023\/11\/Oficio-Praia-1.jpg\" alt=\"\" class=\"wp-image-1179\" srcset=\"https:\/\/noticiasregionais.com.br\/wp-content\/uploads\/2023\/11\/Oficio-Praia-1.jpg 704w, https:\/\/noticiasregionais.com.br\/wp-content\/uploads\/2023\/11\/Oficio-Praia-1-300x275.jpg 300w\" sizes=\"(max-width: 704px) 100vw, 704px\" \/><\/a><\/figure>\n\n\n\n<figure class=\"wp-block-image size-large\"><a href=\"https:\/\/noticiasregionais.com.br\/wp-content\/uploads\/2023\/11\/Oficio-Praia-2.jpg\"><img decoding=\"async\" width=\"682\" height=\"367\" data-id=\"1181\" src=\"https:\/\/noticiasregionais.com.br\/wp-content\/uploads\/2023\/11\/Oficio-Praia-2.jpg\" alt=\"\" class=\"wp-image-1181\" srcset=\"https:\/\/noticiasregionais.com.br\/wp-content\/uploads\/2023\/11\/Oficio-Praia-2.jpg 682w, https:\/\/noticiasregionais.com.br\/wp-content\/uploads\/2023\/11\/Oficio-Praia-2-300x161.jpg 300w\" sizes=\"(max-width: 682px) 100vw, 682px\" \/><\/a><\/figure>\n\n\n\n<figure class=\"wp-block-image size-large\"><a href=\"https:\/\/noticiasregionais.com.br\/wp-content\/uploads\/2023\/11\/Oficio-Praia-3.jpg\"><img decoding=\"async\" width=\"779\" height=\"534\" data-id=\"1180\" src=\"https:\/\/noticiasregionais.com.br\/wp-content\/uploads\/2023\/11\/Oficio-Praia-3.jpg\" alt=\"\" class=\"wp-image-1180\" srcset=\"https:\/\/noticiasregionais.com.br\/wp-content\/uploads\/2023\/11\/Oficio-Praia-3.jpg 779w, https:\/\/noticiasregionais.com.br\/wp-content\/uploads\/2023\/11\/Oficio-Praia-3-300x206.jpg 300w, https:\/\/noticiasregionais.com.br\/wp-content\/uploads\/2023\/11\/Oficio-Praia-3-768x526.jpg 768w\" sizes=\"(max-width: 779px) 100vw, 779px\" \/><\/a><\/figure>\n<\/figure>\n\n\n\n<p>Apesar da resposta positiva, o documento evidencia uma s\u00e9rie de obst\u00e1culos a serem superados na poss\u00edvel implanta\u00e7\u00e3o de uma praia naquele local. O aumento da vaz\u00e3o h\u00eddrica dever\u00e1 ser objeto de uma nova consulta ao DAEE &#8211; Departamento de \u00c1guas e Energia El\u00e9trica do Estado de S\u00e3o Paulo.<\/p>\n\n\n\n<p>A balneabilidade (qualidade da \u00e1gua para banho) n\u00e3o foi atestada pela entidade e ficar\u00e1 sob responsabilidade da prefeitura local. Vale ressaltar que o c\u00f3rrego perpassa por diversos bairros antes de chegar ao recinto e j\u00e1 foi alvo de den\u00fancias de polui\u00e7\u00e3o por esgoto em outras oportunidades.<\/p>\n\n\n\n<p>Em outros dois pontos no documento, a CETESB deixa claro que n\u00e3o deve ocorrer a mudan\u00e7a de finalidade do local: &#8220;a pequena amplia\u00e7\u00e3o do espelho d\u2019\u00e1gua do lago em dois pontos n\u00e3o altera o uso do local (parque urbano)\u2026 a disposi\u00e7\u00e3o de areia na \u00e1rea bosqueada do Parque n\u00e3o altera a sua permeabilidade e n\u00e3o modifica o uso do local (parque urbano).&#8221;<\/p>\n\n\n\n<p>O of\u00edcio ainda menciona a implanta\u00e7\u00e3o de galerias de \u00e1guas pluviais no entorno do Parque e recomenda em diversos pontos que &#8220;n\u00e3o h\u00e1 impedimentos por parte da CETESB para a realiza\u00e7\u00e3o da obra pretendida, desde que n\u00e3o haja a supress\u00e3o de vegeta\u00e7\u00e3o nativa.&#8221; O fato de a prefeitura n\u00e3o poder remover a vegeta\u00e7\u00e3o existente aumenta consideravelmente o desafio em criar um ambiente semelhante a uma praia em meio \u00e0 vegeta\u00e7\u00e3o relativamente ampla que cerca o lago.<\/p>\n<input type=\"hidden\" id=\"baseurl\" value=\"https:\/\/noticiasregionais.com.br\"><input type=\"hidden\" id=\"audio_nonce\" value=\"533fbb67b1\">","protected":false},"excerpt":{"rendered":"<p>Documento autoriza interven\u00e7\u00f5es, mas revela uma s\u00e9rie de desafios para a instala\u00e7\u00e3o de uma praia no local O an\u00fancio feito&hellip;<\/p>\n","protected":false},"author":1,"featured_media":1183,"comment_status":"closed","ping_status":"open","sticky":false,"template":"","format":"standard","meta":{"sfsi_plus_gutenberg_text_before_share":"","sfsi_plus_gutenberg_show_text_before_share":"","sfsi_plus_gutenberg_icon_type":"","sfsi_plus_gutenberg_icon_alignemt":"","sfsi_plus_gutenburg_max_per_row":"","footnotes":""},"categories":[5,12,1],"tags":[],"class_list":["post-1177","post","type-post","status-publish","format-standard","has-post-thumbnail","hentry","category-ourinhos","category-capa","category-noticias"],"_links":{"self":[{"href":"https:\/\/noticiasregionais.com.br\/index.php?rest_route=\/wp\/v2\/posts\/1177","targetHints":{"allow":["GET"]}}],"collection":[{"href":"https:\/\/noticiasregionais.com.br\/index.php?rest_route=\/wp\/v2\/posts"}],"about":[{"href":"https:\/\/noticiasregionais.com.br\/index.php?rest_route=\/wp\/v2\/types\/post"}],"author":[{"embeddable":true,"href":"https:\/\/noticiasregionais.com.br\/index.php?rest_route=\/wp\/v2\/users\/1"}],"replies":[{"embeddable":true,"href":"https:\/\/noticiasregionais.com.br\/index.php?rest_route=%2Fwp%2Fv2%2Fcomments&post=1177"}],"version-history":[{"count":1,"href":"https:\/\/noticiasregionais.com.br\/index.php?rest_route=\/wp\/v2\/posts\/1177\/revisions"}],"predecessor-version":[{"id":1184,"href":"https:\/\/noticiasregionais.com.br\/index.php?rest_route=\/wp\/v2\/posts\/1177\/revisions\/1184"}],"wp:featuredmedia":[{"embeddable":true,"href":"https:\/\/noticiasregionais.com.br\/index.php?rest_route=\/wp\/v2\/media\/1183"}],"wp:attachment":[{"href":"https:\/\/noticiasregionais.com.br\/index.php?rest_route=%2Fwp%2Fv2%2Fmedia&parent=1177"}],"wp:term":[{"taxonomy":"category","embeddable":true,"href":"https:\/\/noticiasregionais.com.br\/index.php?rest_route=%2Fwp%2Fv2%2Fcategories&post=1177"},{"taxonomy":"post_tag","embeddable":true,"href":"https:\/\/noticiasregionais.com.br\/index.php?rest_route=%2Fwp%2Fv2%2Ftags&post=1177"}],"curies":[{"name":"wp","href":"https:\/\/api.w.org\/{rel}","templated":true}]}}