{"id":1185,"date":"2023-11-16T07:53:06","date_gmt":"2023-11-16T10:53:06","guid":{"rendered":"https:\/\/noticiasregionais.com.br\/?p=1185"},"modified":"2023-11-16T07:53:08","modified_gmt":"2023-11-16T10:53:08","slug":"onda-de-calor-atinge-27-mil-cidades-e-deve-durar-ate-sexta-feira","status":"publish","type":"post","link":"https:\/\/noticiasregionais.com.br\/?p=1185","title":{"rendered":"Onda de calor atinge 2,7 mil cidades e deve durar at\u00e9 sexta-feira"},"content":{"rendered":"\n<p class=\"has-text-align-center\"><strong>No Rio, praias ficam lotadas ao longo do feriado<\/strong><\/p>\n\n\n\n<p>A onda de calor que atinge principalmente as regi\u00f5es Sudeste e Centro-Oeste deve durar at\u00e9 sexta-feira (17). A previs\u00e3o \u00e9 do Instituto Nacional de Meteorologia (Inmet), \u00f3rg\u00e3o federal vinculado ao Minist\u00e9rio da Agricultura e Pecu\u00e1ria.<img decoding=\"async\" src=\"https:\/\/agenciabrasil.ebc.com.br\/ebc.png?id=1566803&amp;o=node\"><img decoding=\"async\" src=\"https:\/\/agenciabrasil.ebc.com.br\/ebc.gif?id=1566803&amp;o=node\"><\/p>\n\n\n\n<p>Em boletim atualizado, foram listados 2.707 munic\u00edpios afetados. Al\u00e9m de todas as cidades situadas no Centro-Oeste, no Sudeste e no estado de Rond\u00f4nia, a rela\u00e7\u00e3o inclui aquelas localizadas no sul do Piau\u00ed, do Maranh\u00e3o, de Tocantins, do Par\u00e1 e do Amazonas, no sudoeste da Bahia e no norte do Paran\u00e1.<\/p>\n\n\n\n<p>Na classifica\u00e7\u00e3o do Inmet, as ondas de calor se configuram quando a temperatura se mant\u00e9m, ao longo de pelo menos cinco dias, 5\u00baC acima da m\u00e9dia esperada para o m\u00eas. A marca de 40\u00baC tem sido superada nos \u00faltimos dias no Rio de Janeiro, em Cuiab\u00e1 e tamb\u00e9m em muitas cidades do interior, como Corumb\u00e1 e \u00c1gua Clara, em Mato Grosso do Sul, S\u00e3o Rom\u00e3o e Coronel Pacheco, em Minas Gerais, Serop\u00e9dica, no Rio de Janeiro, e Ibotirama, na Bahia.<\/p>\n\n\n\n<p>Diversos recordes foram registrados pelo Inmet na ter\u00e7a-feira (14). Com m\u00e1xima de 39,2\u00baC, Goi\u00e2nia teve a tarde mais quente de sua hist\u00f3ria para o m\u00eas de novembro. Em Campos do Jord\u00e3o, no interior de S\u00e3o Paulo, a marca de 31\u00baC superou os 30,5\u00baC medidos em setembro 1961, at\u00e9 ent\u00e3o considerada a maior temperatura da cidade. O Distrito Federal tamb\u00e9m alcan\u00e7ou um recorde com 37,3\u00baC: foi o dia mais quente do ano at\u00e9 o momento.<\/p>\n\n\n\n<p>Conforme a previs\u00e3o do Inmet, estados que est\u00e3o enfrentando a onda de calor devem receber chuvas intensas na pr\u00f3xima semana. Na Regi\u00e3o Sudeste, a queda da temperatura na sexta-feira (17) j\u00e1 deve vir acompanhada de precipita\u00e7\u00f5es.<\/p>\n\n\n\n<p>Para o per\u00edodo de 21 a 29 de novembro, algumas localidades devem receber um grande volume de chuva, podendo ultrapassar 40 mil\u00edmetros, especialmente em Mato Grosso e Goi\u00e1s, no Distrito Federal, em Minas Gerais, no Rio de Janeiro e Esp\u00edrito Santo. Nas demais \u00e1reas, o Inmet n\u00e3o descarta a possibilidade de pancadas de chuvas.<\/p>\n\n\n\n<p>No Rio de Janeiro, cariocas e turistas lotaram as praias nesta quarta-feira (15), feriado da proclama\u00e7\u00e3o da Rep\u00fablica.<\/p>\n\n\n\n<p><sub><strong>fonte: Ag\u00eancia Brasil &#8211; EBC<\/strong><\/sub><\/p>\n<input type=\"hidden\" id=\"baseurl\" value=\"https:\/\/noticiasregionais.com.br\"><input type=\"hidden\" id=\"audio_nonce\" value=\"533fbb67b1\">","protected":false},"excerpt":{"rendered":"<p>No Rio, praias ficam lotadas ao longo do feriado A onda de calor que atinge principalmente as regi\u00f5es Sudeste e&hellip;<\/p>\n","protected":false},"author":1,"featured_media":1186,"comment_status":"closed","ping_status":"open","sticky":false,"template":"","format":"standard","meta":{"sfsi_plus_gutenberg_text_before_share":"","sfsi_plus_gutenberg_show_text_before_share":"","sfsi_plus_gutenberg_icon_type":"","sfsi_plus_gutenberg_icon_alignemt":"","sfsi_plus_gutenburg_max_per_row":"","footnotes":""},"categories":[8,10,5],"tags":[],"class_list":["post-1185","post","type-post","status-publish","format-standard","has-post-thumbnail","hentry","category-brasil","category-destaques","category-ourinhos"],"_links":{"self":[{"href":"https:\/\/noticiasregionais.com.br\/index.php?rest_route=\/wp\/v2\/posts\/1185","targetHints":{"allow":["GET"]}}],"collection":[{"href":"https:\/\/noticiasregionais.com.br\/index.php?rest_route=\/wp\/v2\/posts"}],"about":[{"href":"https:\/\/noticiasregionais.com.br\/index.php?rest_route=\/wp\/v2\/types\/post"}],"author":[{"embeddable":true,"href":"https:\/\/noticiasregionais.com.br\/index.php?rest_route=\/wp\/v2\/users\/1"}],"replies":[{"embeddable":true,"href":"https:\/\/noticiasregionais.com.br\/index.php?rest_route=%2Fwp%2Fv2%2Fcomments&post=1185"}],"version-history":[{"count":1,"href":"https:\/\/noticiasregionais.com.br\/index.php?rest_route=\/wp\/v2\/posts\/1185\/revisions"}],"predecessor-version":[{"id":1187,"href":"https:\/\/noticiasregionais.com.br\/index.php?rest_route=\/wp\/v2\/posts\/1185\/revisions\/1187"}],"wp:featuredmedia":[{"embeddable":true,"href":"https:\/\/noticiasregionais.com.br\/index.php?rest_route=\/wp\/v2\/media\/1186"}],"wp:attachment":[{"href":"https:\/\/noticiasregionais.com.br\/index.php?rest_route=%2Fwp%2Fv2%2Fmedia&parent=1185"}],"wp:term":[{"taxonomy":"category","embeddable":true,"href":"https:\/\/noticiasregionais.com.br\/index.php?rest_route=%2Fwp%2Fv2%2Fcategories&post=1185"},{"taxonomy":"post_tag","embeddable":true,"href":"https:\/\/noticiasregionais.com.br\/index.php?rest_route=%2Fwp%2Fv2%2Ftags&post=1185"}],"curies":[{"name":"wp","href":"https:\/\/api.w.org\/{rel}","templated":true}]}}