{"id":11873,"date":"2025-12-21T04:00:00","date_gmt":"2025-12-21T07:00:00","guid":{"rendered":"https:\/\/noticiasregionais.com.br\/?p=11873"},"modified":"2025-12-21T04:00:00","modified_gmt":"2025-12-21T07:00:00","slug":"operacao-rodovida-prf-reforca-seguranca-nas-rodovias-federais-ate-o-carnaval-em-todas-as-regioes-do-brasil","status":"publish","type":"post","link":"https:\/\/noticiasregionais.com.br\/?p=11873","title":{"rendered":"Opera\u00e7\u00e3o Rodovida: PRF refor\u00e7a seguran\u00e7a nas rodovias federais at\u00e9 o Carnaval em todas as regi\u00f5es do Brasil"},"content":{"rendered":"<p>\t\t\t\t\t\t\t\t\t\t\t<audio controls class=\"b61_audio_player\" data-noticia=\"86609\" src=\"https:\/\/brasil61.com\/rails\/active_storage\/blobs\/eyJfcmFpbHMiOnsibWVzc2FnZSI6IkJBaHBBN25aQXc9PSIsImV4cCI6bnVsbCwicHVyIjoiYmxvYl9pZCJ9fQ==--c1742c5f15cd7d97e323e1658ca5429c0c94bfc3\/BRAS2515383A\"><\/audio><\/p>\n<p><strong>Com o intuito de ampliar a fiscaliza\u00e7\u00e3o e conscientizar condutores sobre a import\u00e2ncia do respeito \u00e0s normas de tr\u00e2nsito, a Pol\u00edcia Rodovi\u00e1ria Federal <a href=\"https:\/\/www.gov.br\/prf\/pt-br\" target=\"_blank\" rel=\"noopener\">(PRF)<\/a> iniciou mais uma edi\u00e7\u00e3o do Programa Rodovida. <\/strong>O objetivo \u00e9 intensificar a preven\u00e7\u00e3o de acidentes e o monitoramento nas rodovias federais do pa\u00eds, especialmente durante os per\u00edodos de f\u00e9rias escolares, Natal, Ano Novo e Carnaval.<\/p>\n<p>Entre os principais alertas est\u00e3o os dados relacionados \u00e0s estat\u00edsticas de mortes provocadas por acidentes envolvendo motocicletas. <strong>Neste ano, a quantidade de condutores desse tipo de ve\u00edculo que perderam a vida em rodovias federais supera em 38% os \u00f3bitos de motoristas de autom\u00f3veis.<\/strong><\/p>\n<p><strong>Do in\u00edcio do ano at\u00e9 o m\u00eas de novembro, foram registradas 29.317 ocorr\u00eancias envolvendo motocicletas. No mesmo per\u00edodo de 2024, foram 28.894 registros nas rodovias federais.<\/strong><\/p>\n<p>Para o coordenador-geral de Seguran\u00e7a Vi\u00e1ria da PRF, Jeferson Almeida, a conduta prudente dos motociclistas \u00e9 fundamental para reverter esse cen\u00e1rio.<\/p>\n<p>&#8220;\u00c9 indispens\u00e1vel que os motociclistas estejam sempre atentos aos ve\u00edculos e \u00e0s pessoas ao seu redor e que respeitem as normas de tr\u00e2nsito, como os limites de velocidade e as ultrapassagens em locais permitidos. Essas atitudes s\u00e3o importantes para reduzir a letalidade dos sinistros de tr\u00e2nsito envolvendo motociclistas no pa\u00eds\u201d, destaca.<\/p>\n<h2>Principais causas de acidentes envolvendo motocicletas<\/h2>\n<p>Entre as principais causas dos sinistros de tr\u00e2nsito, destaca-se a aus\u00eancia de rea\u00e7\u00e3o do condutor, seguida pela rea\u00e7\u00e3o tardia ou ineficiente. Acessar a via sem observar a presen\u00e7a de outros ve\u00edculos tamb\u00e9m est\u00e1 entre os fatores mais recorrentes.<\/p>\n<p><strong>Entre janeiro e novembro de 2025, mais de 32,5 milh\u00f5es de pessoas eram propriet\u00e1rias de motocicletas no Brasil, por\u00e9m 17,2 milh\u00f5es n\u00e3o possu\u00edam Carteira Nacional de Habilita\u00e7\u00e3o (CNH) categoria A, obrigat\u00f3ria para a condu\u00e7\u00e3o desse tipo de ve\u00edculo.<\/strong><\/p>\n<p><a href=\"https:\/\/brasil61.com\/n\/pacote-de-modernizacao-de-transito-de-maquinas-agricolas-em-vias-publicas-avanca-na-camara-bras2515371\" target=\"_blank\" rel=\"noopener\">Pacote de moderniza\u00e7\u00e3o de tr\u00e2nsito de m\u00e1quinas agr\u00edcolas em vias p\u00fablicas avan\u00e7a na C\u00e2mara<\/a><\/p>\n<p><a href=\"https:\/\/brasil61.com\/n\/brasil-tem-1-942-municipios-em-risco-de-desastres-durante-o-periodo-chuvoso-confira-lista-das-cidades-bras2515370\" target=\"_blank\" rel=\"noopener\">Brasil tem 1.942 munic\u00edpios em risco de desastres durante o per\u00edodo chuvoso, confira lista das cidades<\/a><\/p>\n<p>Para a PRF, fatores como o crescimento da frota nacional tamb\u00e9m ajudam a explicar o aumento dos sinistros. Dados da Secretaria Nacional de Tr\u00e2nsito (Senatran) revelam que, em outubro de 2024, o pa\u00eds contava com 34,2 milh\u00f5es de motocicletas em circula\u00e7\u00e3o, n\u00famero que corresponde a 28% do total de ve\u00edculos no Brasil.<\/p>\n<h2>Opera\u00e7\u00e3o Rodovida nos estados<\/h2>\n<p><strong>Nordeste<\/strong><\/p>\n<p>A opera\u00e7\u00e3o est\u00e1 em andamento em todas as regi\u00f5es do Brasil. No Nordeste, por exemplo, a iniciativa foi lan\u00e7ada na quinta-feira (18), no munic\u00edpio de Patos, no Sert\u00e3o paraibano. A a\u00e7\u00e3o ocorreu no quil\u00f4metro 0 da BR-361, ponto estrat\u00e9gico que funciona como porta de entrada para diversas cidades da regi\u00e3o.<\/p>\n<p>A proposta \u00e9 promover a integra\u00e7\u00e3o entre a PRF e \u00f3rg\u00e3os parceiros. A presen\u00e7a ostensiva das equipes nesse trecho e em outras rotas visa prevenir condutas de risco e orientar condutores em um per\u00edodo de aumento significativo do fluxo de ve\u00edculos. A previs\u00e3o \u00e9 de crescimento de cerca de 40% na circula\u00e7\u00e3o nas rodovias que cortam o Sert\u00e3o e o restante do estado.<\/p>\n<p><strong>Sudeste<\/strong><\/p>\n<p>No Sudeste, uma das cidades que recebeu a abertura da Opera\u00e7\u00e3o Rodovida foi Betim (MG). A a\u00e7\u00e3o foi realizada na quinta-feira (18), no km 499 da BR-381. Entre as iniciativas previstas est\u00e3o orienta\u00e7\u00f5es sobre seguran\u00e7a em pista molhada, devido ao per\u00edodo chuvoso.<\/p>\n<p>A abertura contou com a participa\u00e7\u00e3o da Guarda Civil Municipal de Ribeir\u00e3o das Neves, Guarda Civil Municipal de Betim, Departamento de Estradas de Rodagem de Minas Gerais, Secretaria Municipal de Tr\u00e2nsito de Ribeir\u00e3o das Neves, Setcemg, Honda, Pol\u00edcia Militar Rodovi\u00e1ria e Departamento Municipal de Tr\u00e2nsito de Igarap\u00e9.<\/p>\n<p><strong>Norte<\/strong><\/p>\n<p>Na Regi\u00e3o Norte, a opera\u00e7\u00e3o foi anunciada na quinta-feira (18), em Roraima. A abertura oficial ocorreu na Unidade Operacional da PRF em Boa Vista, localizada no km 491 da BR-174.<\/p>\n<p>A a\u00e7\u00e3o contou com a presen\u00e7a do Departamento de Tr\u00e2nsito de Roraima (Detran\/RR), da Secretaria Municipal de Tr\u00e2nsito de Boa Vista (SMTRAN\/BV), da Secretaria de Mobilidade Urbana de Boa Vista (Semob) e da Pol\u00edcia Militar de Roraima (PMRR). Na ocasi\u00e3o, foram realizadas fiscaliza\u00e7\u00f5es conjuntas e atividades educativas para condutores e passageiros.<\/p>\n<p><strong>Centro-Oeste<\/strong><\/p>\n<p>No Centro-Oeste, a PRF deu in\u00edcio \u00e0 opera\u00e7\u00e3o em Mato Grosso do Sul. A abertura contou com a participa\u00e7\u00e3o de autoridades municipais, estaduais e federais ligadas \u00e0 seguran\u00e7a e ao tr\u00e2nsito.<\/p>\n<p>Entre os presentes estavam o superintendente da PRF no estado, Jo\u00e3o Paulo Pinheiro Bueno, e o gerente de Opera\u00e7\u00f5es da concession\u00e1ria Motiva Pantanal, F\u00e1bio Oliveira. As a\u00e7\u00f5es ter\u00e3o como foco a preven\u00e7\u00e3o de condutas de risco, como a combina\u00e7\u00e3o de \u00e1lcool e dire\u00e7\u00e3o, o excesso de velocidade e as ultrapassagens proibidas.<\/p>\n<p><strong>Sul<\/strong><\/p>\n<p>Na Regi\u00e3o Sul, houve o lan\u00e7amento da opera\u00e7\u00e3o na capital paranaense, Curitiba. No estado, as a\u00e7\u00f5es ser\u00e3o desenvolvidas de forma integrada entre concession\u00e1rias de rodovias e \u00f3rg\u00e3os de seguran\u00e7a p\u00fablica voltados \u00e0 seguran\u00e7a vi\u00e1ria.<\/p>\n<p>A proposta \u00e9 intensificar a fiscaliza\u00e7\u00e3o nos trechos e hor\u00e1rios com maior risco de acidentes. Al\u00e9m disso, a opera\u00e7\u00e3o contar\u00e1 com a\u00e7\u00f5es educativas, como o Cinema Rodovi\u00e1rio, que promove a conscientiza\u00e7\u00e3o de condutores e passageiros sobre a import\u00e2ncia de atitudes respons\u00e1veis no tr\u00e2nsito.<br \/>\n\u00a0<\/p>\n<p>\t\t\t\t\t\t\t\t\t\t<img decoding=\"async\" src=\"https:\/\/brasil61.com\/api\/v1\/serve_pixel\/22254\/86609\" alt=\"Pixel Brasil 61\" class=\"b61_pixel\" width=\"0\" height=\"0\"><\/p>\n<div class=\"br61_backlink\">\n<p>\n\t\t\t\tFonte: <a href=\"https:\/\/brasil61.com\/operacao-rodovida-prf-reforca-seguranca-nas-rodovias-federais-ate-o-carnaval-em-todas-as-regioes-do-brasil-bras2515383\" title=\"Artigo Original: Opera\u00e7\u00e3o Rodovida: PRF refor\u00e7a seguran\u00e7a nas rodovias federais at\u00e9 o Carnaval em todas as regi\u00f5es do Brasil\" target=\"_blank\" rel=\"noopener\">Brasil 61<\/a>\n\t\t\t<\/p>\n<\/p><\/div>\n<input type=\"hidden\" id=\"baseurl\" value=\"https:\/\/noticiasregionais.com.br\"><input type=\"hidden\" id=\"audio_nonce\" value=\"296231ceac\">","protected":false},"excerpt":{"rendered":"<p>Entre os principais alertas est\u00e3o os dados relacionados \u00e0s estat\u00edsticas de mortes provocadas por acidentes envolvendo motocicletas<\/p>\n","protected":false},"author":1,"featured_media":11874,"comment_status":"","ping_status":"open","sticky":false,"template":"","format":"standard","meta":{"sfsi_plus_gutenberg_text_before_share":"","sfsi_plus_gutenberg_show_text_before_share":"","sfsi_plus_gutenberg_icon_type":"","sfsi_plus_gutenberg_icon_alignemt":"","sfsi_plus_gutenburg_max_per_row":"","footnotes":""},"categories":[8],"tags":[],"class_list":["post-11873","post","type-post","status-publish","format-standard","has-post-thumbnail","hentry","category-brasil"],"_links":{"self":[{"href":"https:\/\/noticiasregionais.com.br\/index.php?rest_route=\/wp\/v2\/posts\/11873","targetHints":{"allow":["GET"]}}],"collection":[{"href":"https:\/\/noticiasregionais.com.br\/index.php?rest_route=\/wp\/v2\/posts"}],"about":[{"href":"https:\/\/noticiasregionais.com.br\/index.php?rest_route=\/wp\/v2\/types\/post"}],"author":[{"embeddable":true,"href":"https:\/\/noticiasregionais.com.br\/index.php?rest_route=\/wp\/v2\/users\/1"}],"replies":[{"embeddable":true,"href":"https:\/\/noticiasregionais.com.br\/index.php?rest_route=%2Fwp%2Fv2%2Fcomments&post=11873"}],"version-history":[{"count":0,"href":"https:\/\/noticiasregionais.com.br\/index.php?rest_route=\/wp\/v2\/posts\/11873\/revisions"}],"wp:featuredmedia":[{"embeddable":true,"href":"https:\/\/noticiasregionais.com.br\/index.php?rest_route=\/wp\/v2\/media\/11874"}],"wp:attachment":[{"href":"https:\/\/noticiasregionais.com.br\/index.php?rest_route=%2Fwp%2Fv2%2Fmedia&parent=11873"}],"wp:term":[{"taxonomy":"category","embeddable":true,"href":"https:\/\/noticiasregionais.com.br\/index.php?rest_route=%2Fwp%2Fv2%2Fcategories&post=11873"},{"taxonomy":"post_tag","embeddable":true,"href":"https:\/\/noticiasregionais.com.br\/index.php?rest_route=%2Fwp%2Fv2%2Ftags&post=11873"}],"curies":[{"name":"wp","href":"https:\/\/api.w.org\/{rel}","templated":true}]}}