{"id":11877,"date":"2025-12-21T04:05:00","date_gmt":"2025-12-21T07:05:00","guid":{"rendered":"https:\/\/noticiasregionais.com.br\/?p=11877"},"modified":"2025-12-21T04:05:00","modified_gmt":"2025-12-21T07:05:00","slug":"natal-2025-varejo-projeta-maior-volume-de-vendas-dos-ultimos-10-anos","status":"publish","type":"post","link":"https:\/\/noticiasregionais.com.br\/?p=11877","title":{"rendered":"Natal 2025: varejo projeta maior volume de vendas dos \u00faltimos 10 anos"},"content":{"rendered":"<p>\t\t\t\t\t\t\t\t\t\t\t<audio controls class=\"b61_audio_player\" data-noticia=\"86593\" src=\"https:\/\/brasil61.com\/rails\/active_storage\/blobs\/eyJfcmFpbHMiOnsibWVzc2FnZSI6IkJBaHBBNUhaQXc9PSIsImV4cCI6bnVsbCwicHVyIjoiYmxvYl9pZCJ9fQ==--2c7c6939f3490618ae4e9bf62f4edb2c116f1f0b\/BRAS2515378A\"><\/audio><\/p>\n<p>O com\u00e9rcio brasileiro deve viver um <strong>Natal hist\u00f3rico em 2025<\/strong>. De acordo com proje\u00e7\u00f5es da <strong>Confedera\u00e7\u00e3o Nacional do Com\u00e9rcio de Bens, Servi\u00e7os e Turismo <\/strong>(<a href=\"https:\/\/portaldocomercio.org.br\/?gad_source=1&amp;gad_campaignid=20998596427&amp;gbraid=0AAAAAqv110ESmZ4hDlQldru9-saEpkJCO&amp;gclid=Cj0KCQiAjJTKBhCjARIsAIMC44_WGdYPlugwVxEZTpZhy8StcenQpjMU4h_KfyVQ7AbpouckTtd6dqsaAtdEEALw_wcB\" target=\"_blank\" rel=\"noopener\">CNC<\/a>), o varejo deve alcan\u00e7ar<strong> R$ 72,71 bilh\u00f5es em vendas<\/strong>, o <strong>maior volume registrado nos \u00faltimos dez anos<\/strong>. O resultado representa um crescimento real de <strong>2,1% em rela\u00e7\u00e3o a 2024<\/strong>, j\u00e1 descontada a infla\u00e7\u00e3o.<\/p>\n<\/p>\n<p dir=\"ltr\">Caso a estimativa se confirme, este ser\u00e1 o melhor desempenho do setor desde 2014, quando as vendas natalinas somaram R$ 77,26 bilh\u00f5es. O dado refor\u00e7a a import\u00e2ncia do Natal como principal data comemorativa para o com\u00e9rcio brasileiro, sendo respons\u00e1vel por uma parcela significativa do faturamento anual do setor.<\/p>\n<p dir=\"ltr\">Mesmo diante de um cen\u00e1rio econ\u00f4mico ainda desafiador, marcado por <strong>juros elevados, cr\u00e9dito mais restrito e alto n\u00edvel de endividamento das fam\u00edlias<\/strong>, a <a href=\"https:\/\/portaldocomercio.org.br\/?gad_source=1&amp;gad_campaignid=20998596427&amp;gbraid=0AAAAAqv110ESmZ4hDlQldru9-saEpkJCO&amp;gclid=Cj0KCQiAjJTKBhCjARIsAIMC44_WGdYPlugwVxEZTpZhy8StcenQpjMU4h_KfyVQ7AbpouckTtd6dqsaAtdEEALw_wcB\" target=\"_blank\" rel=\"noopener\">CNC <\/a>avalia que a combina\u00e7\u00e3o entre melhora gradual do mercado de trabalho e desacelera\u00e7\u00e3o da infla\u00e7\u00e3o contribui para sustentar o consumo no fim do ano.<\/p>\n<p dir=\"ltr\">Entre os segmentos com maior destaque nas vendas est\u00e3o <strong>supermercados e hipermercados, vestu\u00e1rio, cal\u00e7ados, perfumes, cosm\u00e9ticos e artigos eletroeletr\u00f4nicos<\/strong>. A expectativa \u00e9 de que os consumidores priorizem compras mais planejadas, com aten\u00e7\u00e3o a pre\u00e7os, promo\u00e7\u00f5es e formas de pagamento.<\/p>\n<p dir=\"ltr\">Al\u00e9m do impacto positivo nas vendas, o Natal de 2025 tamb\u00e9m deve impulsionar o mercado de trabalho. A <a href=\"https:\/\/portaldocomercio.org.br\/?gad_source=1&amp;gad_campaignid=20998596427&amp;gbraid=0AAAAAqv110ESmZ4hDlQldru9-saEpkJCO&amp;gclid=Cj0KCQiAjJTKBhCjARIsAIMC44_WGdYPlugwVxEZTpZhy8StcenQpjMU4h_KfyVQ7AbpouckTtd6dqsaAtdEEALw_wcB\" target=\"_blank\" rel=\"noopener\">CNC<\/a> estima a cria\u00e7\u00e3o de <strong>112,6 mil vagas tempor\u00e1rias<\/strong>, n\u00famero cerca de <strong>5% superior ao registrado no ano anterior<\/strong>. Tradicionalmente, uma parcela desses postos acaba sendo efetivada nos primeiros meses do ano seguinte, contribuindo para a gera\u00e7\u00e3o de renda e a redu\u00e7\u00e3o do desemprego.<\/p>\n<p dir=\"ltr\">Para o presidente do Sistema <a href=\"https:\/\/portaldocomercio.org.br\/?gad_source=1&amp;gad_campaignid=20998596427&amp;gbraid=0AAAAAqv110ESmZ4hDlQldru9-saEpkJCO&amp;gclid=Cj0KCQiAjJTKBhCjARIsAIMC44_WGdYPlugwVxEZTpZhy8StcenQpjMU4h_KfyVQ7AbpouckTtd6dqsaAtdEEALw_wcB\" target=\"_blank\" rel=\"noopener\">CNC-Sesc-Senac<\/a>, <strong>Jos\u00e9 Roberto Tadros<\/strong>, o bom desempenho esperado para o Natal pode ajudar o com\u00e9rcio a encerrar o ano em um patamar mais positivo. Segundo ele, o resultado deve aliviar parte das perdas acumuladas ao longo de 2025 e criar um ambiente mais favor\u00e1vel para o in\u00edcio de 2026.<\/p>\n<p>\t\t\t\t\t\t\t\t\t\t<img decoding=\"async\" src=\"https:\/\/brasil61.com\/api\/v1\/serve_pixel\/22254\/86593\" alt=\"Pixel Brasil 61\" class=\"b61_pixel\" width=\"0\" height=\"0\"><\/p>\n<div class=\"br61_backlink\">\n<p>\n\t\t\t\tFonte: <a href=\"https:\/\/brasil61.com\/natal-2025-varejo-projeta-maior-volume-de-vendas-dos-ultimos-10-anos-bras2515378\" title=\"Artigo Original: Natal 2025: varejo projeta maior volume de vendas dos \u00faltimos 10 anos\" target=\"_blank\" rel=\"noopener\">Brasil 61<\/a>\n\t\t\t<\/p>\n<\/p><\/div>\n<input type=\"hidden\" id=\"baseurl\" value=\"https:\/\/noticiasregionais.com.br\"><input type=\"hidden\" id=\"audio_nonce\" value=\"296231ceac\">","protected":false},"excerpt":{"rendered":"<p>Com\u00e9rcio deve movimentar R$ 72,7 bilh\u00f5es no per\u00edodo natalino e gerar mais de 112 mil vagas tempor\u00e1rias em todo o pa\u00eds<\/p>\n","protected":false},"author":1,"featured_media":11878,"comment_status":"","ping_status":"open","sticky":false,"template":"","format":"standard","meta":{"sfsi_plus_gutenberg_text_before_share":"","sfsi_plus_gutenberg_show_text_before_share":"","sfsi_plus_gutenberg_icon_type":"","sfsi_plus_gutenberg_icon_alignemt":"","sfsi_plus_gutenburg_max_per_row":"","footnotes":""},"categories":[8],"tags":[],"class_list":["post-11877","post","type-post","status-publish","format-standard","has-post-thumbnail","hentry","category-brasil"],"_links":{"self":[{"href":"https:\/\/noticiasregionais.com.br\/index.php?rest_route=\/wp\/v2\/posts\/11877","targetHints":{"allow":["GET"]}}],"collection":[{"href":"https:\/\/noticiasregionais.com.br\/index.php?rest_route=\/wp\/v2\/posts"}],"about":[{"href":"https:\/\/noticiasregionais.com.br\/index.php?rest_route=\/wp\/v2\/types\/post"}],"author":[{"embeddable":true,"href":"https:\/\/noticiasregionais.com.br\/index.php?rest_route=\/wp\/v2\/users\/1"}],"replies":[{"embeddable":true,"href":"https:\/\/noticiasregionais.com.br\/index.php?rest_route=%2Fwp%2Fv2%2Fcomments&post=11877"}],"version-history":[{"count":0,"href":"https:\/\/noticiasregionais.com.br\/index.php?rest_route=\/wp\/v2\/posts\/11877\/revisions"}],"wp:featuredmedia":[{"embeddable":true,"href":"https:\/\/noticiasregionais.com.br\/index.php?rest_route=\/wp\/v2\/media\/11878"}],"wp:attachment":[{"href":"https:\/\/noticiasregionais.com.br\/index.php?rest_route=%2Fwp%2Fv2%2Fmedia&parent=11877"}],"wp:term":[{"taxonomy":"category","embeddable":true,"href":"https:\/\/noticiasregionais.com.br\/index.php?rest_route=%2Fwp%2Fv2%2Fcategories&post=11877"},{"taxonomy":"post_tag","embeddable":true,"href":"https:\/\/noticiasregionais.com.br\/index.php?rest_route=%2Fwp%2Fv2%2Ftags&post=11877"}],"curies":[{"name":"wp","href":"https:\/\/api.w.org\/{rel}","templated":true}]}}