{"id":11879,"date":"2025-12-22T04:20:00","date_gmt":"2025-12-22T07:20:00","guid":{"rendered":"https:\/\/noticiasregionais.com.br\/?p=11879"},"modified":"2025-12-22T23:31:29","modified_gmt":"2025-12-23T02:31:29","slug":"inss-divulga-calendario-de-pagamento-de-beneficios-para-2026","status":"publish","type":"post","link":"https:\/\/noticiasregionais.com.br\/?p=11879","title":{"rendered":"INSS divulga calend\u00e1rio de pagamento de benef\u00edcios para 2026"},"content":{"rendered":"<p>\t\t\t\t\t\t\t\t\t\t<audio controls class=\"b61_audio_player\" data-noticia=\"86608\" src=\"https:\/\/brasil61.com\/rails\/active_storage\/blobs\/eyJfcmFpbHMiOnsibWVzc2FnZSI6IkJBaHBBNmJaQXc9PSIsImV4cCI6bnVsbCwicHVyIjoiYmxvYl9pZCJ9fQ==--6dc4961f38d5684aceb8d373f724eeb6ced7d8be\/BRAS2515382A\"><\/audio><\/p>\n<p>Aposentados, pensionistas e benefici\u00e1rios de aux\u00edlios do Instituto Nacional do Seguro Social (INSS) j\u00e1 podem consultar o calend\u00e1rio oficial de pagamentos dos benef\u00edcios referente ao ano de 2026.<\/p>\n<p>De acordo com o INSS, os pagamentos do m\u00eas de janeiro de 2026 ter\u00e3o in\u00edcio no dia <b>26 de janeiro<\/b> para os segurados que recebem <b>at\u00e9 um sal\u00e1rio m\u00ednimo. Os<\/b> dep\u00f3sitos ser\u00e3o realizados de forma escalonada at\u00e9 o dia <b>6 de fevereiro<\/b>, conforme o n\u00famero final do cart\u00e3o de benef\u00edcio.<\/p>\n<p>J\u00e1 os benefici\u00e1rios com <b>renda mensal acima do sal\u00e1rio m\u00ednimo<\/b> ter\u00e3o os pagamentos de janeiro efetuados entre os dias <b>2 e 6 de fevereiro<\/b>, tamb\u00e9m seguindo o cronograma definido pelo final do n\u00famero do benef\u00edcio.<\/p>\n<p>O n\u00famero do cart\u00e3o de benef\u00edcio e o extrato de pagamento podem ser consultados pelo site:<a href=\"http:\/\/www.gov.br\/inss\" target=\"_blank\" rel=\"noopener\"> www.gov.br\/inss<\/a> ou aplicativo <b>Meu INSS<\/b>, na op\u00e7\u00e3o <b>\u201cextrato de pagamento\u201d<\/b>. Outra forma de obter informa\u00e7\u00f5es \u00e9 por meio da <b>Central de Atendimento 135<\/b>, que funciona de segunda a s\u00e1bado, das <b>7h \u00e0s 22h<\/b>.<\/p>\n<p><b>Como identificar a data de pagamento<\/b><\/p>\n<p>Para saber o dia exato do pagamento, o segurado deve observar o <b>\u00faltimo algarismo do n\u00famero do cart\u00e3o de benef\u00edcio antes do tra\u00e7o<\/b>, desconsiderando o d\u00edgito verificador que aparece ap\u00f3s o h\u00edfen. Por exemplo, no benef\u00edcio n\u00famero <i>0104-7<\/i>, o n\u00famero final considerado \u00e9 o <b>4<\/b>.<\/p>\n<p><b>Confira o calend\u00e1rio abaixo:<\/b><\/p>\n<p><b><img decoding=\"async\" style=\"width:100%\" alt=\"\" src=\"\/\/s3-sa-east-1.amazonaws.com\/agencia-radio-arb\/6617\/content_ad1381aa-cfc0-4ee7-b4f0-aa25595de92a.png\" \/><\/b><\/p>\n<p>\t\t\t\t\t\t\t\t\t<img decoding=\"async\" src=\"https:\/\/brasil61.com\/api\/v1\/serve_pixel\/22254\/86608\" alt=\"Pixel Brasil 61\" class=\"b61_pixel\" width=\"0\" height=\"0\"><\/p>\n<div class=\"br61_backlink\">\n<p>\n\t\t\t\tFonte: <a href=\"https:\/\/brasil61.com\/inss-divulga-calendario-de-pagamento-de-beneficios-para-2026-bras2515382\" title=\"Artigo Original:  INSS divulga calend\u00e1rio de pagamento de benef\u00edcios para 2026\" target=\"_blank\" rel=\"noopener\">Brasil 61<\/a>\n\t\t\t<\/p>\n<\/p><\/div>\n<input type=\"hidden\" id=\"baseurl\" value=\"https:\/\/noticiasregionais.com.br\"><input type=\"hidden\" id=\"audio_nonce\" value=\"5c13e0637f\">","protected":false},"excerpt":{"rendered":"<p>No dia 26 de janeiro, os segurados que recebem at\u00e9 um sal\u00e1rio m\u00ednimo come\u00e7am a receber\u00a0<\/p>\n","protected":false},"author":1,"featured_media":11891,"comment_status":"closed","ping_status":"open","sticky":false,"template":"","format":"standard","meta":{"sfsi_plus_gutenberg_text_before_share":"","sfsi_plus_gutenberg_show_text_before_share":"","sfsi_plus_gutenberg_icon_type":"","sfsi_plus_gutenberg_icon_alignemt":"","sfsi_plus_gutenburg_max_per_row":"","footnotes":""},"categories":[8],"tags":[],"class_list":["post-11879","post","type-post","status-publish","format-standard","has-post-thumbnail","hentry","category-brasil"],"_links":{"self":[{"href":"https:\/\/noticiasregionais.com.br\/index.php?rest_route=\/wp\/v2\/posts\/11879","targetHints":{"allow":["GET"]}}],"collection":[{"href":"https:\/\/noticiasregionais.com.br\/index.php?rest_route=\/wp\/v2\/posts"}],"about":[{"href":"https:\/\/noticiasregionais.com.br\/index.php?rest_route=\/wp\/v2\/types\/post"}],"author":[{"embeddable":true,"href":"https:\/\/noticiasregionais.com.br\/index.php?rest_route=\/wp\/v2\/users\/1"}],"replies":[{"embeddable":true,"href":"https:\/\/noticiasregionais.com.br\/index.php?rest_route=%2Fwp%2Fv2%2Fcomments&post=11879"}],"version-history":[{"count":1,"href":"https:\/\/noticiasregionais.com.br\/index.php?rest_route=\/wp\/v2\/posts\/11879\/revisions"}],"predecessor-version":[{"id":11890,"href":"https:\/\/noticiasregionais.com.br\/index.php?rest_route=\/wp\/v2\/posts\/11879\/revisions\/11890"}],"wp:featuredmedia":[{"embeddable":true,"href":"https:\/\/noticiasregionais.com.br\/index.php?rest_route=\/wp\/v2\/media\/11891"}],"wp:attachment":[{"href":"https:\/\/noticiasregionais.com.br\/index.php?rest_route=%2Fwp%2Fv2%2Fmedia&parent=11879"}],"wp:term":[{"taxonomy":"category","embeddable":true,"href":"https:\/\/noticiasregionais.com.br\/index.php?rest_route=%2Fwp%2Fv2%2Fcategories&post=11879"},{"taxonomy":"post_tag","embeddable":true,"href":"https:\/\/noticiasregionais.com.br\/index.php?rest_route=%2Fwp%2Fv2%2Ftags&post=11879"}],"curies":[{"name":"wp","href":"https:\/\/api.w.org\/{rel}","templated":true}]}}