{"id":11898,"date":"2025-12-23T04:10:00","date_gmt":"2025-12-23T07:10:00","guid":{"rendered":"https:\/\/noticiasregionais.com.br\/?p=11898"},"modified":"2025-12-23T04:10:00","modified_gmt":"2025-12-23T07:10:00","slug":"preco-do-boi-gordo-hoje-confira-as-cotacoes-para-terca-feira-23","status":"publish","type":"post","link":"https:\/\/noticiasregionais.com.br\/?p=11898","title":{"rendered":"Pre\u00e7o do boi gordo hoje: confira as cota\u00e7\u00f5es para ter\u00e7a-feira (23)"},"content":{"rendered":"<p>\t\t\t\t\t\t\t\t\t\t\t<audio controls class=\"b61_audio_player\" data-noticia=\"86636\" src=\"https:\/\/brasil61.com\/rails\/active_storage\/blobs\/eyJfcmFpbHMiOnsibWVzc2FnZSI6IkJBaHBBM3phQXc9PSIsImV4cCI6bnVsbCwicHVyIjoiYmxvYl9pZCJ9fQ==--9c0dbc71a98f0cdd3ba8d825f1ed7c6ce89db34b\/PAGR256005A\"><\/audio><\/p>\n<p>O <strong>pre\u00e7o<\/strong> do boi gordo nesta ter\u00e7a-feira (23) apresenta <strong>queda <\/strong>e<strong>\u00a0<\/strong>a arroba est\u00e1 sendo negociada a <strong>R$317,85<\/strong>, no estado de S\u00e3o Paulo.\u00a0<\/p>\n<p><strong>INDICADOR DO BOI GORDO CEPEA\/ESALQ<\/strong><\/p>\n<table>\n<tbody>\n<tr>\n<td>Data<\/td>\n<td>Valor (R$)<\/td>\n<td>Var.\/Dia<\/td>\n<td>Var.\/M\u00eas<\/td>\n<td>Valor (US$)<\/td>\n<\/tr>\n<tr>\n<td>22\/12\/2025<\/td>\n<td>317,85<\/td>\n<td>-0,05%<\/td>\n<td>-1,17%<\/td>\n<td>56,94<\/td>\n<\/tr>\n<tr>\n<td>19\/12\/2025<\/td>\n<td>318,00<\/td>\n<td>0,00%<\/td>\n<td>-1,12%<\/td>\n<td>57,60<\/td>\n<\/tr>\n<tr>\n<td>18\/12\/2025<\/td>\n<td>318,00<\/td>\n<td>-0,38%<\/td>\n<td>-1,12%<\/td>\n<td>57,60<\/td>\n<\/tr>\n<tr>\n<td>17\/12\/2025<\/td>\n<td>319,20<\/td>\n<td>-0,02%<\/td>\n<td>-0,75%<\/td>\n<td>57,81<\/td>\n<\/tr>\n<tr>\n<td>16\/12\/2025<\/td>\n<td>319,25<\/td>\n<td>-0,59%<\/td>\n<td>-0,73%<\/td>\n<td>58,41<\/td>\n<\/tr>\n<\/tbody>\n<\/table>\n<p>Na Grande S\u00e3o Paulo, em S\u00e3o Jos\u00e9 do Rio Preto e em Descalvado, o frango congelado e frango resfriado <strong>registram valoriza\u00e7\u00e3o <\/strong>de<strong>\u00a00,62% <\/strong>e<strong>\u00a00,74%<\/strong>, respectivamente.\u00a0A primeira mercadoria \u00e9 vendida a <strong>R$ 8,14<\/strong>, enquanto a segunda \u00e9 comercializada a <strong>R$ 8,16<\/strong>.<\/p>\n<p><b>PRE\u00c7OS DO FRANGO CONGELADO CEPEA\/ESALQ &#8211; ESTADO SP<\/b><\/p>\n<table>\n<tbody>\n<tr>\n<td>Data<\/td>\n<td>Valor (R$)<\/td>\n<td>Var.\/Dia<\/td>\n<td>Var.\/M\u00eas<\/td>\n<\/tr>\n<tr>\n<td>22\/12\/2025<\/td>\n<td>8,14<\/td>\n<td>0,62%<\/td>\n<td>0,37%<\/td>\n<\/tr>\n<tr>\n<td>19\/12\/2025<\/td>\n<td>8,09<\/td>\n<td>0,00%<\/td>\n<td>-0,25%<\/td>\n<\/tr>\n<tr>\n<td>18\/12\/2025<\/td>\n<td>8,09<\/td>\n<td>0,00%<\/td>\n<td>-0,25%<\/td>\n<\/tr>\n<tr>\n<td>17\/12\/2025<\/td>\n<td>8,09<\/td>\n<td>0,00%<\/td>\n<td>-0,25%<\/td>\n<\/tr>\n<tr>\n<td>16\/12\/2025<\/td>\n<td>8,09<\/td>\n<td>0,00%<\/td>\n<td>-0,25%<\/td>\n<\/tr>\n<\/tbody>\n<\/table>\n<p><b>PRE\u00c7OS DO FRANGO RESFRIADO CEPEA\/ESALQ &#8211; ESTADO SP<\/b><\/p>\n<table>\n<tbody>\n<tr>\n<td>Data<\/td>\n<td>Valor (R$)<\/td>\n<td>Var.\/Dia<\/td>\n<td>Var.\/M\u00eas<\/td>\n<\/tr>\n<tr>\n<td>22\/12\/2025<\/td>\n<td>8,16<\/td>\n<td>0,74%<\/td>\n<td>0,49%<\/td>\n<\/tr>\n<tr>\n<td>19\/12\/2025<\/td>\n<td>8,10<\/td>\n<td>0,00%<\/td>\n<td>-0,25%<\/td>\n<\/tr>\n<tr>\n<td>18\/12\/2025<\/td>\n<td>8,10<\/td>\n<td>0,00%<\/td>\n<td>-0,25%<\/td>\n<\/tr>\n<tr>\n<td>17\/12\/2025<\/td>\n<td>8,10<\/td>\n<td>0,00%<\/td>\n<td>-0,25%<\/td>\n<\/tr>\n<tr>\n<td>16\/12\/2025<\/td>\n<td>8,10<\/td>\n<td>0,00%<\/td>\n<td>-0,25%<\/td>\n<\/tr>\n<\/tbody>\n<\/table>\n<h2>Pre\u00e7o da carca\u00e7a su\u00edna especial e su\u00edno vivo<\/h2>\n<p>A carca\u00e7a su\u00edna especial apresenta <strong>estabilidade<\/strong>, sendo negociada a <strong>R$12,86<\/strong>, por quilo, nos atacados da Grande S\u00e3o Paulo.<\/p>\n<p><b>PRE\u00c7OS DA CARCA\u00c7A SU\u00cdNA ESPECIAL (R$\/kg)<\/b><\/p>\n<table>\n<tbody>\n<tr>\n<td>Data<\/td>\n<td>M\u00e9dia<\/td>\n<td>Var.\/Dia<\/td>\n<td>Var.\/M\u00eas<\/td>\n<\/tr>\n<tr>\n<td>22\/12\/2025<\/td>\n<td>12,86<\/td>\n<td>0,00%<\/td>\n<td>0,78%<\/td>\n<\/tr>\n<tr>\n<td>19\/12\/2025<\/td>\n<td>12,86<\/td>\n<td>0,00%<\/td>\n<td>0,78%<\/td>\n<\/tr>\n<tr>\n<td>18\/12\/2025<\/td>\n<td>12,86<\/td>\n<td>0,00%<\/td>\n<td>0,78%<\/td>\n<\/tr>\n<tr>\n<td>17\/12\/2025<\/td>\n<td>12,86<\/td>\n<td>0,00%<\/td>\n<td>0,78%<\/td>\n<\/tr>\n<tr>\n<td>16\/12\/2025<\/td>\n<td>12,86<\/td>\n<td>0,00%<\/td>\n<td>0,78%<\/td>\n<\/tr>\n<\/tbody>\n<\/table>\n<p>O su\u00edno vivo, por sua vez, registra <strong>estabilidade <\/strong>na maior parte dos estados, com destaque para S\u00e3o Paulo, onde o animal \u00e9 comercializado a <strong>R$ 8,87<\/strong>.<\/p>\n<p><b>INDICADOR DO SU\u00cdNO VIVO CEPEA\/ESALQ (R$\/kg)<\/b><\/p>\n<table>\n<tbody>\n<tr>\n<td>Data<\/td>\n<td>Estado<\/td>\n<td>Valor (R$)<\/td>\n<td>Var.\/Dia<\/td>\n<td>Var.\/M\u00eas<\/td>\n<\/tr>\n<tr>\n<td>22\/12\/2025<\/td>\n<td>MG &#8211; posto<\/td>\n<td>8,44<\/td>\n<td>0,00%<\/td>\n<td>-0,24%<\/td>\n<\/tr>\n<tr>\n<td>22\/12\/2025<\/td>\n<td>PR &#8211; a retirar<\/td>\n<td>8,23<\/td>\n<td>-0,24%<\/td>\n<td>-2,14%<\/td>\n<\/tr>\n<tr>\n<td>22\/12\/2025<\/td>\n<td>RS &#8211; a retirar<\/td>\n<td>8,30<\/td>\n<td>-0,12%<\/td>\n<td>-0,95%<\/td>\n<\/tr>\n<tr>\n<td>22\/12\/2025<\/td>\n<td>SC &#8211; a retirar<\/td>\n<td>8,30<\/td>\n<td>0,00%<\/td>\n<td>0,36%<\/td>\n<\/tr>\n<tr>\n<td>22\/12\/2025<\/td>\n<td>SP &#8211; posto<\/td>\n<td>8,87<\/td>\n<td>0,00%<\/td>\n<td>0,34%<\/td>\n<\/tr>\n<\/tbody>\n<\/table>\n<p>Os valores s\u00e3o do <a href=\"https:\/\/www.cepea.org.br\/br\/indicador\/suino.aspx\" target=\"_blank\" rel=\"noopener\">Cepea<\/a>.<\/p>\n<h2>O que \u00e9 o boi gordo? Entenda o termo do mercado bovino<\/h2>\n<p>O boi gordo \u00e9 o bovino macho pronto para o abate, com peso m\u00ednimo de 16 arrobas l\u00edquidas de carca\u00e7a (aproximadamente 240 kg) e at\u00e9 42 meses de idade. Atende aos padr\u00f5es do mercado nacional e internacional, incluindo exporta\u00e7\u00f5es para Europa, China e cota Hilton.<\/p>\n<h2>Diferen\u00e7as entre frango congelado e frango resfriado<\/h2>\n<p>O frango congelado passa por congelamento r\u00e1pido, com temperaturas abaixo de -12\u00b0C, garantindo maior vida \u00fatil para armazenamento e transporte a longas dist\u00e2ncias. J\u00e1 o frango resfriado \u00e9 mantido entre 0\u00b0C e 4\u00b0C, com validade de 5 a 7 dias, oferecendo textura e sabor mais pr\u00f3ximos do fresco, ideal para consumidores exigentes e restaurantes.<\/p>\n<p>\t\t\t\t\t\t\t\t\t\t<img decoding=\"async\" src=\"https:\/\/brasil61.com\/api\/v1\/serve_pixel\/22254\/86636\" alt=\"Pixel Brasil 61\" class=\"b61_pixel\" width=\"0\" height=\"0\"><\/p>\n<div class=\"br61_backlink\">\n<p>\n\t\t\t\tFonte: <a href=\"https:\/\/brasil61.com\/preco-do-boi-gordo-hoje-confira-as-cotacoes-para-terca-feira-23-pagr256005\" title=\"Artigo Original: Pre\u00e7o do boi gordo hoje: confira as cota\u00e7\u00f5es para ter\u00e7a-feira (23)\" target=\"_blank\" rel=\"noopener\">Brasil 61<\/a>\n\t\t\t<\/p>\n<\/p><\/div>\n<input type=\"hidden\" id=\"baseurl\" value=\"https:\/\/noticiasregionais.com.br\"><input type=\"hidden\" id=\"audio_nonce\" value=\"296231ceac\">","protected":false},"excerpt":{"rendered":"<p>Mercadorias apresentam reajuste no valor<\/p>\n","protected":false},"author":1,"featured_media":11899,"comment_status":"","ping_status":"open","sticky":false,"template":"","format":"standard","meta":{"sfsi_plus_gutenberg_text_before_share":"","sfsi_plus_gutenberg_show_text_before_share":"","sfsi_plus_gutenberg_icon_type":"","sfsi_plus_gutenberg_icon_alignemt":"","sfsi_plus_gutenburg_max_per_row":"","footnotes":""},"categories":[8],"tags":[],"class_list":["post-11898","post","type-post","status-publish","format-standard","has-post-thumbnail","hentry","category-brasil"],"_links":{"self":[{"href":"https:\/\/noticiasregionais.com.br\/index.php?rest_route=\/wp\/v2\/posts\/11898","targetHints":{"allow":["GET"]}}],"collection":[{"href":"https:\/\/noticiasregionais.com.br\/index.php?rest_route=\/wp\/v2\/posts"}],"about":[{"href":"https:\/\/noticiasregionais.com.br\/index.php?rest_route=\/wp\/v2\/types\/post"}],"author":[{"embeddable":true,"href":"https:\/\/noticiasregionais.com.br\/index.php?rest_route=\/wp\/v2\/users\/1"}],"replies":[{"embeddable":true,"href":"https:\/\/noticiasregionais.com.br\/index.php?rest_route=%2Fwp%2Fv2%2Fcomments&post=11898"}],"version-history":[{"count":0,"href":"https:\/\/noticiasregionais.com.br\/index.php?rest_route=\/wp\/v2\/posts\/11898\/revisions"}],"wp:featuredmedia":[{"embeddable":true,"href":"https:\/\/noticiasregionais.com.br\/index.php?rest_route=\/wp\/v2\/media\/11899"}],"wp:attachment":[{"href":"https:\/\/noticiasregionais.com.br\/index.php?rest_route=%2Fwp%2Fv2%2Fmedia&parent=11898"}],"wp:term":[{"taxonomy":"category","embeddable":true,"href":"https:\/\/noticiasregionais.com.br\/index.php?rest_route=%2Fwp%2Fv2%2Fcategories&post=11898"},{"taxonomy":"post_tag","embeddable":true,"href":"https:\/\/noticiasregionais.com.br\/index.php?rest_route=%2Fwp%2Fv2%2Ftags&post=11898"}],"curies":[{"name":"wp","href":"https:\/\/api.w.org\/{rel}","templated":true}]}}