{"id":11900,"date":"2025-12-23T04:20:00","date_gmt":"2025-12-23T07:20:00","guid":{"rendered":"https:\/\/noticiasregionais.com.br\/?p=11900"},"modified":"2025-12-23T04:20:00","modified_gmt":"2025-12-23T07:20:00","slug":"brasil-registra-166-milhao-de-casos-provaveis-de-dengue-em-2025","status":"publish","type":"post","link":"https:\/\/noticiasregionais.com.br\/?p=11900","title":{"rendered":"Brasil registra 1,66 milh\u00e3o de casos prov\u00e1veis de dengue em 2025"},"content":{"rendered":"<p>\t\t\t\t\t\t\t\t\t\t\t<audio controls class=\"b61_audio_player\" data-noticia=\"86634\" src=\"https:\/\/brasil61.com\/rails\/active_storage\/blobs\/eyJfcmFpbHMiOnsibWVzc2FnZSI6IkJBaHBBM2phQXc9PSIsImV4cCI6bnVsbCwicHVyIjoiYmxvYl9pZCJ9fQ==--cbd523b9a695e978c6f1cf838660a37f432c468c\/BRAS2515393A\"><\/audio><\/p>\n<p>O <strong>Brasil registrou 1.660.190 casos prov\u00e1veis de dengue em 2025<\/strong>, segundo a atualiza\u00e7\u00e3o mais recente do <a href=\"https:\/\/www.gov.br\/saude\/pt-br\" target=\"_blank\" rel=\"noopener\">Minist\u00e9rio da Sa\u00fade<\/a>. No mesmo per\u00edodo, a doen\u00e7a provocou <strong>1.762 mortes<\/strong>, enquanto outros <strong>200 \u00f3bitos ainda est\u00e3o sob investiga\u00e7\u00e3o<\/strong>. Os dados constam no <a href=\"https:\/\/www.gov.br\/saude\/pt-br\/assuntos\/saude-de-a-a-z\/a\/aedes-aegypti\/monitoramento-das-arboviroses\" target=\"_blank\" rel=\"noopener\">Painel de Monitoramento das Arboviroses<\/a> da pasta.<\/p>\n<p>Segundo o minist\u00e9rio, esses n\u00fameros representam uma <strong>queda de 75% nos casos prov\u00e1veis de dengue e 72% no n\u00famero de mortes em rela\u00e7\u00e3o a 2024<\/strong>, quando foram contabilizados 6.563.561 casos prov\u00e1veis e 6.321 \u00f3bitos.<\/p>\n<h2>Recortes por regi\u00e3o e estado<\/h2>\n<p>Entre as regi\u00f5es do pa\u00eds, o <strong>Sudeste lidera em n\u00famero de casos prov\u00e1veis, com 1.132.304 registros<\/strong>, seguido pelo <strong>Sul (222.171)<\/strong>, <strong>Centro-Oeste (162.441)<\/strong>, <strong>Nordeste (102.647) <\/strong>e <strong>Norte (40.643)<\/strong>.<\/p>\n<p>O mesmo padr\u00e3o se repete em rela\u00e7\u00e3o aos \u00f3bitos. O <strong>Sudeste concentra o maior n\u00famero de mortes por dengue<\/strong>, com <strong>1.288 registros<\/strong>. Em seguida aparecem as regi\u00f5es <strong>Sul (219)<\/strong>, <strong>Centro-Oeste (145)<\/strong>, <strong>Nordeste (64)<\/strong> e <strong>Norte (46)<\/strong>.<\/p>\n<p><strong>Confira os casos prov\u00e1veis por estado:<\/strong><\/p>\n<ul>\n<li><strong>SP<\/strong>: 900.677<\/li>\n<li><strong>MG<\/strong>: 167.400<\/li>\n<li><strong>PR<\/strong>: 110.896<\/li>\n<li><strong>GO<\/strong>: 101.795<\/li>\n<li><strong>RS<\/strong>: 85.220<\/li>\n<li><strong>MT<\/strong>: 35.393<\/li>\n<li><strong>ES<\/strong>: 34.727<\/li>\n<li><strong>BA<\/strong>: 32.673<\/li>\n<li><strong>RJ<\/strong>: 29.496<\/li>\n<li><strong>SC<\/strong>: 26.051<\/li>\n<li><strong>PE<\/strong>: 22.642<\/li>\n<li><strong>PA<\/strong>: 17.573<\/li>\n<li><strong>MS<\/strong>: 14.153<\/li>\n<li><strong>DF<\/strong>: 11.096<\/li>\n<li><strong>RN<\/strong>: 9.764<\/li>\n<li><strong>PI<\/strong>: 9.192<\/li>\n<li><strong>AC<\/strong>: 9.001<\/li>\n<li><strong>AL<\/strong>: 7.952<\/li>\n<li><strong>PB<\/strong>: 7.654<\/li>\n<li><strong>CE<\/strong>: 6.022<\/li>\n<li><strong>MA<\/strong>: 5.577<\/li>\n<li><strong>AM<\/strong>: 5.328<\/li>\n<li><strong>TO<\/strong>: 3.403<\/li>\n<li><strong>AP<\/strong>: 2.471<\/li>\n<li><strong>RO<\/strong>: 2.379<\/li>\n<li><strong>SE<\/strong>: 1.167<\/li>\n<li><strong>RR<\/strong>: 484<\/li>\n<\/ul>\n<h2>SUS adquire 3,9 milh\u00f5es de doses da vacina contra dengue<\/h2>\n<p>Na \u00faltima sexta-feira (19), o Minist\u00e9rio da Sa\u00fade assinou um contrato para a compra da <strong>primeira vacina contra a dengue de dose \u00fanica do mundo, produzida 100% no Brasil <\/strong>pelo Instituto Butantan. O investimento \u00e9 de R$ 368 milh\u00f5es para a aquisi\u00e7\u00e3o de <strong>3,9 milh\u00f5es de doses<\/strong>, que ser\u00e3o <strong>ofertadas exclusivamente pelo Sistema \u00danico de Sa\u00fade (SUS) a partir de 2026<\/strong>.<\/p>\n<p>O novo imunizante protege contra os quatro sorotipos da dengue e apresenta <strong>efic\u00e1cia de 74,7% contra a forma sintom\u00e1tica <\/strong>da doen\u00e7a em pessoas de 12 a 59 anos. Al\u00e9m disso, oferece <strong>89% de prote\u00e7\u00e3o contra casos graves<\/strong> e com sinais de alarme.<\/p>\n<p>Para o infectologista <strong>Julival Ribeiro<\/strong>, membro da Sociedade Brasileira de Infectologia, a iniciativa representa um avan\u00e7o significativo no combate \u00e0 doen\u00e7a. \u201cEssa vacina pode ser aplicada em dose \u00fanica, o que \u00e9 uma diferen\u00e7a muito importante em rela\u00e7\u00e3o \u00e0s outras dispon\u00edveis no mundo. Isso \u00e9 muito importante, porque <strong>ajuda na ader\u00eancia da popula\u00e7\u00e3o a ser vacinada<\/strong>\u201d, ressalta.<\/p>\n<h2>Prioridade para profissionais de sa\u00fade<\/h2>\n<p>Do total de doses adquiridas, <strong>1,3 milh\u00e3o ser\u00e3o destinadas prioritariamente aos profissionais da Aten\u00e7\u00e3o Prim\u00e1ria \u00e0 Sa\u00fade que atuam na linha de frente do SUS<\/strong>. Est\u00e3o inclu\u00eddos <strong>agentes comunit\u00e1rios de sa\u00fade, agentes de combate \u00e0s endemias, enfermeiros, t\u00e9cnicos de enfermagem e m\u00e9dicos que realizam visitas domiciliares<\/strong>. A estrat\u00e9gia deve come\u00e7ar no fim de janeiro de 2026.<\/p>\n<p>A agente de sa\u00fade <strong>Naita de Souza<\/strong>, de Arceburgo, no sul de Minas Gerais, relata que a Secretaria Municipal de Sa\u00fade j\u00e1 entrou em contato com o Minist\u00e9rio da Sa\u00fade, mas ainda n\u00e3o h\u00e1 previs\u00e3o para o recebimento das doses. Mesmo assim, ela afirma estar ansiosa para se vacinar.<\/p>\n<p>\u201cEu j\u00e1 tive dengue, os sintomas s\u00e3o horr\u00edveis. Se vai ter uma vacina que vai nos proteger contra a dengue, para evitar de ter os sintomas que eu tive, eu prefiro tomar, me cuidar e me proteger\u201d, conta.<\/p>\n<h2>Amplia\u00e7\u00e3o da cobertura vacinal<\/h2>\n<p>Com a chegada das doses, o Minist\u00e9rio da Sa\u00fade adotar\u00e1, j\u00e1 no in\u00edcio de 2026, uma estrat\u00e9gia para avaliar o impacto do novo imunizante na din\u00e2mica de transmiss\u00e3o da dengue. A a\u00e7\u00e3o prev\u00ea uma acelera\u00e7\u00e3o da vacina\u00e7\u00e3o em dois munic\u00edpios-piloto: <strong>Botucatu (SP) e Maranguape (CE)<\/strong>, com p\u00fablico-alvo formado por adolescentes e adultos de 15 a 59 anos. Uma terceira cidade, <strong>Nova Lima (MG)<\/strong>, tamb\u00e9m poder\u00e1 integrar a iniciativa.<\/p>\n<p>A <strong>vacina\u00e7\u00e3o da popula\u00e7\u00e3o em geral est\u00e1 condicionada ao aumento da produ\u00e7\u00e3o do imunizante<\/strong>, viabilizado por uma parceria estrat\u00e9gica entre Brasil e China. O acordo prev\u00ea a transfer\u00eancia da tecnologia desenvolvida pelo Instituto Butantan para a <strong>empresa chinesa WuXi Vaccines<\/strong>, o que pode ampliar a produ\u00e7\u00e3o nacional em at\u00e9 30 vezes.<\/p>\n<p>A estrat\u00e9gia de imuniza\u00e7\u00e3o come\u00e7ar\u00e1 pelos <strong>adultos a partir de 59 anos<\/strong>, com <strong>amplia\u00e7\u00e3o gradual para faixas et\u00e1rias mais jovens<\/strong>, at\u00e9 alcan\u00e7ar pessoas a partir de 15 anos.<\/p>\n<p>Atualmente, o SUS tamb\u00e9m disponibiliza a vacina contra a dengue produzida por um laborat\u00f3rio japon\u00eas, indicada para adolescentes de 10 a 14 anos e aplicada em duas doses. Desde a incorpora\u00e7\u00e3o do imunizante, em 2024, 7,4 milh\u00f5es de doses j\u00e1 foram aplicadas. Entre 2024 e 2025, foram distribu\u00eddas 11,1 milh\u00f5es de doses, das quais 7,8 milh\u00f5es foram efetivamente administradas.<\/p>\n<h2>Preven\u00e7\u00e3o continua essencial<\/h2>\n<p>Em novembro deste ano, o Minist\u00e9rio da Sa\u00fade lan\u00e7ou a campanha nacional <a href=\"https:\/\/www.gov.br\/saude\/pt-br\/campanhas-da-saude\/2025\/mosquito\" target=\"_blank\" rel=\"noopener\"><strong>\u201cN\u00e3o d\u00ea chance para dengue, zika e chikungunya\u201d<\/strong><\/a>, voltada \u00e0 preven\u00e7\u00e3o das arboviroses. A campanha segue em andamento. O enfrentamento dessas doen\u00e7as depende da atua\u00e7\u00e3o conjunta entre governo e sociedade. Entre as principais medidas de preven\u00e7\u00e3o est\u00e3o:<\/p>\n<ul>\n<li>uso de telas em janelas e repelentes em \u00e1reas de transmiss\u00e3o;<\/li>\n<li>elimina\u00e7\u00e3o de recipientes que possam acumular \u00e1gua e se tornar criadouro do mosquito Aedes Aegypti;<\/li>\n<li>veda\u00e7\u00e3o de caixas d\u2019\u00e1gua e reservat\u00f3rios;<\/li>\n<li>limpeza de calhas, lajes e ralos;<\/li>\n<li>apoio \u00e0s a\u00e7\u00f5es de controle realizadas pelos profissionais do SUS.<\/li>\n<\/ul>\n<p><strong>VEJA MAIS:<\/strong><\/p>\n<ul>\n<li><a href=\"https:\/\/brasil61.com\/n\/primeira-vacina-100-nacional-contra-a-dengue-e-aprovada-pela-anvisa-bras2515226\" target=\"_blank\" rel=\"noopener\">Primeira vacina 100% nacional contra a dengue \u00e9 aprovada pela Anvisa<\/a><\/li>\n<li><a href=\"http:\/\/google.com\/url?q=https:\/\/brasil61.com\/n\/mesmo-com-queda-de-75-nos-casos-ministerio-da-saude-mantem-alerta-contra-dengue-bras2515073&amp;sa=D&amp;source=docs&amp;ust=1766435730832431&amp;usg=AOvVaw0XWMGXrAPI-U-eYPMsO4hu\" target=\"_blank\" rel=\"noopener\">Mesmo com queda de 75% nos casos, Minist\u00e9rio da Sa\u00fade mant\u00e9m alerta contra dengue<\/a><\/li>\n<\/ul>\n<p>\t\t\t\t\t\t\t\t\t\t<img decoding=\"async\" src=\"https:\/\/brasil61.com\/api\/v1\/serve_pixel\/22254\/86634\" alt=\"Pixel Brasil 61\" class=\"b61_pixel\" width=\"0\" height=\"0\"><\/p>\n<div class=\"br61_backlink\">\n<p>\n\t\t\t\tFonte: <a href=\"https:\/\/brasil61.com\/brasil-registra-1-66-milhao-de-casos-provaveis-de-dengue-em-2025-bras2515393\" title=\"Artigo Original: Brasil registra 1,66 milh\u00e3o de casos prov\u00e1veis de dengue em 2025\" target=\"_blank\" rel=\"noopener\">Brasil 61<\/a>\n\t\t\t<\/p>\n<\/p><\/div>\n<input type=\"hidden\" id=\"baseurl\" value=\"https:\/\/noticiasregionais.com.br\"><input type=\"hidden\" id=\"audio_nonce\" value=\"d4b05dd706\">","protected":false},"excerpt":{"rendered":"<p>N\u00famero representa queda de 75% em rela\u00e7\u00e3o a 2024; SUS aposta em vacina nacional de dose \u00fanica para ampliar a preven\u00e7\u00e3o<\/p>\n","protected":false},"author":1,"featured_media":11901,"comment_status":"","ping_status":"open","sticky":false,"template":"","format":"standard","meta":{"sfsi_plus_gutenberg_text_before_share":"","sfsi_plus_gutenberg_show_text_before_share":"","sfsi_plus_gutenberg_icon_type":"","sfsi_plus_gutenberg_icon_alignemt":"","sfsi_plus_gutenburg_max_per_row":"","footnotes":""},"categories":[8],"tags":[],"class_list":["post-11900","post","type-post","status-publish","format-standard","has-post-thumbnail","hentry","category-brasil"],"_links":{"self":[{"href":"https:\/\/noticiasregionais.com.br\/index.php?rest_route=\/wp\/v2\/posts\/11900","targetHints":{"allow":["GET"]}}],"collection":[{"href":"https:\/\/noticiasregionais.com.br\/index.php?rest_route=\/wp\/v2\/posts"}],"about":[{"href":"https:\/\/noticiasregionais.com.br\/index.php?rest_route=\/wp\/v2\/types\/post"}],"author":[{"embeddable":true,"href":"https:\/\/noticiasregionais.com.br\/index.php?rest_route=\/wp\/v2\/users\/1"}],"replies":[{"embeddable":true,"href":"https:\/\/noticiasregionais.com.br\/index.php?rest_route=%2Fwp%2Fv2%2Fcomments&post=11900"}],"version-history":[{"count":0,"href":"https:\/\/noticiasregionais.com.br\/index.php?rest_route=\/wp\/v2\/posts\/11900\/revisions"}],"wp:featuredmedia":[{"embeddable":true,"href":"https:\/\/noticiasregionais.com.br\/index.php?rest_route=\/wp\/v2\/media\/11901"}],"wp:attachment":[{"href":"https:\/\/noticiasregionais.com.br\/index.php?rest_route=%2Fwp%2Fv2%2Fmedia&parent=11900"}],"wp:term":[{"taxonomy":"category","embeddable":true,"href":"https:\/\/noticiasregionais.com.br\/index.php?rest_route=%2Fwp%2Fv2%2Fcategories&post=11900"},{"taxonomy":"post_tag","embeddable":true,"href":"https:\/\/noticiasregionais.com.br\/index.php?rest_route=%2Fwp%2Fv2%2Ftags&post=11900"}],"curies":[{"name":"wp","href":"https:\/\/api.w.org\/{rel}","templated":true}]}}