{"id":11902,"date":"2025-12-23T04:40:00","date_gmt":"2025-12-23T07:40:00","guid":{"rendered":"https:\/\/noticiasregionais.com.br\/?p=11902"},"modified":"2025-12-23T04:40:00","modified_gmt":"2025-12-23T07:40:00","slug":"operacao-fim-de-ano-anac-reforca-numero-de-servidores-nos-aeroportos","status":"publish","type":"post","link":"https:\/\/noticiasregionais.com.br\/?p=11902","title":{"rendered":"Opera\u00e7\u00e3o Fim de Ano: Anac refor\u00e7a n\u00famero de servidores nos aeroportos"},"content":{"rendered":"<p>\t\t\t\t\t\t\t\t\t\t\t<audio controls class=\"b61_audio_player\" data-noticia=\"86624\" src=\"https:\/\/brasil61.com\/rails\/active_storage\/blobs\/eyJfcmFpbHMiOnsibWVzc2FnZSI6IkJBaHBBMXphQXc9PSIsImV4cCI6bnVsbCwicHVyIjoiYmxvYl9pZCJ9fQ==--8e9873df0c73e3759c17eb1bee4e34190d6cddab\/BRAS2515391A\"><\/audio><\/p>\n<p>Com o <strong>aumento do fluxo de passageiros nos aeroportos durante o per\u00edodo de Natal e R\u00e9veillon<\/strong>, a <a href=\"https:\/\/www.gov.br\/anac\/pt-br\/noticias\/2025\/anac-e-mpor-reforcam-fiscalizacao-para-garantir-normalidade-nos-aeroportos-durante-periodo-de-festas\" target=\"_blank\" rel=\"noopener\">Ag\u00eancia Nacional de Avia\u00e7\u00e3o Civil (Anac)<\/a> deu in\u00edcio a mais uma edi\u00e7\u00e3o da <strong>Opera\u00e7\u00e3o Fim de Ano<\/strong>. At\u00e9 o dia <strong>5 de janeiro, terminais considerados de maior movimenta\u00e7\u00e3o, localizados em 15 estados, contar\u00e3o com refor\u00e7o de servidores da Anac<\/strong>, que atuar\u00e3o de forma descaracterizada.<\/p>\n<p>A a\u00e7\u00e3o tem como objetivo monitorar a movimenta\u00e7\u00e3o nos aeroportos durante o per\u00edodo de maior fluxo e garantir a presta\u00e7\u00e3o adequada e segura do servi\u00e7o de transporte a\u00e9reo aos passageiros. A iniciativa \u00e9 realizada em parceria com o <a href=\"https:\/\/www.gov.br\/portos-e-aeroportos\/pt-br\" target=\"_blank\" rel=\"noopener\">Minist\u00e9rio de Portos e Aeroportos (MPor)<\/a>, a <a href=\"https:\/\/abr.aero\/pt\/\" target=\"_blank\" rel=\"noopener\">Aeroportos Brasil (ABR)<\/a> e a <a href=\"https:\/\/www.abear.com.br\/\" target=\"_blank\" rel=\"noopener\">Associa\u00e7\u00e3o Brasileira das Empresas A\u00e9reas (Abear)<\/a>.<\/p>\n<p>A Anac orienta os passageiros a ficarem atentos \u00e0s regras e orienta\u00e7\u00f5es previstas nas <a href=\"https:\/\/www.anac.gov.br\/assuntos\/legislacao\/legislacao-1\/resolucoes\/resolucoes-2016\/resolucao-no-400-13-12-2016\" target=\"_blank\" rel=\"noopener\">Resolu\u00e7\u00f5es n\u00ba 400\/2016<\/a> e <a href=\"https:\/\/www.anac.gov.br\/assuntos\/legislacao\/legislacao-1\/resolucoes\/resolucoes-2013\/resolucao-no-280-de-11-07-2013\" target=\"_blank\" rel=\"noopener\">n\u00ba 280\/2013<\/a>, que tratam, respectivamente, da assist\u00eancia aos usu\u00e1rios em casos de <strong>atrasos e cancelamentos de voos<\/strong> e da <strong>acessibilidade de passageiros com necessidades especiais<\/strong>. As normas s\u00e3o v\u00e1lidas para todos os aeroportos do pa\u00eds.<\/p>\n<h2>Opera\u00e7\u00e3o Fim de Ano 2024\/2025<\/h2>\n<p>No mesmo per\u00edodo do <strong>ano passado<\/strong>, a <strong>Anac fiscalizou 76 bases de empresas a\u00e9reas e 30 operadores aeroportu\u00e1rios<\/strong>. Em nota, o diretor-presidente da ag\u00eancia, <strong>Tiago Faierstein<\/strong>, destacou a necessidade de aten\u00e7\u00e3o redobrada durante a alta temporada. \u201cA Anac est\u00e1 atenta para assegurar aos usu\u00e1rios do transporte a\u00e9reo tranquilidade e seguran\u00e7a nas viagens\u201d, garante.<\/p>\n<p><strong>VEJA MAIS:<\/strong><\/p>\n<ul>\n<li><a href=\"https:\/\/brasil61.com\/n\/sudeste-registra-recorde-mensal-de-passageiros-e-reforca-papel-estrategico-na-aviacao-brasileira-mpor250143\" target=\"_blank\" rel=\"noopener\">Sudeste registra recorde mensal de passageiros e refor\u00e7a papel estrat\u00e9gico na avia\u00e7\u00e3o brasileira<\/a><\/li>\n<li><a href=\"https:\/\/brasil61.com\/n\/aeroportos-do-brasil-superam-106-milhoes-de-passageiros-em-2025-mpor250133\" target=\"_blank\" rel=\"noopener\">Aeroportos do Brasil superam 106 milh\u00f5es de passageiros em 2025<\/a><\/li>\n<\/ul>\n<p>\t\t\t\t\t\t\t\t\t\t<img decoding=\"async\" src=\"https:\/\/brasil61.com\/api\/v1\/serve_pixel\/22254\/86624\" alt=\"Pixel Brasil 61\" class=\"b61_pixel\" width=\"0\" height=\"0\"><\/p>\n<div class=\"br61_backlink\">\n<p>\n\t\t\t\tFonte: <a href=\"https:\/\/brasil61.com\/operacao-fim-de-ano-anac-reforca-numero-de-servidores-nos-aeroportos-bras2515391\" title=\"Artigo Original: Opera\u00e7\u00e3o Fim de Ano: Anac refor\u00e7a n\u00famero de servidores nos aeroportos\" target=\"_blank\" rel=\"noopener\">Brasil 61<\/a>\n\t\t\t<\/p>\n<\/p><\/div>\n<input type=\"hidden\" id=\"baseurl\" value=\"https:\/\/noticiasregionais.com.br\"><input type=\"hidden\" id=\"audio_nonce\" value=\"5c13e0637f\">","protected":false},"excerpt":{"rendered":"<p>A\u00e7\u00e3o segue at\u00e9 5 de janeiro em terminais de maior movimento em 15 estados durante o per\u00edodo de Natal e R\u00e9veillon<\/p>\n","protected":false},"author":1,"featured_media":11903,"comment_status":"","ping_status":"open","sticky":false,"template":"","format":"standard","meta":{"sfsi_plus_gutenberg_text_before_share":"","sfsi_plus_gutenberg_show_text_before_share":"","sfsi_plus_gutenberg_icon_type":"","sfsi_plus_gutenberg_icon_alignemt":"","sfsi_plus_gutenburg_max_per_row":"","footnotes":""},"categories":[8],"tags":[],"class_list":["post-11902","post","type-post","status-publish","format-standard","has-post-thumbnail","hentry","category-brasil"],"_links":{"self":[{"href":"https:\/\/noticiasregionais.com.br\/index.php?rest_route=\/wp\/v2\/posts\/11902","targetHints":{"allow":["GET"]}}],"collection":[{"href":"https:\/\/noticiasregionais.com.br\/index.php?rest_route=\/wp\/v2\/posts"}],"about":[{"href":"https:\/\/noticiasregionais.com.br\/index.php?rest_route=\/wp\/v2\/types\/post"}],"author":[{"embeddable":true,"href":"https:\/\/noticiasregionais.com.br\/index.php?rest_route=\/wp\/v2\/users\/1"}],"replies":[{"embeddable":true,"href":"https:\/\/noticiasregionais.com.br\/index.php?rest_route=%2Fwp%2Fv2%2Fcomments&post=11902"}],"version-history":[{"count":0,"href":"https:\/\/noticiasregionais.com.br\/index.php?rest_route=\/wp\/v2\/posts\/11902\/revisions"}],"wp:featuredmedia":[{"embeddable":true,"href":"https:\/\/noticiasregionais.com.br\/index.php?rest_route=\/wp\/v2\/media\/11903"}],"wp:attachment":[{"href":"https:\/\/noticiasregionais.com.br\/index.php?rest_route=%2Fwp%2Fv2%2Fmedia&parent=11902"}],"wp:term":[{"taxonomy":"category","embeddable":true,"href":"https:\/\/noticiasregionais.com.br\/index.php?rest_route=%2Fwp%2Fv2%2Fcategories&post=11902"},{"taxonomy":"post_tag","embeddable":true,"href":"https:\/\/noticiasregionais.com.br\/index.php?rest_route=%2Fwp%2Fv2%2Ftags&post=11902"}],"curies":[{"name":"wp","href":"https:\/\/api.w.org\/{rel}","templated":true}]}}