{"id":11904,"date":"2025-12-23T19:00:00","date_gmt":"2025-12-23T22:00:00","guid":{"rendered":"https:\/\/noticiasregionais.com.br\/?p=11904"},"modified":"2025-12-26T21:31:36","modified_gmt":"2025-12-27T00:31:36","slug":"to-municipios-da-macrorregiao-de-saude-norte-mobilizados-para-elevar-vacinacao-de-criancas-e-adolescentes","status":"publish","type":"post","link":"https:\/\/noticiasregionais.com.br\/?p=11904","title":{"rendered":"TO: munic\u00edpios da Macrorregi\u00e3o de Sa\u00fade Norte mobilizados para elevar vacina\u00e7\u00e3o de crian\u00e7as e adolescentes"},"content":{"rendered":"<p>\t\t\t\t\t\t\t\t\t\t<audio controls class=\"b61_audio_player\" data-noticia=\"86518\" src=\"https:\/\/brasil61.com\/rails\/active_storage\/blobs\/eyJfcmFpbHMiOnsibWVzc2FnZSI6IkJBaHBBOWpaQXc9PSIsImV4cCI6bnVsbCwicHVyIjoiYmxvYl9pZCJ9fQ==--fc56978520b2cd4ae002eba75b5054b383f46a37\/VACI250309A\"><\/audio><\/p>\n<p>Os 64 munic\u00edpios da macrorregi\u00e3o de Sa\u00fade Norte do Tocantins \u2013 entre eles Araguaina, Araguatins, Campos Lindos, Goiatins e Guara\u00ed &#8211; seguem mobilizados na vacina\u00e7\u00e3o de crian\u00e7as e adolescentes.\u00a0<\/p>\n<p>As coberturas vacinais registradas desde janeiro na macrorregi\u00e3o preocupam. Diversas vacinas, como a de poliomielite e a tr\u00edplice viral, que protege contra o sarampo est\u00e3o abaixo da meta estabelecida pelo Minist\u00e9rio da Sa\u00fade.<\/p>\n<p>Em Guara\u00ed, a enfermeira e m\u00e3e de duas filhas Bruna Alves de Queiroz, de 32 anos, sabe bem a import\u00e2ncia da vacina\u00e7\u00e3o. A moradora do Setor Alvorada mant\u00e9m a caderna das crian\u00e7as sempre atualizado:<\/p>\n<p>\u201cTanto a minha primeira filha quanto a mais nova \u2018fazem\u2019 a vacina\u00e7\u00e3o, a preven\u00e7\u00e3o dessas doen\u00e7as imunopreven\u00edveis atrav\u00e9s da vacina disponibilizada na rede do SUS.\u201d\u00a0<\/p>\n<p>Segundo a Ger\u00eancia de Imuniza\u00e7\u00e3o do Estado, Tocantins tem intensificado a comunica\u00e7\u00e3o com pais e respons\u00e1veis por meio de campanhas educativas, materiais informativos, a\u00e7\u00f5es intersetoriais e mobiliza\u00e7\u00e3o das equipes municipais.\u00a0<\/p>\n<p>S\u00e3o refor\u00e7adas orienta\u00e7\u00f5es sobre a import\u00e2ncia da caderneta de vacina\u00e7\u00e3o como documento de sa\u00fade, a prote\u00e7\u00e3o coletiva proporcionada pela imuniza\u00e7\u00e3o e o risco de adoecimento quando h\u00e1 atrasos no esquema vacinal.\u00a0<\/p>\n<p>A gerente de Imuniza\u00e7\u00e3o do Estado, Marli Jer\u00f4nimo Rodrigues, refor\u00e7a o chamado:<\/p>\n<p>\u201cM\u00e3es e pais, venham vacinar seus filhos. \u00c9 importante que voc\u00eas mantenham a caderneta de vacina\u00e7\u00e3o dos seus filhos em dia. Procurem a Unidade de Sa\u00fade mais pr\u00f3xima para verificar o calend\u00e1rio vacinal e garantir que todas as doses necess\u00e1rias sejam aplicadas. Vacinar \u00e9 um gesto de responsabilidade, amor e cuidado com o futuro da sua fam\u00edlia.\u201d\u00a0<\/p>\n<p>O esfor\u00e7o \u00e9 para garantir a atualiza\u00e7\u00e3o da caderneta de vacina\u00e7\u00e3o de crian\u00e7as e adolescentes menores de 15 anos. As vacinas fazem parte do Calend\u00e1rio Nacional de Vacina\u00e7\u00e3o e est\u00e3o dispon\u00edveis durante todo o ano nas Unidades B\u00e1sicas de Sa\u00fade.\u00a0N\u00e3o deixe de se proteger e proteger aqueles que voc\u00ea ama!<\/p>\n<p>As vacinas para as crian\u00e7as garantem prote\u00e7\u00e3o contra doen\u00e7as como sarampo, poliomielite, tuberculose,\u00a0hepatite B, meningites,\u00a0difteria, t\u00e9tano, coqueluche, HPV,\u00a0febre amarela\u00a0e Covid-19.<\/p>\n<p>Para os adolescentes menores de 15 anos, o foco \u00e9 atualizar a situa\u00e7\u00e3o vacinal, completando os esquemas em atraso de suas vacinas. . \u00c9 importante lembrar que a vacina de HPV est\u00e1 dispon\u00edvel para jovens de 15 a 19 anos at\u00e9 dezembro deste ano. N\u00e3o perca a oportunidade de mais essa prote\u00e7\u00e3o!<\/p>\n<p>O diretor do Programa Nacional de Imuniza\u00e7\u00f5es, Eder Gatti, ressalta que a vacina\u00e7\u00e3o \u00e9 a melhor medida para manter o pa\u00eds livre as coberturas vacinais impede o retorno de das doen\u00e7as j\u00e1 controladas, como poliomielite e sarampo. Fa\u00e7a sua parte!<\/p>\n<p>\u201cTivemos grande \u00eaxito, mas n\u00e3o podemos deixar que essas doen\u00e7as retornem. Ent\u00e3o, \u00e9 muito importante que a popula\u00e7\u00e3o se vacine. As vacinas do SUS [Sistema \u00danico de Sa\u00fade] s\u00e3o muito boas, s\u00e3o seguras e protegem, o que \u00e9 mais importante. Ent\u00e3o, vacinar \u00e9 uma prote\u00e7\u00e3o individual, mas tamb\u00e9m prote\u00e7\u00e3o de toda a comunidade.\u201d<\/p>\n<p>Aten\u00e7\u00e3o, pais e respons\u00e1veis de Rond\u00f4nia! Atualizem a caderneta de vacina\u00e7\u00e3o de crian\u00e7as e adolescentes menores de 15 anos. Procurem uma Unidade B\u00e1sica de Sa\u00fade e mantenham a prote\u00e7\u00e3o em dia.<\/p>\n<p>Saiba mais em gov.br\/vacinacao.<\/p>\n<p>\u00a0<\/p>\n<p>\u00a0<\/p>\n<p>\t\t\t\t\t\t\t\t\t<img decoding=\"async\" src=\"https:\/\/brasil61.com\/api\/v1\/serve_pixel\/22254\/86518\" alt=\"Pixel Brasil 61\" class=\"b61_pixel\" width=\"0\" height=\"0\"><\/p>\n<div class=\"br61_backlink\">\n<p>\n\t\t\t\tFonte: <a href=\"https:\/\/brasil61.com\/to-municipios-da-macrorregiao-de-saude-norte-mobilizados-para-elevar-vacinacao-de-criancas-e-adolescentes-vaci250309\" title=\"Artigo Original: TO: munic\u00edpios da Macrorregi\u00e3o de Sa\u00fade Norte mobilizados para elevar vacina\u00e7\u00e3o de crian\u00e7as e adolescentes\" target=\"_blank\" rel=\"noopener\">Brasil 61<\/a>\n\t\t\t<\/p>\n<\/p><\/div>\n<input type=\"hidden\" id=\"baseurl\" value=\"https:\/\/noticiasregionais.com.br\"><input type=\"hidden\" id=\"audio_nonce\" value=\"5c13e0637f\">","protected":false},"excerpt":{"rendered":"<p>Pais, m\u00e3es e respons\u00e1veis, procurem a unidade de sa\u00fade mais pr\u00f3xima e levem crian\u00e7as e adolescentes para vacina\u00e7\u00e3o<\/p>\n","protected":false},"author":1,"featured_media":11950,"comment_status":"closed","ping_status":"open","sticky":false,"template":"","format":"standard","meta":{"sfsi_plus_gutenberg_text_before_share":"","sfsi_plus_gutenberg_show_text_before_share":"","sfsi_plus_gutenberg_icon_type":"","sfsi_plus_gutenberg_icon_alignemt":"","sfsi_plus_gutenburg_max_per_row":"","footnotes":""},"categories":[8],"tags":[],"class_list":["post-11904","post","type-post","status-publish","format-standard","has-post-thumbnail","hentry","category-brasil"],"_links":{"self":[{"href":"https:\/\/noticiasregionais.com.br\/index.php?rest_route=\/wp\/v2\/posts\/11904","targetHints":{"allow":["GET"]}}],"collection":[{"href":"https:\/\/noticiasregionais.com.br\/index.php?rest_route=\/wp\/v2\/posts"}],"about":[{"href":"https:\/\/noticiasregionais.com.br\/index.php?rest_route=\/wp\/v2\/types\/post"}],"author":[{"embeddable":true,"href":"https:\/\/noticiasregionais.com.br\/index.php?rest_route=\/wp\/v2\/users\/1"}],"replies":[{"embeddable":true,"href":"https:\/\/noticiasregionais.com.br\/index.php?rest_route=%2Fwp%2Fv2%2Fcomments&post=11904"}],"version-history":[{"count":1,"href":"https:\/\/noticiasregionais.com.br\/index.php?rest_route=\/wp\/v2\/posts\/11904\/revisions"}],"predecessor-version":[{"id":11949,"href":"https:\/\/noticiasregionais.com.br\/index.php?rest_route=\/wp\/v2\/posts\/11904\/revisions\/11949"}],"wp:featuredmedia":[{"embeddable":true,"href":"https:\/\/noticiasregionais.com.br\/index.php?rest_route=\/wp\/v2\/media\/11950"}],"wp:attachment":[{"href":"https:\/\/noticiasregionais.com.br\/index.php?rest_route=%2Fwp%2Fv2%2Fmedia&parent=11904"}],"wp:term":[{"taxonomy":"category","embeddable":true,"href":"https:\/\/noticiasregionais.com.br\/index.php?rest_route=%2Fwp%2Fv2%2Fcategories&post=11904"},{"taxonomy":"post_tag","embeddable":true,"href":"https:\/\/noticiasregionais.com.br\/index.php?rest_route=%2Fwp%2Fv2%2Ftags&post=11904"}],"curies":[{"name":"wp","href":"https:\/\/api.w.org\/{rel}","templated":true}]}}