{"id":11906,"date":"2025-12-23T19:00:00","date_gmt":"2025-12-23T22:00:00","guid":{"rendered":"https:\/\/noticiasregionais.com.br\/?p=11906"},"modified":"2025-12-26T21:31:31","modified_gmt":"2025-12-27T00:31:31","slug":"acre-macrorregiao-unica-de-saude-mantem-mobilizacao-para-aumentar-coberturas-vacinais-de-criancas-e-adolescentes","status":"publish","type":"post","link":"https:\/\/noticiasregionais.com.br\/?p=11906","title":{"rendered":"ACRE: Macrorregi\u00e3o \u00danica de sa\u00fade mant\u00e9m mobiliza\u00e7\u00e3o para aumentar coberturas vacinais de crian\u00e7as e adolescentes"},"content":{"rendered":"<p>\t\t\t\t\t\t\t\t\t\t<audio controls class=\"b61_audio_player\" data-noticia=\"86528\" src=\"https:\/\/brasil61.com\/rails\/active_storage\/blobs\/eyJfcmFpbHMiOnsibWVzc2FnZSI6IkJBaHBBOXZaQXc9PSIsImV4cCI6bnVsbCwicHVyIjoiYmxvYl9pZCJ9fQ==--38bf14e4f221c7838b9bb2bd8d7f255f88ad61aa\/VACI250310A\"><\/audio><\/p>\n<p>Os 22 munic\u00edpios da Macrorregi\u00e3o \u00danica de Sa\u00fade do Acre \u2013 entre eles Brasil\u00e9ia, Cruzeiro do Sul, Epitaciol\u00e2ndia, Rio Branco, Sena Madureira e Tarauac\u00e1 \u2013 seguem mobilizados na vacina\u00e7\u00e3o de crian\u00e7as e adolescentes.<\/p>\n<p>As coberturas vacinais registradas desde janeiro preocupam. Diversas vacinas, como a de poliomielite e a tr\u00edplice viral, que protege contra o sarampo, est\u00e3o abaixo da meta estabelecida pelo Minist\u00e9rio da Sa\u00fade.<\/p>\n<p>Em Cruzeiro do Sul, a t\u00e9cnica de laborat\u00f3rio Catiane Alencar, de 45 anos, mant\u00e9m a caderneta da filha, de 10 anos, sempre atualizada. Para a moradora do bairro Arthur Maia, vacinar \u00e9 um gesto de amor.<\/p>\n<p>\u201cMinha filha tem 10 anos, tomou todas as vacinas, todas as vacinas que t\u00eam na rede p\u00fablica. Acredito nas vacinas porque, hoje em dia, existem muitas doen\u00e7as que foram erradicadas a partir do surgimento das vacinas.\u201d<\/p>\n<p>Para ampliar a imuniza\u00e7\u00e3o, o estado Acre realiza uma classifica\u00e7\u00e3o de risco para cada munic\u00edpio. Com base nela, s\u00e3o definidas estrat\u00e9gias espec\u00edficas.\u00a0A informa\u00e7\u00e3o \u00e9 da coordenadora de imuniza\u00e7\u00e3o do Acre, Renata Aparecida Quiles.<\/p>\n<p>A Opera\u00e7\u00e3o Gota, vacina\u00e7\u00e3o realizada pela For\u00e7a A\u00e9rea com helic\u00f3ptero em \u00e1reas de dif\u00edcil acesso, \u00e9 uma dessas a\u00e7\u00f5es.\u00a0<\/p>\n<p>A coordenadora refor\u00e7a a import\u00e2ncia de manter o calend\u00e1rio vacinal em dia.<\/p>\n<p>\u201cPrecisa vacinar e vacinar na idade preconizada pelo Minist\u00e9rio da Sa\u00fade, com isso a crian\u00e7a obt\u00e9m a melhor resposta imunol\u00f3gica e com isso tamb\u00e9m resulta na diminui\u00e7\u00e3o da circula\u00e7\u00e3o das doen\u00e7as.\u201d<\/p>\n<p>O esfor\u00e7o \u00e9 para garantir a atualiza\u00e7\u00e3o da caderneta de vacina\u00e7\u00e3o de crian\u00e7as e adolescentes menores de 15 anos.<\/p>\n<p>As vacinas fazem parte do Calend\u00e1rio Nacional de Vacina\u00e7\u00e3o e est\u00e3o dispon\u00edveis durante todo o ano nas Unidades B\u00e1sicas de Sa\u00fade.\u00a0N\u00e3o deixe de se proteger e proteger aqueles que voc\u00ea ama!<\/p>\n<p>As vacinas para as crian\u00e7as garantem prote\u00e7\u00e3o contra doen\u00e7as como sarampo, poliomielite, tuberculose,\u00a0hepatite B, meningites,\u00a0difteria, t\u00e9tano, coqueluche, HPV,\u00a0febre amarela\u00a0e Covid-19.<\/p>\n<p>Para os adolescentes menores de 15 anos, o foco \u00e9 atualizar a situa\u00e7\u00e3o vacinal, completando os esquemas em atraso de suas vacinas. . \u00c9 importante lembrar que a vacina de HPV est\u00e1 dispon\u00edvel para jovens de 15 a 19 anos at\u00e9 dezembro deste ano. N\u00e3o perca a oportunidade de mais essa prote\u00e7\u00e3o!<\/p>\n<p>O diretor do Programa Nacional de Imuniza\u00e7\u00f5es, Eder Gatti, ressalta que a vacina\u00e7\u00e3o \u00e9 a melhor medida para manter o pa\u00eds livre as coberturas vacinais impede o retorno de das doen\u00e7as j\u00e1 controladas, como poliomielite e sarampo. Fa\u00e7a sua parte!<\/p>\n<p>\u201cTivemos grande \u00eaxito, mas n\u00e3o podemos deixar que essas doen\u00e7as retornem. Ent\u00e3o, \u00e9 muito importante que a popula\u00e7\u00e3o se vacine. As vacinas do SUS [Sistema \u00danico de Sa\u00fade] s\u00e3o muito boas, s\u00e3o seguras e protegem, o que \u00e9 mais importante. Ent\u00e3o, vacinar \u00e9 uma prote\u00e7\u00e3o individual, mas tamb\u00e9m prote\u00e7\u00e3o de toda a comunidade.\u201d<\/p>\n<p>Aten\u00e7\u00e3o, pais e respons\u00e1veis do Acre! Atualizem a caderneta de vacina\u00e7\u00e3o de crian\u00e7as e adolescentes menores de 15 anos. Procurem uma Unidade B\u00e1sica de Sa\u00fade e mantenham a prote\u00e7\u00e3o em dia.<\/p>\n<p>Saiba mais em gov.br\/vacinacao.<\/p>\n<p>\t\t\t\t\t\t\t\t\t<img decoding=\"async\" src=\"https:\/\/brasil61.com\/api\/v1\/serve_pixel\/22254\/86528\" alt=\"Pixel Brasil 61\" class=\"b61_pixel\" width=\"0\" height=\"0\"><\/p>\n<div class=\"br61_backlink\">\n<p>\n\t\t\t\tFonte: <a href=\"https:\/\/brasil61.com\/acre-macrorregiao-unica-de-saude-mantem-mobilizacao-para-aumentar-coberturas-vacinais-de-criancas-e-adolescentes-vaci250310\" title=\"Artigo Original: ACRE: Macrorregi\u00e3o \u00danica de sa\u00fade mant\u00e9m mobiliza\u00e7\u00e3o para aumentar coberturas vacinais de crian\u00e7as e adolescentes \" target=\"_blank\" rel=\"noopener\">Brasil 61<\/a>\n\t\t\t<\/p>\n<\/p><\/div>\n<input type=\"hidden\" id=\"baseurl\" value=\"https:\/\/noticiasregionais.com.br\"><input type=\"hidden\" id=\"audio_nonce\" value=\"5c13e0637f\">","protected":false},"excerpt":{"rendered":"<p>Pais, m\u00e3es e respons\u00e1veis, procurem postos de vacina\u00e7\u00e3o e vacinem crian\u00e7as e adolescentes<\/p>\n","protected":false},"author":1,"featured_media":11946,"comment_status":"closed","ping_status":"open","sticky":false,"template":"","format":"standard","meta":{"sfsi_plus_gutenberg_text_before_share":"","sfsi_plus_gutenberg_show_text_before_share":"","sfsi_plus_gutenberg_icon_type":"","sfsi_plus_gutenberg_icon_alignemt":"","sfsi_plus_gutenburg_max_per_row":"","footnotes":""},"categories":[8],"tags":[],"class_list":["post-11906","post","type-post","status-publish","format-standard","has-post-thumbnail","hentry","category-brasil"],"_links":{"self":[{"href":"https:\/\/noticiasregionais.com.br\/index.php?rest_route=\/wp\/v2\/posts\/11906","targetHints":{"allow":["GET"]}}],"collection":[{"href":"https:\/\/noticiasregionais.com.br\/index.php?rest_route=\/wp\/v2\/posts"}],"about":[{"href":"https:\/\/noticiasregionais.com.br\/index.php?rest_route=\/wp\/v2\/types\/post"}],"author":[{"embeddable":true,"href":"https:\/\/noticiasregionais.com.br\/index.php?rest_route=\/wp\/v2\/users\/1"}],"replies":[{"embeddable":true,"href":"https:\/\/noticiasregionais.com.br\/index.php?rest_route=%2Fwp%2Fv2%2Fcomments&post=11906"}],"version-history":[{"count":1,"href":"https:\/\/noticiasregionais.com.br\/index.php?rest_route=\/wp\/v2\/posts\/11906\/revisions"}],"predecessor-version":[{"id":11945,"href":"https:\/\/noticiasregionais.com.br\/index.php?rest_route=\/wp\/v2\/posts\/11906\/revisions\/11945"}],"wp:featuredmedia":[{"embeddable":true,"href":"https:\/\/noticiasregionais.com.br\/index.php?rest_route=\/wp\/v2\/media\/11946"}],"wp:attachment":[{"href":"https:\/\/noticiasregionais.com.br\/index.php?rest_route=%2Fwp%2Fv2%2Fmedia&parent=11906"}],"wp:term":[{"taxonomy":"category","embeddable":true,"href":"https:\/\/noticiasregionais.com.br\/index.php?rest_route=%2Fwp%2Fv2%2Fcategories&post=11906"},{"taxonomy":"post_tag","embeddable":true,"href":"https:\/\/noticiasregionais.com.br\/index.php?rest_route=%2Fwp%2Fv2%2Ftags&post=11906"}],"curies":[{"name":"wp","href":"https:\/\/api.w.org\/{rel}","templated":true}]}}