{"id":11908,"date":"2025-12-23T19:00:00","date_gmt":"2025-12-23T22:00:00","guid":{"rendered":"https:\/\/noticiasregionais.com.br\/?p=11908"},"modified":"2025-12-26T21:31:26","modified_gmt":"2025-12-27T00:31:26","slug":"to-pais-de-municipios-da-macrorregiao-de-saude-centro-sul-devem-atualizar-caderneta-de-vacinacao-de-criancas-e-adolescentes","status":"publish","type":"post","link":"https:\/\/noticiasregionais.com.br\/?p=11908","title":{"rendered":"TO: pais de munic\u00edpios da macrorregi\u00e3o de sa\u00fade Centro-Sul devem atualizar caderneta de vacina\u00e7\u00e3o de crian\u00e7as e adolescentes"},"content":{"rendered":"<p>\t\t\t\t\t\t\t\t\t\t<audio controls class=\"b61_audio_player\" data-noticia=\"86530\" src=\"https:\/\/brasil61.com\/rails\/active_storage\/blobs\/eyJfcmFpbHMiOnsibWVzc2FnZSI6IkJBaHBBMTdhQXc9PSIsImV4cCI6bnVsbCwicHVyIjoiYmxvYl9pZCJ9fQ==--45c18173f38b57392b790abf2c7f93741af480af\/VACI250311A\"><\/audio><\/p>\n<p>Os 75 munic\u00edpios da macrorregi\u00e3o Centro-Sul \u2013 entre eles Dian\u00f3polis, Gurupi, Palmas, Para\u00edso do Tocantins \u2013 seguem mobilizados na vacina\u00e7\u00e3o de crian\u00e7as e adolescentes.<\/p>\n<p>As coberturas vacinais registradas desde janeiro preocupam. Diversas vacinas, como a de poliomielite e a tr\u00edplice viral, que protege contra o sarampo, est\u00e3o abaixo da meta estabelecida pelo Minist\u00e9rio da Sa\u00fade.<\/p>\n<p>Em Dian\u00f3polis, no bairro Bela Vista, quem d\u00e1 o exemplo \u00e9 a dona de casa Halyne Melo Batista, de 29 anos. M\u00e3e de um pr\u00e9-adolescente de 11 anos e de uma menina de 7, ela faz quest\u00e3o de manter a vacina\u00e7\u00e3o dos filhos em dia. E explica o porqu\u00ea:<\/p>\n<p>\u201cAcredito [na vacina\u00e7\u00e3o] porque essa cren\u00e7a \u00e9 respaldada por d\u00e9cadas de evid\u00eancia cient\u00edfica. As vacinas s\u00e3o cruciais para o combate. Tamb\u00e9m controlam surtos de doen\u00e7as, como sarampo, caxumba e rub\u00e9ola.\u201d<\/p>\n<p>Segundo a Ger\u00eancia de Imuniza\u00e7\u00e3o do Estado, Tocantins tem intensificado a comunica\u00e7\u00e3o com pais e respons\u00e1veis por meio de campanhas educativas, materiais informativos, a\u00e7\u00f5es intersetoriais e mobiliza\u00e7\u00e3o das equipes municipais.\u00a0<\/p>\n<p>S\u00e3o refor\u00e7adas orienta\u00e7\u00f5es sobre a import\u00e2ncia da caderneta de vacina\u00e7\u00e3o como documento de sa\u00fade, a prote\u00e7\u00e3o coletiva proporcionada pela imuniza\u00e7\u00e3o e o risco de adoecimento quando h\u00e1 atrasos no esquema vacinal.\u00a0<\/p>\n<p>A gerente de Imuniza\u00e7\u00e3o do Estado, Marli Jer\u00f4nimo Rodrigues, refor\u00e7a o chamado:<\/p>\n<p>\u201cM\u00e3es e pais, venham vacinar seus filhos. \u00c9 importante que voc\u00eas mantenham a caderneta de vacina\u00e7\u00e3o dos seus filhos em dia. Procurem a Unidade de Sa\u00fade mais pr\u00f3xima para verificar o calend\u00e1rio vacinal e garantir que todas as doses necess\u00e1rias sejam aplicadas. Vacinar \u00e9 um gesto de responsabilidade, amor e cuidado com o futuro da sua fam\u00edlia.\u201d<\/p>\n<p>O esfor\u00e7o \u00e9 para garantir a atualiza\u00e7\u00e3o da caderneta de vacina\u00e7\u00e3o de crian\u00e7as e adolescentes menores de 15 anos. As vacinas fazem parte do Calend\u00e1rio Nacional de Vacina\u00e7\u00e3o e est\u00e3o dispon\u00edveis durante todo o ano nas Unidades B\u00e1sicas de Sa\u00fade.<\/p>\n<p>As vacinas para as crian\u00e7as garantem prote\u00e7\u00e3o contra doen\u00e7as como sarampo, poliomielite, tuberculose, difteria, t\u00e9tano, coqueluche, HPV e Covid-19.<\/p>\n<p>Para os adolescentes menores de 15 anos, o foco \u00e9 completar esquemas atrasados e aplicar vacinas contra o HPV, hepatite B e febre amarela, entre outras. \u00c9 importante lembrar que a vacina de HPV est\u00e1 dispon\u00edvel para jovens de 15 a 19 anos at\u00e9 dezembro deste ano.<\/p>\n<p>O diretor do Programa Nacional de Imuniza\u00e7\u00f5es, Eder Gatti, ressalta que manter as coberturas vacinais impede o retorno de doen\u00e7as j\u00e1 controladas, como poliomielite e sarampo.<\/p>\n<p>\u201cTivemos grande \u00eaxito, mas n\u00e3o podemos deixar que essas doen\u00e7as retornem. Ent\u00e3o, \u00e9 muito importante que a popula\u00e7\u00e3o se vacine. As vacinas do SUS [Sistema \u00danico de Sa\u00fade] s\u00e3o muito boas, s\u00e3o seguras e protegem, o que \u00e9 mais importante. Ent\u00e3o, vacinar \u00e9 uma prote\u00e7\u00e3o individual, mas tamb\u00e9m prote\u00e7\u00e3o de toda a comunidade.\u201d<\/p>\n<p>Aten\u00e7\u00e3o, pais e respons\u00e1veis do Tocantins! Atualizem a caderneta de vacina\u00e7\u00e3o de crian\u00e7as e adolescentes menores de 15 anos. Procurem uma Unidade B\u00e1sica de Sa\u00fade e mantenham a prote\u00e7\u00e3o em dia.<\/p>\n<p>Saiba mais em <a href=\"https:\/\/www.gov.br\/saude\/pt-br\/campanhas-da-saude\/vacinacao\" target=\"_blank\" rel=\"noopener\">gov.br\/vacinacao<\/a>.<\/p>\n<p>\t\t\t\t\t\t\t\t\t<img decoding=\"async\" src=\"https:\/\/brasil61.com\/api\/v1\/serve_pixel\/22254\/86530\" alt=\"Pixel Brasil 61\" class=\"b61_pixel\" width=\"0\" height=\"0\"><\/p>\n<div class=\"br61_backlink\">\n<p>\n\t\t\t\tFonte: <a href=\"https:\/\/brasil61.com\/to-pais-de-municipios-da-macrorregiao-de-saude-centro-sul-devem-atualizar-caderneta-de-vacinacao-de-criancas-e-adolescentes-vaci250311\" title=\"Artigo Original: TO: pais de munic\u00edpios da macrorregi\u00e3o de sa\u00fade Centro-Sul devem atualizar caderneta de vacina\u00e7\u00e3o de crian\u00e7as e adolescentes\" target=\"_blank\" rel=\"noopener\">Brasil 61<\/a>\n\t\t\t<\/p>\n<\/p><\/div>\n<input type=\"hidden\" id=\"baseurl\" value=\"https:\/\/noticiasregionais.com.br\"><input type=\"hidden\" id=\"audio_nonce\" value=\"296231ceac\">","protected":false},"excerpt":{"rendered":"<p>Pais, m\u00e3es e respons\u00e1veis, mantenham a caderneta de vacina\u00e7\u00e3o das crian\u00e7as e adolescentes em dia <\/p>\n","protected":false},"author":1,"featured_media":11944,"comment_status":"closed","ping_status":"open","sticky":false,"template":"","format":"standard","meta":{"sfsi_plus_gutenberg_text_before_share":"","sfsi_plus_gutenberg_show_text_before_share":"","sfsi_plus_gutenberg_icon_type":"","sfsi_plus_gutenberg_icon_alignemt":"","sfsi_plus_gutenburg_max_per_row":"","footnotes":""},"categories":[8],"tags":[],"class_list":["post-11908","post","type-post","status-publish","format-standard","has-post-thumbnail","hentry","category-brasil"],"_links":{"self":[{"href":"https:\/\/noticiasregionais.com.br\/index.php?rest_route=\/wp\/v2\/posts\/11908","targetHints":{"allow":["GET"]}}],"collection":[{"href":"https:\/\/noticiasregionais.com.br\/index.php?rest_route=\/wp\/v2\/posts"}],"about":[{"href":"https:\/\/noticiasregionais.com.br\/index.php?rest_route=\/wp\/v2\/types\/post"}],"author":[{"embeddable":true,"href":"https:\/\/noticiasregionais.com.br\/index.php?rest_route=\/wp\/v2\/users\/1"}],"replies":[{"embeddable":true,"href":"https:\/\/noticiasregionais.com.br\/index.php?rest_route=%2Fwp%2Fv2%2Fcomments&post=11908"}],"version-history":[{"count":1,"href":"https:\/\/noticiasregionais.com.br\/index.php?rest_route=\/wp\/v2\/posts\/11908\/revisions"}],"predecessor-version":[{"id":11943,"href":"https:\/\/noticiasregionais.com.br\/index.php?rest_route=\/wp\/v2\/posts\/11908\/revisions\/11943"}],"wp:featuredmedia":[{"embeddable":true,"href":"https:\/\/noticiasregionais.com.br\/index.php?rest_route=\/wp\/v2\/media\/11944"}],"wp:attachment":[{"href":"https:\/\/noticiasregionais.com.br\/index.php?rest_route=%2Fwp%2Fv2%2Fmedia&parent=11908"}],"wp:term":[{"taxonomy":"category","embeddable":true,"href":"https:\/\/noticiasregionais.com.br\/index.php?rest_route=%2Fwp%2Fv2%2Fcategories&post=11908"},{"taxonomy":"post_tag","embeddable":true,"href":"https:\/\/noticiasregionais.com.br\/index.php?rest_route=%2Fwp%2Fv2%2Ftags&post=11908"}],"curies":[{"name":"wp","href":"https:\/\/api.w.org\/{rel}","templated":true}]}}